{"id":302123,"date":"2025-08-07T06:41:10","date_gmt":"2025-08-07T06:41:10","guid":{"rendered":"https:\/\/www.europesays.com\/fr\/302123\/"},"modified":"2025-08-07T06:41:10","modified_gmt":"2025-08-07T06:41:10","slug":"a-paris-coup-daccelerateur-sur-la-renovation-du-parc-social-olympiades-un-emblematique-chantier","status":"publish","type":"post","link":"https:\/\/www.europesays.com\/fr\/302123\/","title":{"rendered":"\u00c0 Paris, coup d\u2019acc\u00e9l\u00e9rateur sur la r\u00e9novation du parc social\u00a0: Olympiades, un embl\u00e9matique chantier"},"content":{"rendered":"<p class=\"paragraph text_align_left lp-f-body-02\">Changement des fen\u00eatres en PVC par de l\u2019aluminium et du bois, isolation par l\u2019int\u00e9rieur et l\u2019ext\u00e9rieur des fa\u00e7ades, de la toiture et des planchers, installations de volets \u00e9lectriques pour prot\u00e9ger les logements de la chaleur, remplacement du r\u00e9seau de chauffage et des syst\u00e8mes de ventilation\u2026 La r\u00e9novation financ\u00e9e pour 30 % par la Ville de Paris se fera en site occup\u00e9 et devrait s\u2019achever en 2027 pour les deux tours, et en 2030 pour l\u2019ensemble du parc social de ce quartier de 12 000 habitants.<\/p>\n","protected":false},"excerpt":{"rendered":"Changement des fen\u00eatres en PVC par de l\u2019aluminium et du bois, isolation par l\u2019int\u00e9rieur et l\u2019ext\u00e9rieur des fa\u00e7ades,&hellip;\n","protected":false},"author":2,"featured_media":302124,"comment_status":"","ping_status":"","sticky":false,"template":"","format":"standard","meta":{"footnotes":""},"categories":[1888],"tags":[11,1777,674,1011,27,3746,1944,12,626,25],"class_list":{"0":"post-302123","1":"post","2":"type-post","3":"status-publish","4":"format-standard","5":"has-post-thumbnail","7":"category-paris","8":"tag-actualites","9":"tag-eu","10":"tag-europe","11":"tag-fr","12":"tag-france","13":"tag-futurs","14":"tag-ma-ville","15":"tag-news","16":"tag-paris","17":"tag-republique-francaise"},"share_on_mastodon":{"url":"https:\/\/pubeurope.com\/@fr\/114986122479373070","error":""},"_links":{"self":[{"href":"https:\/\/www.europesays.com\/fr\/wp-json\/wp\/v2\/posts\/302123","targetHints":{"allow":["GET"]}}],"collection":[{"href":"https:\/\/www.europesays.com\/fr\/wp-json\/wp\/v2\/posts"}],"about":[{"href":"https:\/\/www.europesays.com\/fr\/wp-json\/wp\/v2\/types\/post"}],"author":[{"embeddable":true,"href":"https:\/\/www.europesays.com\/fr\/wp-json\/wp\/v2\/users\/2"}],"replies":[{"embeddable":true,"href":"https:\/\/www.europesays.com\/fr\/wp-json\/wp\/v2\/comments?post=302123"}],"version-history":[{"count":0,"href":"https:\/\/www.europesays.com\/fr\/wp-json\/wp\/v2\/posts\/302123\/revisions"}],"wp:featuredmedia":[{"embeddable":true,"href":"https:\/\/www.europesays.com\/fr\/wp-json\/wp\/v2\/media\/302124"}],"wp:attachment":[{"href":"https:\/\/www.europesays.com\/fr\/wp-json\/wp\/v2\/media?parent=302123"}],"wp:term":[{"taxonomy":"category","embeddable":true,"href":"https:\/\/www.europesays.com\/fr\/wp-json\/wp\/v2\/categories?post=302123"},{"taxonomy":"post_tag","embeddable":true,"href":"https:\/\/www.europesays.com\/fr\/wp-json\/wp\/v2\/tags?post=302123"}],"curies":[{"name":"wp","href":"https:\/\/api.w.org\/{rel}","templated":true}]}}