{"id":302126,"date":"2025-08-07T06:43:09","date_gmt":"2025-08-07T06:43:09","guid":{"rendered":"https:\/\/www.europesays.com\/fr\/302126\/"},"modified":"2025-08-07T06:43:09","modified_gmt":"2025-08-07T06:43:09","slug":"ladministration-trump-va-adoucir-les-critiques-contre-israel-dans-son-rapport-annuel-sur-les-droits-de-lhomme","status":"publish","type":"post","link":"https:\/\/www.europesays.com\/fr\/302126\/","title":{"rendered":"L&rsquo;administration Trump Va Adoucir Les Critiques Contre Isra\u00ebl Dans Son Rapport Annuel Sur Les Droits De L&rsquo;homme"},"content":{"rendered":"<p class=\"\" data-is=\"component-paragraph\">L&rsquo;administration Trump s&rsquo;appr\u00eate \u00e0 consid\u00e9rablement att\u00e9nuer les critiques formul\u00e9es contre Isra\u00ebl et plusieurs autres pays dans le rapport annuel du d\u00e9partement d&rsquo;\u00c9tat sur la situation des droits de l&rsquo;homme dans le monde, r\u00e9v\u00e8le mercredi le Washington Post.<\/p>\n<p class=\"\" data-is=\"component-paragraph\">Selon les informations du quotidien am\u00e9ricain, les derni\u00e8res versions pr\u00e9liminaires du rapport montrent des \u00ab\u00a0all\u00e8gements significatifs\u00a0\u00bb concernant au moins trois pays que le pr\u00e9sident Donald Trump souhaite m\u00e9nager : Isra\u00ebl, le Salvador et la Russie.<\/p>\n<p>R\u00e9duction drastique du volume<\/p>\n<p class=\"\" data-is=\"component-paragraph\">Le projet de rapport sur Isra\u00ebl ne compte d\u00e9sormais que 25 pages, contre 100 l&rsquo;ann\u00e9e pr\u00e9c\u00e9dente. Cette version \u00e9pur\u00e9e a \u00e9limin\u00e9 toute r\u00e9f\u00e9rence au proc\u00e8s du Premier ministre Benjamin Netanyahou, aux tentatives gouvernementales de r\u00e9forme du syst\u00e8me judiciaire, ainsi qu&rsquo;aux mesures de surveillance et restrictions de mouvement impos\u00e9es aux Palestiniens.<\/p>\n<p class=\"\" data-is=\"component-paragraph\">De mani\u00e8re similaire, le rapport sur le Salvador fait l&rsquo;impasse sur les violations des droits humains dans les prisons du pays, tandis que celui concernant la Russie minimise consid\u00e9rablement les atteintes aux droits des personnes LGBTQ+.<\/p>\n<p>Tradition de cinquante ans modifi\u00e9e<\/p>\n<p class=\"\" data-is=\"component-paragraph\">Depuis un demi-si\u00e8cle, le d\u00e9partement d&rsquo;\u00c9tat am\u00e9ricain produit ces rapports d\u00e9taill\u00e9s sur chaque nation, conform\u00e9ment \u00e0 une d\u00e9cision du Congr\u00e8s. Ces documents, g\u00e9n\u00e9ralement bas\u00e9s sur le travail d&rsquo;organisations locales de d\u00e9fense des droits humains, sont consid\u00e9r\u00e9s comme la r\u00e9f\u00e9rence mondiale la plus compl\u00e8te et autoris\u00e9e en la mati\u00e8re.<\/p>\n<p class=\"\" data-is=\"component-paragraph\">L&rsquo;administration Trump a explicitement ordonn\u00e9 de raccourcir ces rapports et d&rsquo;en retirer les \u00e9l\u00e9ments qui ne correspondent pas \u00e0 sa ligne politique.<\/p>\n","protected":false},"excerpt":{"rendered":"L&rsquo;administration Trump s&rsquo;appr\u00eate \u00e0 consid\u00e9rablement att\u00e9nuer les critiques formul\u00e9es contre Isra\u00ebl et plusieurs autres pays dans le rapport&hellip;\n","protected":false},"author":2,"featured_media":302127,"comment_status":"","ping_status":"","sticky":false,"template":"","format":"standard","meta":{"footnotes":""},"categories":[1591],"tags":[11,1887,12,1885,1886,132],"class_list":{"0":"post-302126","1":"post","2":"type-post","3":"status-publish","4":"format-standard","5":"has-post-thumbnail","7":"category-russie","8":"tag-actualites","9":"tag-federation-de-russie","10":"tag-news","11":"tag-russia","12":"tag-russian-federation","13":"tag-russie"},"share_on_mastodon":{"url":"https:\/\/pubeurope.com\/@fr\/114986130323925918","error":""},"_links":{"self":[{"href":"https:\/\/www.europesays.com\/fr\/wp-json\/wp\/v2\/posts\/302126","targetHints":{"allow":["GET"]}}],"collection":[{"href":"https:\/\/www.europesays.com\/fr\/wp-json\/wp\/v2\/posts"}],"about":[{"href":"https:\/\/www.europesays.com\/fr\/wp-json\/wp\/v2\/types\/post"}],"author":[{"embeddable":true,"href":"https:\/\/www.europesays.com\/fr\/wp-json\/wp\/v2\/users\/2"}],"replies":[{"embeddable":true,"href":"https:\/\/www.europesays.com\/fr\/wp-json\/wp\/v2\/comments?post=302126"}],"version-history":[{"count":0,"href":"https:\/\/www.europesays.com\/fr\/wp-json\/wp\/v2\/posts\/302126\/revisions"}],"wp:featuredmedia":[{"embeddable":true,"href":"https:\/\/www.europesays.com\/fr\/wp-json\/wp\/v2\/media\/302127"}],"wp:attachment":[{"href":"https:\/\/www.europesays.com\/fr\/wp-json\/wp\/v2\/media?parent=302126"}],"wp:term":[{"taxonomy":"category","embeddable":true,"href":"https:\/\/www.europesays.com\/fr\/wp-json\/wp\/v2\/categories?post=302126"},{"taxonomy":"post_tag","embeddable":true,"href":"https:\/\/www.europesays.com\/fr\/wp-json\/wp\/v2\/tags?post=302126"}],"curies":[{"name":"wp","href":"https:\/\/api.w.org\/{rel}","templated":true}]}}