{"id":302128,"date":"2025-08-07T06:44:17","date_gmt":"2025-08-07T06:44:17","guid":{"rendered":"https:\/\/www.europesays.com\/fr\/302128\/"},"modified":"2025-08-07T06:44:17","modified_gmt":"2025-08-07T06:44:17","slug":"verif-un-salut-nazi-pendant-un-match-de-football-en-ukraine-nous-avons-verifie-ces-images","status":"publish","type":"post","link":"https:\/\/www.europesays.com\/fr\/302128\/","title":{"rendered":"V\u00c9RIF&rsquo; &#8211; Un \u00ab\u00a0salut nazi\u00a0\u00bb pendant un match de football en Ukraine ? Nous avons v\u00e9rifi\u00e9 ces images"},"content":{"rendered":"<ul class=\"jsx-862013697 ArticleChapo__List\">\n<li class=\"jsx-862013697 ArticleChapo__List_Item flex\">Une vid\u00e9o partag\u00e9e depuis dimanche montrerait des \u00ab\u00a0saluts nazis\u00a0\u00bb lors d&rsquo;un match de football en Ukraine.<\/li>\n<li class=\"jsx-862013697 ArticleChapo__List_Item flex\">Les images sont authentiques et ont donn\u00e9 lieu \u00e0 l&rsquo;ouverture d&rsquo;une enqu\u00eate pr\u00e9liminaire, d&rsquo;apr\u00e8s nos informations.<\/li>\n<li class=\"jsx-862013697 ArticleChapo__List_Item flex\">La s\u00e9quence a \u00e9t\u00e9 largement amplifi\u00e9e par des canaux pro-russes.<\/li>\n<\/ul>\n<p><a href=\"https:\/\/www.tf1info.fr\/actualite\/les-verificateurs-12325\/\" rel=\"noopener\" class=\"jsx-484472199 Link jsx-1428418400 jsx-1910851033\" target=\"_blank\"><\/p>\n<p style=\"font-weight:400\" class=\"jsx-1837267516\">Suivez la couverture compl\u00e8te<\/p>\n<p style=\"font-weight:800\" class=\"jsx-1837267516\">L&rsquo;info pass\u00e9e au crible des V\u00e9rificateurs<\/p>\n<p><\/a><\/p>\n<p data-module=\"article-paragraph\" class=\"jsx-3046738180 Paragraph Paragraph__End\">La s\u00e9quence alimente la sph\u00e8re pro-russe. Une vid\u00e9o venue d&rsquo;Ukraine et partag\u00e9e depuis le dimanche 3 ao\u00fbt montrerait des \u00ab\u00a0saluts nazis\u00a0\u00bb lors du match de foot qui opposait l&rsquo;\u00e9quipe de Veres Rivne \u00e0 celle du Dynamo Kiev. Une affirmation devenue virale tant elle alimente le narratif du Kremlin selon lequel la guerre que m\u00e8ne la Russie \u00e0 son voisin aurait pour objectif la \u00ab\u00a0d\u00e9nazification\u00a0\u00bb du pays. Mais que sait-on r\u00e9ellement de ces images ?<\/p>\n<p>Des images authentiques et une enqu\u00eate pr\u00e9liminaire ouverte<\/p>\n<p data-module=\"article-paragraph\" class=\"jsx-3046738180 Paragraph\">La vid\u00e9o laisse peu de doute sur l&rsquo;intention de la dizaine d&rsquo;hommes habill\u00e9s en noir. Debout, ils tendent le bras pour r\u00e9aliser un salut fasciste et accompagnent le geste d&rsquo;un slogan scand\u00e9 \u00e0 plusieurs reprises. D&rsquo;abord \u00ab\u00a0gloire \u00e0 la nation\u00a0\u00bb &#8211; \u00ab\u00a0\u0421\u043b\u0430\u0432\u0430 \u041d\u0430\u0446\u0456\u0457\u00a0\u00bb, en ukrainien &#8211; interpr\u00e9t\u00e9 \u00e0 tort comme \u00ab\u00a0gloire aux nazis\u00a0\u00bb par certains internautes. Suivi du cri <a href=\"https:\/\/www.tf1info.fr\/actualite\/ukraine-10045\/\" target=\"_blank\" rel=\"noopener\">\u00ab\u00a0Ukraine\u00a0\u00bb (nouvelle fen\u00eatre)<\/a>, lanc\u00e9 \u00e0 trois reprises. Un document qui ne montre aucun signe de modification ou d&rsquo;alt\u00e9ration.\u00a0<\/p>\n<p data-module=\"article-paragraph\" class=\"jsx-3046738180 Paragraph Paragraph__End\">En effet, d&rsquo;apr\u00e8s nos recherches, cette s\u00e9quence est authentique. Elle est issue du compte Instagram \u00ab\u00a0Vishnya666steel\u00a0\u00bb, tenu par Dmytro Usychenko, sergent du r\u00e9giment Azov. Partag\u00e9e initialement en story, elle n&rsquo;est plus disponible en ligne, ni en archive, mais plusieurs captures d&rsquo;\u00e9cran en attestent. Par ailleurs, tous les indices visuels corroborent cette hypoth\u00e8se. Le stade correspond ainsi au Avanhard Stadium, \u00e0 Rivne, qui a accueilli la confrontation entre l&rsquo;\u00e9quipe locale de Veres et celle de Dynamo Kiev <a href=\"https:\/\/football24.ua\/ru\/shikarnyj_assist_vanata_v_videoobzore_matcha_veres__dinamo__01_n891329\/ \" target=\"_blank\" rel=\"nofollow noopener\">le samedi 2 ao\u00fbt (nouvelle fen\u00eatre)<\/a>.\u00a0<\/p>\n<p><a href=\"https:\/\/www.tf1info.fr\/international\/guerre-en-ukraine-pourquoi-vladimir-poutine-affirme-t-il-que-des-neonazis-sont-au-pouvoir-a-kiev-2211898.html\" rel=\"noopener\" class=\"jsx-3308031228 Link flex\" target=\"_blank\"><img decoding=\"async\" src=\"https:\/\/www.europesays.com\/fr\/wp-content\/uploads\/2025\/08\/vladimir-poutine-lci-play-afp-8983c8-2@1x.jpeg\" alt=\"AFP\" loading=\"lazy\" importance=\"low\" fetchpriority=\"low\" class=\"\" aria-hidden=\"true\"\/><\/p>\n<p class=\"jsx-3657663356 ReadMoreArticle__Title\">Lire aussi<\/p>\n<p class=\"jsx-3657663356\">D\u00c9CRYPTAGE &#8211; Pourquoi Vladimir Poutine affirme-t-il que des \u00ab\u00a0n\u00e9onazis\u00a0\u00bb sont au pouvoir \u00e0 Kiev ?<\/p>\n<p><\/a><\/p>\n<p data-module=\"article-paragraph\" class=\"jsx-3046738180 Paragraph\">Si nous n&rsquo;avons pas retrouv\u00e9 d&rsquo;autres occurrences de ce geste, nous avons toutefois reconnu les m\u00eames individus dans d&rsquo;autres vid\u00e9os de supporters diffus\u00e9es en ligne. On peut notamment les identifier sur <a href=\"https:\/\/archive.ph\/07zB2\" target=\"_blank\" rel=\"nofollow noopener\">le compte TikTok  (nouvelle fen\u00eatre)<\/a>d&rsquo;un photographe qui couvrait cet \u00e9v\u00e9nement et sur une vid\u00e9o partag\u00e9e par <a href=\"https:\/\/www.tiktok.com\/@veresclub\/video\/7534299393646677254 Secteur A-10 (00\u201939\u2019\u2019) \" target=\"_blank\" rel=\"noopener\">le compte officiel de l&rsquo;\u00e9quipe de Rivne (nouvelle fen\u00eatre)<\/a>. D&rsquo;apr\u00e8s nos recherches, ces supporters seraient membres du mouvement ultra-ukrainien. Plus pr\u00e9cis\u00e9ment des \u00ab\u00a0Black wolf pack\u00a0\u00bb. On retrouve ainsi plusieurs visages sur le <a href=\"https:\/\/archive.ph\/VkzSX\" target=\"_blank\" rel=\"nofollow noopener\">compte TikTok officiel  (nouvelle fen\u00eatre)<\/a>de ce groupe.\u00a0<\/p>\n<p data-module=\"article-paragraph\" class=\"jsx-3046738180 Paragraph Paragraph__End\">Preuve de la cr\u00e9dibilit\u00e9 de ces images, une \u00ab\u00a0enqu\u00eate pr\u00e9liminaire\u00a0\u00bb a \u00e9t\u00e9 lanc\u00e9e par la police locale, d&rsquo;apr\u00e8s nos informations. Interrog\u00e9 \u00e0 ce sujet, ni le club de Veres ni l&rsquo;association ukrainienne de football ne sont revenus vers nous dans l&rsquo;imm\u00e9diat.<\/p>\n<p>Une amplification des canaux pro-russes<\/p>\n<p data-module=\"article-paragraph\" class=\"jsx-3046738180 Paragraph\">Reste que si ce contenu est authentique, il ne permet pas \u00e0 lui seul d&rsquo;attester d&rsquo;une <a href=\"https:\/\/www.tf1info.fr\/international\/guerre-en-ukraine-pourquoi-vladimir-poutine-affirme-t-il-que-des-neonazis-sont-au-pouvoir-a-kiev-2211898.html\" target=\"_blank\" rel=\"noopener\">pr\u00e9tendue \u00ab\u00a0nazification\u00a0\u00bb  (nouvelle fen\u00eatre)<\/a>du pays. Il est en revanche le signe de la \u00ab\u00a0perm\u00e9abilit\u00e9\u00a0\u00bb de cette id\u00e9ologie dans le \u00ab\u00a0supporterisme radical ukrainien\u00a0\u00bb, comme le souligne S\u00e9bastien Louis. Aupr\u00e8s de TF1info, cet historien, sp\u00e9cialiste du supporterisme radical en Europe et en Afrique du Nord, note ainsi que pour la \u00ab\u00a0quasi-totalit\u00e9\u00a0\u00bb des clubs ukrainiens qui disposent de supporters radicaux, ces derniers sont \u00ab\u00a0proches des th\u00e8ses d&rsquo;extr\u00eame droite\u00a0\u00bb. \u00ab\u00a0Ils affichent des symboles qui refl\u00e8tent bien leurs opinions : drapeaux, dialectique, incidents racistes ou gestes comme le salut nazi.\u00a0\u00bb<\/p>\n<p data-module=\"article-paragraph\" class=\"jsx-3046738180 Paragraph\">Un ph\u00e9nom\u00e8ne qui n&rsquo;est pas propre \u00e0 Kiev. Il a touch\u00e9 \u00ab\u00a0tous les pays du pacte de Varsovie\u00a0\u00bb, qui composaient l&rsquo;ancien bloc communiste, dans lesquels le mouvement hooligan \u00e9tait constitu\u00e9 de \u00ab\u00a0groupes de skinhead\u00a0\u00bb. \u00ab\u00a0Ce sont d\u00e9sormais des incidents rares, mais qu&rsquo;on retrouve en Russie\u00a0\u00bb ou \u00ab\u00a0de mani\u00e8re bien plus discr\u00e8te\u00a0\u00bb dans d&rsquo;autres pays de l&rsquo;Est. L&rsquo;auteur du livre Ultras, les autres protagonistes du football, cite par exemple le cas de la Pologne et la Hongrie, o\u00f9 cette id\u00e9ologie reste pr\u00e9sente \u00ab\u00a0sans s&rsquo;afficher directement \u2013 mais plut\u00f4t par des symboles d\u00e9tourn\u00e9s \u2013 car elle est sujette \u00e0 des sanctions\u00a0\u00bb.\u00a0<\/p>\n<p data-module=\"article-paragraph\" class=\"jsx-3046738180 Paragraph Paragraph__End\">S\u00e9bastien Louis mentionne \u00e9galement le cas des stades italiens o\u00f9 des \u00ab\u00a0saluts fascistes et des chansons qui se r\u00e9f\u00e8rent \u00e0 Mussolini\u00a0\u00bb peuvent \u00e9mailler les matchs de l&rsquo;Hellas Verona et de la Lazio, avec une \u00ab\u00a0dimension de provocation et d&rsquo;adh\u00e9sion\u00a0\u00bb. M\u00eame en France, un groupe de hooligans de Reims avait d\u00e9ploy\u00e9 <a href=\"https:\/\/www.ldh-france.org\/des-supporters-de-foot-remois-nostalgiques-du-iiie-reich\/\" target=\"_blank\" rel=\"nofollow noopener\">au printemps 2022  (nouvelle fen\u00eatre)<\/a>un drapeau affichant la croix celtique dans le stade. Une action d&rsquo;un groupe \u00ab\u00a0ind\u00e9pendant\u00a0\u00bb qui servait de \u00ab\u00a0coup de poing pour se faire remarquer et recruter des jeunes\u00a0\u00bb, analyse notre interlocuteur.<\/p>\n<p>Comment les n\u00e9onazis utilisent l&rsquo;IA pour glorifier Hitler sur les r\u00e9seaux ?Source : Top Info<\/p>\n<p><a href=\"https:\/\/www.tf1info.fr\/high-tech\/videos\/video-comment-les-neonazis-utilisent-l-ia-pour-glorifier-hitler-sur-les-reseaux-2326696.html\" rel=\"noopener\" aria-label=\"04:09 Comment les n\u00e9onazis utilisent l&#039;IA pour glorifier Hitler sur les r\u00e9seaux ?\" class=\"jsx-484472199 Link\" target=\"_blank\"><img decoding=\"async\" src=\"https:\/\/photos.tf1info.fr\/images\/383\/215\/prada-c4b7a1-027ee1-0@1x.jpeg\" alt=\"\" loading=\"lazy\" importance=\"low\" fetchpriority=\"low\" class=\"\" aria-hidden=\"true\"\/><\/p>\n<p>04:09<\/p>\n<p>Comment les n\u00e9onazis utilisent l&rsquo;IA pour glorifier Hitler sur les r\u00e9seaux ?<\/a><\/p>\n<p data-module=\"article-paragraph\" class=\"jsx-3046738180 Paragraph\">La probl\u00e9matique de d\u00e9fense d&rsquo;une id\u00e9ologie n\u00e9o-nazie dans ces groupuscules est donc loin d&rsquo;\u00eatre propre \u00e0 l&rsquo;Ukraine. Et ces questions sont r\u00e9guli\u00e8rement trait\u00e9es dans la presse. Ce qui n&rsquo;a pas emp\u00each\u00e9 les <a href=\"https:\/\/www.tf1info.fr\/international\/guerre-en-ukraine-et-propagande-russe-thomas-roper-alina-lipp-adrien-bocquet-graham-phillips-qui-sont-ces-journalistes-occidentaux-relais-du-kremlin-de-vladimir-poutine-2245629.html\" target=\"_blank\" rel=\"noopener\">relais privil\u00e9gi\u00e9s du narratif pro-Kremlin  (nouvelle fen\u00eatre)<\/a>de s&#8217;emparer de cette s\u00e9quence.\u00a0<\/p>\n<p data-module=\"article-paragraph\" class=\"jsx-3046738180 Paragraph Paragraph__End\">Avant qu&rsquo;elle ne soit diffus\u00e9e en France par l&rsquo;interm\u00e9diaire du mouvement anti-fasciste, ce sont d&rsquo;abord des comptes identifi\u00e9s comme des relais de la propagande russe qui ont r\u00e9cup\u00e9r\u00e9 les images. Partag\u00e9es d\u00e8s le dimanche matin par plusieurs canaux en anglais, elles sont apparues ensuite <a href=\"https:\/\/archive.ph\/C1Zzp\" target=\"_blank\" rel=\"nofollow noopener\">sur les comptes de RT (nouvelle fen\u00eatre)<\/a>, cet organe de propagande du Kremlin interdit dans l&rsquo;Union europ\u00e9enne. La vid\u00e9o a \u00e9t\u00e9 diffus\u00e9e dans la matin\u00e9e du 3 ao\u00fbt avec cette l\u00e9gende : \u00ab\u00a0Il n&rsquo;y a rien \u00e0 voir, juste des nazis ukrainiens de Rivne qui font le salut nazi\u00a0\u00bb. Une phrase qu&rsquo;on retrouve ensuite mot pour mot dans une s\u00e9rie de publications sur X, <a href=\"https:\/\/archive.ph\/wip\/bOSZQ\" target=\"_blank\" rel=\"nofollow noopener\">en fran\u00e7ais (nouvelle fen\u00eatre)<\/a>, en anglais et en allemand.<\/p>\n<p data-module=\"article-paragraph\" class=\"jsx-3046738180 Paragraph Paragraph__End\"><strong>Vous souhaitez nous poser des questions ou nous soumettre une information qui ne vous para\u00eet pas fiable ? N&rsquo;h\u00e9sitez pas \u00e0 nous \u00e9crire \u00e0 l&rsquo;adresse lesverificateurs@tf1.fr. Retrouvez-nous \u00e9galement sur X : notre \u00e9quipe y est pr\u00e9sente derri\u00e8re le compte @verif_TF1LCI.<\/strong><\/p>\n<p>Felicia SIDERIS<\/p>\n<p><script async src=\"\/\/www.tiktok.com\/embed.js\"><\/script><\/p>\n","protected":false},"excerpt":{"rendered":"Une vid\u00e9o partag\u00e9e depuis dimanche montrerait des \u00ab\u00a0saluts nazis\u00a0\u00bb lors d&rsquo;un match de football en Ukraine. Les images&hellip;\n","protected":false},"author":2,"featured_media":302129,"comment_status":"","ping_status":"","sticky":false,"template":"","format":"standard","meta":{"footnotes":""},"categories":[1590],"tags":[1111,11,1921,1777,674,63,1922,7541,12,132,2439,220,133,1920],"class_list":{"0":"post-302128","1":"post","2":"type-post","3":"status-publish","4":"format-standard","5":"has-post-thumbnail","7":"category-ukraine","8":"tag-actu","9":"tag-actualites","10":"tag-article-video","11":"tag-eu","12":"tag-europe","13":"tag-football","14":"tag-info","15":"tag-linfo-passee-au-crible-des-verificateurs","16":"tag-news","17":"tag-russie","18":"tag-tiktok","19":"tag-ukraine","20":"tag-video","21":"tag-video-international"},"share_on_mastodon":{"url":"https:\/\/pubeurope.com\/@fr\/114986134029036260","error":""},"_links":{"self":[{"href":"https:\/\/www.europesays.com\/fr\/wp-json\/wp\/v2\/posts\/302128","targetHints":{"allow":["GET"]}}],"collection":[{"href":"https:\/\/www.europesays.com\/fr\/wp-json\/wp\/v2\/posts"}],"about":[{"href":"https:\/\/www.europesays.com\/fr\/wp-json\/wp\/v2\/types\/post"}],"author":[{"embeddable":true,"href":"https:\/\/www.europesays.com\/fr\/wp-json\/wp\/v2\/users\/2"}],"replies":[{"embeddable":true,"href":"https:\/\/www.europesays.com\/fr\/wp-json\/wp\/v2\/comments?post=302128"}],"version-history":[{"count":0,"href":"https:\/\/www.europesays.com\/fr\/wp-json\/wp\/v2\/posts\/302128\/revisions"}],"wp:featuredmedia":[{"embeddable":true,"href":"https:\/\/www.europesays.com\/fr\/wp-json\/wp\/v2\/media\/302129"}],"wp:attachment":[{"href":"https:\/\/www.europesays.com\/fr\/wp-json\/wp\/v2\/media?parent=302128"}],"wp:term":[{"taxonomy":"category","embeddable":true,"href":"https:\/\/www.europesays.com\/fr\/wp-json\/wp\/v2\/categories?post=302128"},{"taxonomy":"post_tag","embeddable":true,"href":"https:\/\/www.europesays.com\/fr\/wp-json\/wp\/v2\/tags?post=302128"}],"curies":[{"name":"wp","href":"https:\/\/api.w.org\/{rel}","templated":true}]}}