{"id":302130,"date":"2025-08-07T06:45:11","date_gmt":"2025-08-07T06:45:11","guid":{"rendered":"https:\/\/www.europesays.com\/fr\/302130\/"},"modified":"2025-08-07T06:45:11","modified_gmt":"2025-08-07T06:45:11","slug":"trump-menace-de-prendre-le-controle-de-lhorrible-capitale-washington","status":"publish","type":"post","link":"https:\/\/www.europesays.com\/fr\/302130\/","title":{"rendered":"Trump menace de \u00abprendre le contr\u00f4le\u00bb de l&rsquo;\u00abhorrible\u00bb capitale Washington"},"content":{"rendered":"<p>Le pr\u00e9sident am\u00e9ricain envisage \u00abd\u2019avoir recours \u00e0 la Garde nationale, peut-\u00eatre tr\u00e8s rapidement\u00bb, comme il l\u2019avait fait \u00e0 Los Angeles d\u00e9but juin.<\/p>\n<p class=\"fig-paragraph\"><a href=\"http:\/\/www.lefigaro.fr\/conjoncture\/guerre-commerciale-en-represailles-des-achats-indiens-de-petrole-russe-donald-trump-impose-25-de-penalite-supplementaire-a-new-delhi-20250806\" target=\"_blank\" data-fig-type=\"NewsFlash\" rel=\"noopener\" data-gtm-custom-categorie=\"navigation\" data-gtm-custom-action=\"crossclick\" data-gtm-custom-label=\"Contextuel\" data-gtm-event=\"customEventSPE\" data-fig-domain=\"LEFIGARO\">Donald Trump<\/a>\u00a0a souvent affirm\u00e9 que Washington \u00e9tait une ville \u00abcrasseuse\u00bb, \u00ab\u00e0 la criminalit\u00e9 end\u00e9mique\u00bb. Mercredi 6 ao\u00fbt, le pr\u00e9sident am\u00e9ricain a de nouveau menac\u00e9 de prendre le contr\u00f4le de la capitale f\u00e9d\u00e9rale, aux mains de l&rsquo;opposition d\u00e9mocrate.<\/p>\n<p class=\"fig-paragraph\">\u00abNous y songeons, ouais, parce que la criminalit\u00e9 est hallucinante\u00bb, a-t-il r\u00e9pondu \u00e0 des journalistes qui l&rsquo;interrogeaient sur l&rsquo;\u00e9ventualit\u00e9 que la Maison Blanche ait la main sur les institutions de la ville, notamment sa police. \u00abNous voulons une grande capitale qui soit s\u00fbre et nous allons l&rsquo;avoir. (&#8230;) Le taux de criminalit\u00e9, d&rsquo;agressions, de meurtres et de tout le reste (&#8230;) nous n&rsquo;allons pas laisser faire et cela implique d&rsquo;avoir recours \u00e0 la Garde nationale, peut-\u00eatre tr\u00e8s rapidement\u00bb, a-t-il averti en allusion \u00e0 cette force militaire f\u00e9d\u00e9rale qu&rsquo;il a r\u00e9cemment\u00a0<a href=\"http:\/\/www.lefigaro.fr\/international\/trump-attise-le-feu-apres-le-deploiement-de-la-garde-nationale-les-manifestations-s-intensifient-a-los-angeles-20250609\" target=\"_blank\" data-fig-type=\"Article\" rel=\"noopener\" data-gtm-custom-categorie=\"navigation\" data-gtm-custom-action=\"crossclick\" data-gtm-custom-label=\"Contextuel\" data-gtm-event=\"customEventSPE\" data-fig-domain=\"LEFIGARO\">d\u00e9ploy\u00e9e \u00e0 Los Angeles<\/a>, contre l&rsquo;avis du gouverneur d\u00e9mocrate de Californie,\u00a0<a href=\"http:\/\/www.lefigaro.fr\/international\/emeutes-anti-expulsions-a-los-angeles-le-gouverneur-californien-gavin-newsom-accuse-donald-trump-de-menacer-la-democratie-americaine-20250611\" target=\"_blank\" data-fig-type=\"Article\" rel=\"noopener\" data-gtm-custom-categorie=\"navigation\" data-gtm-custom-action=\"crossclick\" data-gtm-custom-label=\"Contextuel\" data-gtm-event=\"customEventSPE\" data-fig-domain=\"LEFIGARO\">Gavin Newsom<\/a>.<\/p>\n<p>                                    <a class=\"fig-a11y-skip a11y-hidden\" href=\"#fig-a11y-skip-main-inarticle\"><br \/>\n        Passer la publicit\u00e9<br \/>\n    <\/a><\/p>\n<p class=\"fig-paragraph\">Une l\u00e9gislation de 1973 garantit \u00e0\u00a0<a href=\"http:\/\/www.lefigaro.fr\/international\/washington-un-musee-dement-avoir-retire-des-mentions-de-trump-sous-pression-politique-20250803\" target=\"_blank\" data-fig-type=\"NewsFlash\" rel=\"noopener\" data-gtm-custom-categorie=\"navigation\" data-gtm-custom-action=\"crossclick\" data-gtm-custom-label=\"Contextuel\" data-gtm-event=\"customEventSPE\" data-fig-domain=\"LEFIGARO\">Washington, DC<\/a>\u00a0(District of Columbia) d&rsquo;avoir sa propre assembl\u00e9e et son maire \u00e9lus au suffrage universel, ainsi que sa police autonome. Le Congr\u00e8s des \u00c9tats-Unis, o\u00f9 Washington, DC a un repr\u00e9sentant, mais sans droit de vote, a le dernier mot sur la gestion de la ville. Mais le milliardaire r\u00e9publicain new-yorkais, qui n&rsquo;a jamais fait myst\u00e8re de sa d\u00e9testation de Washington, promet depuis des ann\u00e9es de \u00abprendre le contr\u00f4le\u00bb de la capitale. \u00abSi DC n\u2019agit pas de mani\u00e8re concert\u00e9e et rapide, nous n\u2019aurons pas d\u2019autre choix que de prendre le contr\u00f4le de la municipalit\u00e9 et de la diriger comme il se doit\u00bb, a insist\u00e9 mardi 5 ao\u00fbt Donald Trump sur les r\u00e9seaux sociaux. En mars, le pr\u00e9sident a m\u00eame pris un d\u00e9cret \u00abpour rendre DC s\u00fbre et magnifique\u00bb.<\/p>\n<p class=\"fig-paragraph\">La ville a \u00e9t\u00e9 fond\u00e9e en 1790-91, con\u00e7ue par le Fran\u00e7ais Pierre L&rsquo;Enfant, avec d&rsquo;immenses art\u00e8res bord\u00e9es d&rsquo;imposants b\u00e2timents et monuments officiels d&rsquo;architecture n\u00e9oclassique, sur un carr\u00e9 de dix miles (16 km) de c\u00f4t\u00e9 qui avait \u00e9t\u00e9 c\u00e9d\u00e9 par les \u00c9tats frontaliers du Maryland et de Virginie. Elle a connu une histoire politique et sociale mouvement\u00e9e et une forte criminalit\u00e9 dans les ann\u00e9es 1980-1990.<\/p>\n<p class=\"fig-paragraph\">Mais le nombre de crimes et d\u00e9lits a chut\u00e9 de 26% sur un an au premier semestre de cette ann\u00e9e, apr\u00e8s un taux de criminalit\u00e9 au plus bas depuis trois d\u00e9cennies en 2024, selon des statistiques officielles. \u00abLes pr\u00e9sidents n&rsquo;ont pas l&rsquo;autorit\u00e9 pour prendre le contr\u00f4le de DC. Le Congr\u00e8s devra voter une loi\u00bb, a contest\u00e9 sur X la repr\u00e9sentante du district \u00e0 la Chambre, Eleanor Holmes Norton.<\/p>\n","protected":false},"excerpt":{"rendered":"Le pr\u00e9sident am\u00e9ricain envisage \u00abd\u2019avoir recours \u00e0 la Garde nationale, peut-\u00eatre tr\u00e8s rapidement\u00bb, comme il l\u2019avait fait \u00e0&hellip;\n","protected":false},"author":2,"featured_media":302131,"comment_status":"","ping_status":"","sticky":false,"template":"","format":"standard","meta":{"footnotes":""},"categories":[1589],"tags":[11,75,73,1866,12,1864,1865,1863,308,9030],"class_list":{"0":"post-302130","1":"post","2":"type-post","3":"status-publish","4":"format-standard","5":"has-post-thumbnail","7":"category-etats-unis","8":"tag-actualites","9":"tag-donald-trump","10":"tag-etats-unis","11":"tag-etats-unis-damerique","12":"tag-news","13":"tag-united-states","14":"tag-united-states-of-america","15":"tag-us","16":"tag-usa","17":"tag-washington-dc"},"share_on_mastodon":{"url":"https:\/\/pubeurope.com\/@fr\/114986137924126609","error":""},"_links":{"self":[{"href":"https:\/\/www.europesays.com\/fr\/wp-json\/wp\/v2\/posts\/302130","targetHints":{"allow":["GET"]}}],"collection":[{"href":"https:\/\/www.europesays.com\/fr\/wp-json\/wp\/v2\/posts"}],"about":[{"href":"https:\/\/www.europesays.com\/fr\/wp-json\/wp\/v2\/types\/post"}],"author":[{"embeddable":true,"href":"https:\/\/www.europesays.com\/fr\/wp-json\/wp\/v2\/users\/2"}],"replies":[{"embeddable":true,"href":"https:\/\/www.europesays.com\/fr\/wp-json\/wp\/v2\/comments?post=302130"}],"version-history":[{"count":0,"href":"https:\/\/www.europesays.com\/fr\/wp-json\/wp\/v2\/posts\/302130\/revisions"}],"wp:featuredmedia":[{"embeddable":true,"href":"https:\/\/www.europesays.com\/fr\/wp-json\/wp\/v2\/media\/302131"}],"wp:attachment":[{"href":"https:\/\/www.europesays.com\/fr\/wp-json\/wp\/v2\/media?parent=302130"}],"wp:term":[{"taxonomy":"category","embeddable":true,"href":"https:\/\/www.europesays.com\/fr\/wp-json\/wp\/v2\/categories?post=302130"},{"taxonomy":"post_tag","embeddable":true,"href":"https:\/\/www.europesays.com\/fr\/wp-json\/wp\/v2\/tags?post=302130"}],"curies":[{"name":"wp","href":"https:\/\/api.w.org\/{rel}","templated":true}]}}