{"id":302132,"date":"2025-08-07T06:46:11","date_gmt":"2025-08-07T06:46:11","guid":{"rendered":"https:\/\/www.europesays.com\/fr\/302132\/"},"modified":"2025-08-07T06:46:11","modified_gmt":"2025-08-07T06:46:11","slug":"les-prix-de-limmobilier-au-royaume-uni-enregistrent-leur-plus-forte-hausse-en-six-mois-en-juillet-selon-halifax","status":"publish","type":"post","link":"https:\/\/www.europesays.com\/fr\/302132\/","title":{"rendered":"Les prix de l&rsquo;immobilier au Royaume-Uni enregistrent leur plus forte hausse en six mois en juillet, selon Halifax"},"content":{"rendered":"<p>Les prix des logements britanniques ont connu en juillet leur plus forte progression en six mois, affichant une hausse de 0,4\u00a0% par rapport \u00e0 juin, un rythme l\u00e9g\u00e8rement sup\u00e9rieur aux attentes, selon les chiffres publi\u00e9s par l&rsquo;organisme de cr\u00e9dit immobilier Halifax. Ces donn\u00e9es confirment les signes d&rsquo;une stabilisation du march\u00e9 immobilier.<\/p>\n<p>Les \u00e9conomistes interrog\u00e9s par Reuters anticipaient une augmentation mensuelle de 0,3\u00a0% apr\u00e8s une progression de 0,1\u00a0% en juin.<\/p>\n<p>Halifax a pr\u00e9cis\u00e9 ce jeudi que les prix des logements \u00e9taient sup\u00e9rieurs de 2,4\u00a0% \u00e0 ceux de juillet de l&rsquo;an dernier, un ralentissement par rapport \u00e0 la hausse de 2,7\u00a0% enregistr\u00e9e en juin.<\/p>\n<p>Le march\u00e9 immobilier britannique s&rsquo;est stabilis\u00e9 apr\u00e8s la ru\u00e9e des acheteurs d\u00e9sireux de profiter de l&rsquo;expiration, en avril, d&rsquo;un all\u00e8gement fiscal destin\u00e9 \u00e0 certains acqu\u00e9reurs, ce qui avait entra\u00een\u00e9 un repli des ventes juste apr\u00e8s la date limite.<\/p>\n<p>\u00ab\u00a0Des d\u00e9fis subsistent pour ceux qui souhaitent acc\u00e9der \u00e0 la propri\u00e9t\u00e9 ou changer de logement. Mais avec la poursuite de la baisse des taux hypoth\u00e9caires et la progression des salaires, la situation en mati\u00e8re d&rsquo;accessibilit\u00e9 s&rsquo;am\u00e9liore progressivement\u00a0\u00bb, a d\u00e9clar\u00e9 Amanda Bryden, responsable des pr\u00eats immobiliers chez Halifax.<\/p>\n<p>\u00ab\u00a0Nous pr\u00e9voyons que les prix de l&rsquo;immobilier suivront une trajectoire mod\u00e9r\u00e9e de gains modestes pour le reste de l&rsquo;ann\u00e9e\u00a0\u00bb, a-t-elle ajout\u00e9.<\/p>\n<p>La Banque d&rsquo;Angleterre est largement attendue ce jeudi pour une baisse de son taux directeur, qui passerait de 4,25\u00a0% \u00e0 4\u00a0%. Toutefois, la perspective de nouvelles r\u00e9ductions du co\u00fbt de l&#8217;emprunt reste incertaine, en raison de pressions inflationnistes persistantes, malgr\u00e9 un march\u00e9 de l&#8217;emploi qui montre des signes d&rsquo;essoufflement.<\/p>\n<p>La semaine derni\u00e8re, l&rsquo;organisme concurrent Nationwide avait indiqu\u00e9 que son propre indice des prix des logements avait progress\u00e9 de 0,6\u00a0% en juillet par rapport \u00e0 juin.<\/p>\n","protected":false},"excerpt":{"rendered":"Les prix des logements britanniques ont connu en juillet leur plus forte progression en six mois, affichant une&hellip;\n","protected":false},"author":2,"featured_media":302133,"comment_status":"","ping_status":"","sticky":false,"template":"","format":"standard","meta":{"footnotes":""},"categories":[1588],"tags":[11,340,1777,674,12,473,1853,1851,1850,1852],"class_list":{"0":"post-302132","1":"post","2":"type-post","3":"status-publish","4":"format-standard","5":"has-post-thumbnail","7":"category-royaume-uni","8":"tag-actualites","9":"tag-bourse","10":"tag-eu","11":"tag-europe","12":"tag-news","13":"tag-royaume-uni","14":"tag-royaume-uni-de-grande-bretagne-et-dirlande-du-nord","15":"tag-uk","16":"tag-united-kingdom","17":"tag-united-kingdom-of-great-britain-and-northern-ireland"},"share_on_mastodon":{"url":"https:\/\/pubeurope.com\/@fr\/114986141826559625","error":""},"_links":{"self":[{"href":"https:\/\/www.europesays.com\/fr\/wp-json\/wp\/v2\/posts\/302132","targetHints":{"allow":["GET"]}}],"collection":[{"href":"https:\/\/www.europesays.com\/fr\/wp-json\/wp\/v2\/posts"}],"about":[{"href":"https:\/\/www.europesays.com\/fr\/wp-json\/wp\/v2\/types\/post"}],"author":[{"embeddable":true,"href":"https:\/\/www.europesays.com\/fr\/wp-json\/wp\/v2\/users\/2"}],"replies":[{"embeddable":true,"href":"https:\/\/www.europesays.com\/fr\/wp-json\/wp\/v2\/comments?post=302132"}],"version-history":[{"count":0,"href":"https:\/\/www.europesays.com\/fr\/wp-json\/wp\/v2\/posts\/302132\/revisions"}],"wp:featuredmedia":[{"embeddable":true,"href":"https:\/\/www.europesays.com\/fr\/wp-json\/wp\/v2\/media\/302133"}],"wp:attachment":[{"href":"https:\/\/www.europesays.com\/fr\/wp-json\/wp\/v2\/media?parent=302132"}],"wp:term":[{"taxonomy":"category","embeddable":true,"href":"https:\/\/www.europesays.com\/fr\/wp-json\/wp\/v2\/categories?post=302132"},{"taxonomy":"post_tag","embeddable":true,"href":"https:\/\/www.europesays.com\/fr\/wp-json\/wp\/v2\/tags?post=302132"}],"curies":[{"name":"wp","href":"https:\/\/api.w.org\/{rel}","templated":true}]}}