{"id":302134,"date":"2025-08-07T06:47:26","date_gmt":"2025-08-07T06:47:26","guid":{"rendered":"https:\/\/www.europesays.com\/fr\/302134\/"},"modified":"2025-08-07T06:47:26","modified_gmt":"2025-08-07T06:47:26","slug":"bienvenue-chez-les-gemok-ces-allemands-qui-partagent-tous-leurs-revenus","status":"publish","type":"post","link":"https:\/\/www.europesays.com\/fr\/302134\/","title":{"rendered":"Bienvenue chez les \u201cGem\u00d6k\u201d, ces Allemands qui partagent tous leurs revenus"},"content":{"rendered":"\n<p>Deux couples d\u2019amis, la petite trentaine, qui se retrouvent dans une colocation du quartier de Neuk\u00f6lln, \u00e0 Berlin\u2026 Jusque-l\u00e0, rien d\u2019anormal. Comme toutes les six semaines, Laura et Madru ont rendez-vous chez Jana et Luka \u2013 ils ne donneront que leur pr\u00e9nom, pour ne pas \u00eatre reconnus de leurs clients et patients respectifs.<\/p>\n<p>\u201cOn s\u2019est d\u00e9cid\u00e9s, pour le voyage aux Gal\u00e1pagos\u201d, annonce Jana. La nouvelle ne suscite ni f\u00e9licitations, ni interrogations, Laura et Madru se contentent d\u2019acquiescer. Il faut dire qu\u2019ils en savent d\u00e9j\u00e0 beaucoup sur ce p\u00e9riple en Am\u00e9rique latine, qui durera trois mois au total. Notamment sur son co\u00fbt. Car ils vont contribuer \u00e0 son financement \u2013 m\u00eame s\u2019ils ne seront pas du voyage.<\/p>\n<p>Les quatre amis partagent toutes leurs ressources et leurs d\u00e9penses. \u00c0 chaque d\u00e9but de mois, ils virent leurs salaires sur un compte commun, qu\u2019ils ponctionnent en fonction des besoins, ind\u00e9pendamment du montant apport\u00e9 par chacun. Laura, Madru, Jana et Luka n\u2019ont rien invent\u00e9, il s\u2019agit d\u2019un concept n\u00e9 dans les milieux de gauche, baptis\u00e9 \u201cgemeinsame \u00d6konomie\u201d [\u201c\u00e9conomie commune\u201d], ou \u201cGem\u00d6k\u201d.<\/p>\n<p>Ces collectifs peuvent rassembler de deux \u00e0 plus d\u2019une dizaine de membres, qui, souvent, ne vivent pas ensemble. Contrairement aux communaut\u00e9s classiques, ils ne partagent pas leur quotidien, seu<\/p>\n","protected":false},"excerpt":{"rendered":"Deux couples d\u2019amis, la petite trentaine, qui se retrouvent dans une colocation du quartier de Neuk\u00f6lln, \u00e0 Berlin\u2026&hellip;\n","protected":false},"author":2,"featured_media":302135,"comment_status":"","ping_status":"","sticky":false,"template":"","format":"standard","meta":{"footnotes":""},"categories":[1587],"tags":[11,672,17185,1804,1805,1803,1777,674,590,1801,12,1802,17786,1857,2542],"class_list":{"0":"post-302134","1":"post","2":"type-post","3":"status-publish","4":"format-standard","5":"has-post-thumbnail","7":"category-allemagne","8":"tag-actualites","9":"tag-allemagne","10":"tag-amitiu00e9","11":"tag-bundesrepublik-deutschland","12":"tag-de","13":"tag-deutschland","14":"tag-eu","15":"tag-europe","16":"tag-finance","17":"tag-germany","18":"tag-news","19":"tag-republique-federale-dallemagne","20":"tag-richesse","21":"tag-sociu00e9tu00e9","22":"tag-u00e9conomie"},"share_on_mastodon":{"url":"https:\/\/pubeurope.com\/@fr\/114986145992130548","error":""},"_links":{"self":[{"href":"https:\/\/www.europesays.com\/fr\/wp-json\/wp\/v2\/posts\/302134","targetHints":{"allow":["GET"]}}],"collection":[{"href":"https:\/\/www.europesays.com\/fr\/wp-json\/wp\/v2\/posts"}],"about":[{"href":"https:\/\/www.europesays.com\/fr\/wp-json\/wp\/v2\/types\/post"}],"author":[{"embeddable":true,"href":"https:\/\/www.europesays.com\/fr\/wp-json\/wp\/v2\/users\/2"}],"replies":[{"embeddable":true,"href":"https:\/\/www.europesays.com\/fr\/wp-json\/wp\/v2\/comments?post=302134"}],"version-history":[{"count":0,"href":"https:\/\/www.europesays.com\/fr\/wp-json\/wp\/v2\/posts\/302134\/revisions"}],"wp:featuredmedia":[{"embeddable":true,"href":"https:\/\/www.europesays.com\/fr\/wp-json\/wp\/v2\/media\/302135"}],"wp:attachment":[{"href":"https:\/\/www.europesays.com\/fr\/wp-json\/wp\/v2\/media?parent=302134"}],"wp:term":[{"taxonomy":"category","embeddable":true,"href":"https:\/\/www.europesays.com\/fr\/wp-json\/wp\/v2\/categories?post=302134"},{"taxonomy":"post_tag","embeddable":true,"href":"https:\/\/www.europesays.com\/fr\/wp-json\/wp\/v2\/tags?post=302134"}],"curies":[{"name":"wp","href":"https:\/\/api.w.org\/{rel}","templated":true}]}}