{"id":302138,"date":"2025-08-07T06:49:19","date_gmt":"2025-08-07T06:49:19","guid":{"rendered":"https:\/\/www.europesays.com\/fr\/302138\/"},"modified":"2025-08-07T06:49:19","modified_gmt":"2025-08-07T06:49:19","slug":"voyager-hors-de-lunion-europeenne-entrainera-t-il-un-controle-fiscal-systematique","status":"publish","type":"post","link":"https:\/\/www.europesays.com\/fr\/302138\/","title":{"rendered":"Voyager hors de l\u2019Union europ\u00e9enne entra\u00eenera-t-il un contr\u00f4le fiscal syst\u00e9matique ?"},"content":{"rendered":"<p><strong>fake off &#8211; Selon une vid\u00e9o TikTok, les voyageurs hors UE seront d\u00e9sormais soumis \u00e0 un contr\u00f4le fiscal aussi syst\u00e9matique que strict. C\u2019est une infox<\/strong><\/p>\n<p><a href=\"https:\/\/www.20minutes.fr\/dossier\/big_brother?at_medium=RSS%20feed&amp;at_campaign=ynews&amp;utm_source=yahoo&amp;utm_medium=rss&amp;utm_campaign=news_feed&amp;utm_content=in_article_link\" rel=\"nofollow noopener\" target=\"_blank\" data-ylk=\"slk:Big Brother;elm:context_link;itc:0;sec:content-canvas\" class=\"link \">Big Brother<\/a> a-t-il encore frapp\u00e9 ? Selon <a href=\"https:\/\/www.tiktok.com\/@passionmondialefr\/video\/7530198307231190294?at_medium=RSS%20feed&amp;at_campaign=ynews&amp;utm_source=yahoo&amp;utm_medium=rss&amp;utm_campaign=news_feed&amp;utm_content=in_article_link\" rel=\"nofollow noopener\" target=\"_blank\" data-ylk=\"slk:cette vid\u00e9o TikTok;elm:context_link;itc:0;sec:content-canvas\" class=\"link \">cette vid\u00e9o TikTok<\/a> vue par 1,2 million d\u2019internautes, une mesure radicale aurait \u00e9t\u00e9 annonc\u00e9e par le minist\u00e8re de l\u2019Int\u00e9rieur, puis relay\u00e9e par BFMTV, France Info et Le Parisien. \u00c0 compter du mois de septembre, tout Fran\u00e7ais qui part en voyage en dehors de l\u2019Union europ\u00e9enne, f\u00fbt-ce pour de simples vacances, serait signal\u00e9 au <a href=\"https:\/\/www.20minutes.fr\/dossier\/fisc?at_medium=RSS%20feed&amp;at_campaign=ynews&amp;utm_source=yahoo&amp;utm_medium=rss&amp;utm_campaign=news_feed&amp;utm_content=in_article_link\" rel=\"nofollow noopener\" target=\"_blank\" data-ylk=\"slk:fisc;elm:context_link;itc:0;sec:content-canvas\" class=\"link \">fisc<\/a> via une proc\u00e9dure nomm\u00e9e \u00ab dispositif de v\u00e9rification automatique des d\u00e9placements \u00bb. Revenus, comptes bancaires et train de vie seraient alors scrut\u00e9s et, en cas d\u2019incoh\u00e9rence manifeste, le \u00ab suspect \u00bb s\u2019exposerait \u00e0 une convocation pour se justifier, puis, s\u2019il n\u2019y parvenait pas, \u00e0 10.000 euros d\u2019amende assortis d\u2019un redressement fiscal imm\u00e9diat et, dans certains cas, \u00e0 une suspension de ses aides de la CAF et de son allocation ch\u00f4mage. En outre, toute d\u00e9pense non justifi\u00e9e de 5.000 euros ou plus entra\u00eenerait un fichage d\u2019une dur\u00e9e de cinq ans en tant que \u00ab contribuable \u00e0 risque \u00bb. Les personnes les plus vis\u00e9es seraient celles qui \u00ab planquent du cash \u00e0 Duba\u00ef ou au <a href=\"https:\/\/www.20minutes.fr\/dossier\/maroc?at_medium=RSS%20feed&amp;at_campaign=ynews&amp;utm_source=yahoo&amp;utm_medium=rss&amp;utm_campaign=news_feed&amp;utm_content=in_article_link\" rel=\"nofollow noopener\" target=\"_blank\" data-ylk=\"slk:Maroc;elm:context_link;itc:0;sec:content-canvas\" class=\"link \">Maroc<\/a> \u00bb.<\/p>\n<p>En commentaires, l\u2019outrage domine : \u00ab Bienvenue en nouvelle <a href=\"https:\/\/www.20minutes.fr\/monde\/coree_du_nord\/?at_medium=RSS%20feed&amp;at_campaign=ynews&amp;utm_source=yahoo&amp;utm_medium=rss&amp;utm_campaign=news_feed&amp;utm_content=in_article_link\" rel=\"nofollow noopener\" target=\"_blank\" data-ylk=\"slk:Cor\u00e9e du Nord;elm:context_link;itc:0;sec:content-canvas\" class=\"link \">Cor\u00e9e du Nord<\/a> \u00bb, \u00ab pauvre France, les gens peuvent plus vivre, c\u2019est abus\u00e9 \u00bb, \u00ab bizarre, ils ne font pas \u00e7a pour les milliardaires \u00bb, \u00ab il faut une r\u00e9volution pour faire tomber ce gouvernement liberticide \u00bb, \u00ab c\u2019est une grande atteinte au respect de la vie priv\u00e9e \u00bb, \u00ab l\u00e0, vous avez d\u00e9pass\u00e9 les bornes et la ligne rouge des citoyens, le gouvernement devient fou \u00bb, etc., etc.<\/p>\n<p>On v\u00e9r(&#8230;)<\/p>\n<p><a href=\"https:\/\/www.20minutes.fr\/societe\/4166368-20250807-voyager-hors-union-europeenne-entrainera-controle-fiscal-systematique?at_medium=RSS%20feed&amp;at_campaign=ynews&amp;utm_source=yahoo&amp;utm_medium=rss&amp;utm_campaign=news_feed&amp;utm_content=read_more_link\" rel=\"nofollow noopener\" target=\"_blank\" data-ylk=\"slk:Lire la suite sur 20minutes;elm:context_link;itc:0;sec:content-canvas\" class=\"link \">Lire la suite sur 20minutes<\/a><\/p>\n<p>\u00c0 lire aussi :<br \/><a href=\"https:\/\/www.20minutes.fr\/societe\/4166001-20250731-guerre-ukraine-images-montrent-elles-manifestations-contre-gestion-conflit-zelensky-non?at_medium=RSS%20feed&amp;at_campaign=ynews&amp;utm_source=yahoo&amp;utm_medium=rss&amp;utm_campaign=news_feed&amp;utm_content=related_content_link\" rel=\"nofollow noopener\" target=\"_blank\" data-ylk=\"slk:Guerre en Ukraine : Ces images montrent-elles des manifestations contre la gestion du conflit par Zelensky ? Non;elm:context_link;itc:0;sec:content-canvas\" class=\"link \">Guerre en Ukraine : Ces images montrent-elles des manifestations contre la gestion du conflit par Zelensky ? Non<\/a><br \/><a href=\"https:\/\/www.20minutes.fr\/societe\/4166013-20250730-incendies-marseille-habitant-porte-plainte-contre-pompiers-apres-utilisation-eau-piscine-non?at_medium=RSS%20feed&amp;at_campaign=ynews&amp;utm_source=yahoo&amp;utm_medium=rss&amp;utm_campaign=news_feed&amp;utm_content=related_content_link\" rel=\"nofollow noopener\" target=\"_blank\" data-ylk=\"slk:Incendies \u00e0 Marseille : Un habitant porte plainte contre les pompiers apr\u00e8s l\u2019utilisation de l\u2019eau de sa piscine ? Non;elm:context_link;itc:0;sec:content-canvas\" class=\"link \">Incendies \u00e0 Marseille : Un habitant porte plainte contre les pompiers apr\u00e8s l\u2019utilisation de l\u2019eau de sa piscine ? Non<\/a><\/p>\n<p><script async src=\"\/\/www.tiktok.com\/embed.js\"><\/script><\/p>\n","protected":false},"excerpt":{"rendered":"fake off &#8211; Selon une vid\u00e9o TikTok, les voyageurs hors UE seront d\u00e9sormais soumis \u00e0 un contr\u00f4le fiscal&hellip;\n","protected":false},"author":2,"featured_media":302139,"comment_status":"","ping_status":"","sticky":false,"template":"","format":"standard","meta":{"footnotes":""},"categories":[1586],"tags":[11,44226,1777,674,1779,1011,27,44227,5553,12,25,16082,1778,364],"class_list":{"0":"post-302138","1":"post","2":"type-post","3":"status-publish","4":"format-standard","5":"has-post-thumbnail","7":"category-europe","8":"tag-actualites","9":"tag-controle-fiscal","10":"tag-eu","11":"tag-europe","12":"tag-european-union","13":"tag-fr","14":"tag-france","15":"tag-le-ministere-de-linterieur","16":"tag-le-parisien","17":"tag-news","18":"tag-republique-francaise","19":"tag-respect-de-la-vie-privee","20":"tag-ue","21":"tag-union-europeenne"},"share_on_mastodon":{"url":"https:\/\/pubeurope.com\/@fr\/114986153645362201","error":""},"_links":{"self":[{"href":"https:\/\/www.europesays.com\/fr\/wp-json\/wp\/v2\/posts\/302138","targetHints":{"allow":["GET"]}}],"collection":[{"href":"https:\/\/www.europesays.com\/fr\/wp-json\/wp\/v2\/posts"}],"about":[{"href":"https:\/\/www.europesays.com\/fr\/wp-json\/wp\/v2\/types\/post"}],"author":[{"embeddable":true,"href":"https:\/\/www.europesays.com\/fr\/wp-json\/wp\/v2\/users\/2"}],"replies":[{"embeddable":true,"href":"https:\/\/www.europesays.com\/fr\/wp-json\/wp\/v2\/comments?post=302138"}],"version-history":[{"count":0,"href":"https:\/\/www.europesays.com\/fr\/wp-json\/wp\/v2\/posts\/302138\/revisions"}],"wp:featuredmedia":[{"embeddable":true,"href":"https:\/\/www.europesays.com\/fr\/wp-json\/wp\/v2\/media\/302139"}],"wp:attachment":[{"href":"https:\/\/www.europesays.com\/fr\/wp-json\/wp\/v2\/media?parent=302138"}],"wp:term":[{"taxonomy":"category","embeddable":true,"href":"https:\/\/www.europesays.com\/fr\/wp-json\/wp\/v2\/categories?post=302138"},{"taxonomy":"post_tag","embeddable":true,"href":"https:\/\/www.europesays.com\/fr\/wp-json\/wp\/v2\/tags?post=302138"}],"curies":[{"name":"wp","href":"https:\/\/api.w.org\/{rel}","templated":true}]}}