{"id":302146,"date":"2025-08-07T06:53:20","date_gmt":"2025-08-07T06:53:20","guid":{"rendered":"https:\/\/www.europesays.com\/fr\/302146\/"},"modified":"2025-08-07T06:53:20","modified_gmt":"2025-08-07T06:53:20","slug":"un-ancien-vainqueur-sur-le-pga-tour-empeche-de-revenir-du-liv-golf","status":"publish","type":"post","link":"https:\/\/www.europesays.com\/fr\/302146\/","title":{"rendered":"Un ancien vainqueur sur le PGA Tour emp\u00each\u00e9 de revenir du LIV Golf ?"},"content":{"rendered":"<p>\t\t\t\t\t\t<img width=\"770\" height=\"556\" src=\"https:\/\/www.europesays.com\/fr\/wp-content\/uploads\/2025\/08\/swaffordlivpgatour-770x556.jpg\" class=\"img-responsive wp-post-image\" alt=\"SwaffordLIVPGATour Manuel Velasquez Getty AFp\" decoding=\"async\" fetchpriority=\"high\"  \/>\t\t\t\t\t<\/p>\n<p>\t\t\t\t\t\t Partager cet article <\/p>\n<p class=\"screen-reader-text juiz_sps_maybe_hidden_text\">Partager la publication \u00ab\u00a0Un ancien vainqueur sur le PGA Tour emp\u00each\u00e9 de revenir du LIV Golf ?\u00a0\u00bb<\/p>\n<p><strong>Vainqueur \u00e0 trois reprises sur le PGA Tour, l\u2019Am\u00e9ricain Hudson Swafford esp\u00e9rait bien pouvoir r\u00e9int\u00e9grer le circuit am\u00e9ricain apr\u00e8s avoir perdu ses droits de jeu sur le LIV Golf fin 2024. Il devra attendre 2027\u2026 au moins.<\/strong><\/p>\n<p>\t\t\t\t\t<a id=\"181426\" href=\"https:\/\/leclub-golf.com\/fr\/green-fees?online=1&amp;utm_source=golf+planete&amp;utm_medium=referral&amp;utm_campaign=green+fee+en+ligne&amp;utm_id=green+fee+en+ligne_golf+planete_referral_banner\" target=\"_blank\" rel=\"sponsorised nofollow noopener\"><img decoding=\"async\" src=\"data:image\/svg+xml,%3Csvg%20xmlns=\" http:=\"\" class=\"img-responsive\" alt=\"\" data-lazy-src=\"https:\/\/www.europesays.com\/fr\/wp-content\/uploads\/2025\/08\/leclubgolf-e09-effet-classique-1170x275png.png\"\/><\/a><\/p>\n<p>Alors qu\u2019il comptait parmi les premiers golfeurs \u00e0 avoir rejoint le <strong>LIV Golf<\/strong> il y a trois ans, l\u2019ancien triple vainqueur sur le <strong>PGA Tour<\/strong>, <strong>Hudson Swafford<\/strong>, esp\u00e9rait bien retrouver le circuit am\u00e9ricain en 2026, apr\u00e8s avoir perdu ses droits de jeu sur le circuit saoudien fin 2024. Les instances dirig\u00e9es par <strong>Jay Monahan<\/strong> et <strong>Brian Rolapp<\/strong> n\u2019ont pas ferm\u00e9 d\u00e9finitivement la porte\u2026 Mais elle ne sera pas ouverte avant 2027 !<\/p>\n<p>\t\t\t\t\t<a id=\"181434\" href=\"https:\/\/www.omegaeuropeanmasters.com\/fr\/tickets\/tickets\" target=\"_blank\" rel=\"sponsorised nofollow noopener\"><img decoding=\"async\" src=\"data:image\/svg+xml,%3Csvg%20xmlns=\" http:=\"\" class=\"img-responsive\" alt=\"\" data-lazy-src=\"https:\/\/www.europesays.com\/fr\/wp-content\/uploads\/2025\/08\/omegamasters-e02-billetterie-om25-1170x275-1.jpg\"\/><\/a><br \/>\nPas de piti\u00e9 pour les mutins<\/p>\n<p>Son d\u00e9part pour le LIV en 2022 lui avait valu le blocage de son membership du PGA Tour sans pr\u00e9cision sur la dur\u00e9e de la sanction. Perturb\u00e9 par des soucis physiques en 2023 et incapable de conserver ses droits de jeu en 2024, le joueur de 37 ans n\u2019a pas jou\u00e9 en 2025. Le Floridien esp\u00e9rait pouvoir r\u00e9int\u00e9grer le PGA Tour d\u00e8s 2026 en tant qu\u2019ancien vainqueur (son dernier titre date de janvier 2022), mais il devra attendre une saison de plus.<\/p>\n<p>\t\t\t\t\t<a id=\"180473\" href=\"https:\/\/eu.ping.com\/fr-fr\/clubs\/irons\/idi\" target=\"_blank\" rel=\"sponsorised nofollow noopener\"><img decoding=\"async\" src=\"data:image\/svg+xml,%3Csvg%20xmlns=\" http:=\"\" class=\"img-responsive\" alt=\"\" data-lazy-src=\"https:\/\/www.europesays.com\/fr\/wp-content\/uploads\/2025\/07\/ping-e07-fers-idi-1170x275-1.jpg\"\/><\/a><\/p>\n<blockquote class=\"twitter-tweet\">\n<p dir=\"ltr\" lang=\"en\">Golf has been pretty hard and miserable for a bit but it\u2019s going to turn around very soon. On to Hong Kong <a href=\"https:\/\/twitter.com\/livgolf_league?ref_src=twsrc%5Etfw\" rel=\"nofollow noopener\" target=\"_blank\">@livgolf_league<\/a>! <a href=\"https:\/\/t.co\/SwASzLCgGO\" rel=\"nofollow\">pic.twitter.com\/SwASzLCgGO<\/a><\/p>\n<p>\u2014 Hudson Swafford (@Hud_swafford) <a href=\"https:\/\/twitter.com\/Hud_swafford\/status\/1764303453872869443?ref_src=twsrc%5Etfw\" rel=\"nofollow noopener\" target=\"_blank\">March 3, 2024<\/a><\/p>\n<\/blockquote>\n<p>\t\t\t\t<img loading=\"lazy\" decoding=\"async\" src=\"data:image\/svg+xml,%3Csvg%20xmlns=\" http:=\"\" attributionsrc=\"\" border=\"0\" height=\"1\" width=\"1\" alt=\"Advertisement\" data-lazy-src=\"https:\/\/www.europesays.com\/fr\/wp-content\/uploads\/2025\/08\/B33661776.421948095;dc_trk_aid=614321628;dc_trk_cid=235413172;ord=[timestamp];dc_lat=;dc_rdid=;tag_f.gif\"\/><\/p>\n<p>\t\t\t\t\t<a id=\"174697\" href=\"https:\/\/ad.doubleclick.net\/ddm\/trackclk\/N6600.3770024GOLFPLANATE\/B33661776.421948095;dc_trk_aid=614321628;dc_trk_cid=235413172;dc_lat=;dc_rdid=;tag_for_child_directed_treatment=;tfua=;gdpr=${GDPR};gdpr_consent=${GDPR_CONSENT_755};ltd=;dc_tdv=1\" target=\"_blank\" rel=\"sponsorised nofollow noopener\"><img decoding=\"async\" src=\"data:image\/svg+xml,%3Csvg%20xmlns=\" http:=\"\" class=\"img-responsive\" alt=\"\" data-lazy-src=\"https:\/\/www.europesays.com\/fr\/wp-content\/uploads\/2025\/06\/amundi-e01-retraite-2506-1170x275-1.jpg\"\/><\/a><\/p>\n<p><a href=\"https:\/\/www.golfplanete.com\/actualites\/laurie-canter-va-entrer-dans-lhistoire-du-pga-tour\/\" rel=\"nofollow noopener\" target=\"_blank\">Premier repenti \u00e0 retrouver le PGA Tour, l\u2019Anglais <strong>Laurie Canter<\/strong> avait pu jouer le Players cette ann\u00e9e<\/a>, alors qu\u2019il figurait dans le top 50 mondial et qu\u2019il avait purg\u00e9 un an de pause apr\u00e8s son dernier tournoi du LIV. Pour Swafford, retomb\u00e9 au-del\u00e0 de la 2000e place mondiale, le purgatoire s\u2019annonce plus long.<\/p>\n<p>\t\t\t\t\t<a id=\"181442\" href=\"https:\/\/www.formigolf.fr\/voyage-pays~fairplay_golf__spa_resort_5etoiles_cadiz~199~espagne\" target=\"_blank\" rel=\"sponsorised nofollow noopener\"><img decoding=\"async\" src=\"data:image\/svg+xml,%3Csvg%20xmlns=\" http:=\"\" class=\"img-responsive\" alt=\"\" data-lazy-src=\"https:\/\/www.europesays.com\/fr\/wp-content\/uploads\/2025\/08\/formigolf-e08-andalousie-cadiz-1170x275-1.gif\"\/><\/a><\/p>\n<p>Photo : Manuel Velasquez Getty AFP<\/p>\n<p>\t\t\t<script async src=\"https:\/\/platform.twitter.com\/widgets.js\" charset=\"utf-8\"><\/script><\/p>\n","protected":false},"excerpt":{"rendered":"Partager cet article Partager la publication \u00ab\u00a0Un ancien vainqueur sur le PGA Tour emp\u00each\u00e9 de revenir du LIV&hellip;\n","protected":false},"author":2,"featured_media":302147,"comment_status":"","ping_status":"","sticky":false,"template":"","format":"standard","meta":{"footnotes":""},"categories":[1418],"tags":[1011,27,1472,60],"class_list":{"0":"post-302146","1":"post","2":"type-post","3":"status-publish","4":"format-standard","5":"has-post-thumbnail","7":"category-golf","8":"tag-fr","9":"tag-france","10":"tag-golf","11":"tag-sports"},"share_on_mastodon":{"url":"https:\/\/pubeurope.com\/@fr\/114986169327017631","error":""},"_links":{"self":[{"href":"https:\/\/www.europesays.com\/fr\/wp-json\/wp\/v2\/posts\/302146","targetHints":{"allow":["GET"]}}],"collection":[{"href":"https:\/\/www.europesays.com\/fr\/wp-json\/wp\/v2\/posts"}],"about":[{"href":"https:\/\/www.europesays.com\/fr\/wp-json\/wp\/v2\/types\/post"}],"author":[{"embeddable":true,"href":"https:\/\/www.europesays.com\/fr\/wp-json\/wp\/v2\/users\/2"}],"replies":[{"embeddable":true,"href":"https:\/\/www.europesays.com\/fr\/wp-json\/wp\/v2\/comments?post=302146"}],"version-history":[{"count":0,"href":"https:\/\/www.europesays.com\/fr\/wp-json\/wp\/v2\/posts\/302146\/revisions"}],"wp:featuredmedia":[{"embeddable":true,"href":"https:\/\/www.europesays.com\/fr\/wp-json\/wp\/v2\/media\/302147"}],"wp:attachment":[{"href":"https:\/\/www.europesays.com\/fr\/wp-json\/wp\/v2\/media?parent=302146"}],"wp:term":[{"taxonomy":"category","embeddable":true,"href":"https:\/\/www.europesays.com\/fr\/wp-json\/wp\/v2\/categories?post=302146"},{"taxonomy":"post_tag","embeddable":true,"href":"https:\/\/www.europesays.com\/fr\/wp-json\/wp\/v2\/tags?post=302146"}],"curies":[{"name":"wp","href":"https:\/\/api.w.org\/{rel}","templated":true}]}}