{"id":302150,"date":"2025-08-07T06:56:12","date_gmt":"2025-08-07T06:56:12","guid":{"rendered":"https:\/\/www.europesays.com\/fr\/302150\/"},"modified":"2025-08-07T06:56:12","modified_gmt":"2025-08-07T06:56:12","slug":"karen-khachanov-retrouvera-ben-shelton-en-finale-du-masters-1000-de-toronto-lequipe","status":"publish","type":"post","link":"https:\/\/www.europesays.com\/fr\/302150\/","title":{"rendered":"Karen Khachanov retrouvera Ben Shelton en finale du Masters 1000 de Toronto &#8211; L&#039;\u00c9quipe"},"content":{"rendered":"<ol>\n<li><a href=\"https:\/\/news.google.com\/rss\/articles\/CBMiwgFBVV95cUxNQTRhWXJkNVdHTUliaE5EcEJNWlk1LXBzdERrRUtPQkI3WTdFVlZsSWdvaG90VlNXWmUycWRjSU1MVE50TjNiY2NJYm1fdHpFQ3pNS2J5bzkxQ3FxamxqeTFxbHh3V2pSTzl5ODZRUG1oQ3hnN3hHTEtsQU5SdnEtNS1lYTVFbFBEUTNOWWY2aVRkRU9XREUxTG5PTElUVFNRNk5ISHNXNEtCT2lQdzJJUE9IVTZoN3VmWlVxZTRuT1lDUQ?oc=5\" target=\"_blank\" rel=\"nofollow noopener\">Karen Khachanov retrouvera Ben Shelton en finale du Masters 1000 de Toronto<\/a>&nbsp;&nbsp;L&rsquo;\u00c9quipe<\/li>\n<li><a href=\"https:\/\/news.google.com\/rss\/articles\/CBMi_AFBVV95cUxQNVpZRm8xV3lrb3RpdVZSZWp1QW54ZXRPcW1zUWQzN0phbk5TWGVNNm5rZHVoM2xRQVcwVTg0LXJoelRmVHRZekZSSlZLa1BnTUpsZ1ptM0VrSTlGMy1NTUc1X3k0TDNGdFllN1Rqc3BfblpDbmRBejkzdTdwaWRFWVVrSWFaay03MFkzaERUMGlzS1RwUWRJQUR4UEdSNlkyU1V5Q0VXXzNORXdBdXdkSnlONkxRLUwyOUxUUDNrZUJJb0FHWDV4Q25waG9LR2J4ZGVCejNpZi04YnpLalRIOUZNMXZ0blVIdms2OUZvZjhlNmFEaFB2RU5fbmM?oc=5\" target=\"_blank\" rel=\"nofollow noopener\">Zverev \u00e9limin\u00e9 : Khachanov et Shelton se disputeront le titre<\/a>&nbsp;&nbsp;Eurosport<\/li>\n<li><a href=\"https:\/\/news.google.com\/rss\/articles\/CBMiuAFBVV95cUxQbDVTVmhBVnRFQS1YS2dFNEpwMXNUNU4xZS1IampIZ1E0NjFUNU1rUlFqNmFiQ2Jlc214YkZ1S2NYeDFuUUdmUVNzSERjVGdqOVZNckZFQmFPSnNuNFMxY2ZLa1dMZk1pZXRNWnA2Y1F3a0h4UzczdG5tNTZNLTZlTW1ZV3REV1IyTk5XdWF2TV9qbGJzQVlhdzJVN3JPODlFTFZabm0tVDBIRmloTjhlbUdwdnVSekRN?oc=5\" target=\"_blank\" rel=\"nofollow noopener\">Toronto &#8211; Kachanov bat Michelsen et rejoint Zverev en demies<\/a>&nbsp;&nbsp;Orange Actualit\u00e9s | Sports<\/li>\n<li><a href=\"https:\/\/news.google.com\/rss\/articles\/CBMitAFBVV95cUxQSVZYbzhoNlNUS1JQbTd5aV9JNkRUSFVWU1lEb0FwN0dBN193T3ZmbUZOeF91eHBObXRGVEQ5ZVh2OWV4S2NWZ3hMY1F4SUZqRWxHLUpxMHF4ZVR4WFpMV1ZIZW1wdndMUWlEREcxcWpQdm5EblhBNmJKRXFnVVlyTFRtRHg4dEQtZ2VOZmtnN3haaXY1S180SzFtOFdOaWhWalRpNVdyTTdzT0V4OVdyZ3E3RFI?oc=5\" target=\"_blank\" rel=\"nofollow noopener\">ATP &#8211; Toronto &gt; Ben Shelton tr\u00e8s clair apr\u00e8s sa victoire face \u00e0 Fritz : \u00ab Humble et affam\u00e9<\/a>&nbsp;&nbsp;We Love Tennis<\/li>\n<li><a href=\"https:\/\/news.google.com\/rss\/articles\/CBMi_wFBVV95cUxOR3IwNnFmd3hHMzRtQUhjbXQ0ZDhqUG5UQUpZRlNDUU93WUhCZTN4YUtSQ2wtQ3JpSlhDOFFtcFYyQTdETFlQVG9DeTNQRGZoUzMxTDZLV0tFeXBncUdfUEUwLUJxT3ZlbmdVeUNkYXFsV29ia1llcHdUX3VkQnJTZ2hKUU5tdVFET0p4ckltbzkyN1RuUFBlQmZuRGh1Zld0TW1rdEl4UE1qRXNhM2tpWkJNUUxkT1YwSVNFYUwtQ3JRUTBiOU1pb3A4R1ptMmVmN1dETzlhNzI1a0hVRVllSEFZR05KbnFFcnV6VUNNMWg1Z0tZcG0yTDdwdW9rRjA?oc=5\" target=\"_blank\" rel=\"nofollow noopener\">ATP Toronto: Khachanov sort Zverev pour rejoindre sa premi\u00e8re finale d&rsquo;un Masters 1000 depuis 2018<\/a>&nbsp;&nbsp;DHnet<\/li>\n<\/ol>\n","protected":false},"excerpt":{"rendered":"Karen Khachanov retrouvera Ben Shelton en finale du Masters 1000 de Toronto&nbsp;&nbsp;L&rsquo;\u00c9quipe Zverev \u00e9limin\u00e9 : Khachanov et Shelton&hellip;\n","protected":false},"author":2,"featured_media":302151,"comment_status":"","ping_status":"","sticky":false,"template":"","format":"standard","meta":{"footnotes":""},"categories":[1415],"tags":[1011,27,60,1467],"class_list":{"0":"post-302150","1":"post","2":"type-post","3":"status-publish","4":"format-standard","5":"has-post-thumbnail","7":"category-tennis","8":"tag-fr","9":"tag-france","10":"tag-sports","11":"tag-tennis"},"share_on_mastodon":{"url":"https:\/\/pubeurope.com\/@fr\/114986181116471845","error":""},"_links":{"self":[{"href":"https:\/\/www.europesays.com\/fr\/wp-json\/wp\/v2\/posts\/302150","targetHints":{"allow":["GET"]}}],"collection":[{"href":"https:\/\/www.europesays.com\/fr\/wp-json\/wp\/v2\/posts"}],"about":[{"href":"https:\/\/www.europesays.com\/fr\/wp-json\/wp\/v2\/types\/post"}],"author":[{"embeddable":true,"href":"https:\/\/www.europesays.com\/fr\/wp-json\/wp\/v2\/users\/2"}],"replies":[{"embeddable":true,"href":"https:\/\/www.europesays.com\/fr\/wp-json\/wp\/v2\/comments?post=302150"}],"version-history":[{"count":0,"href":"https:\/\/www.europesays.com\/fr\/wp-json\/wp\/v2\/posts\/302150\/revisions"}],"wp:featuredmedia":[{"embeddable":true,"href":"https:\/\/www.europesays.com\/fr\/wp-json\/wp\/v2\/media\/302151"}],"wp:attachment":[{"href":"https:\/\/www.europesays.com\/fr\/wp-json\/wp\/v2\/media?parent=302150"}],"wp:term":[{"taxonomy":"category","embeddable":true,"href":"https:\/\/www.europesays.com\/fr\/wp-json\/wp\/v2\/categories?post=302150"},{"taxonomy":"post_tag","embeddable":true,"href":"https:\/\/www.europesays.com\/fr\/wp-json\/wp\/v2\/tags?post=302150"}],"curies":[{"name":"wp","href":"https:\/\/api.w.org\/{rel}","templated":true}]}}