{"id":302164,"date":"2025-08-07T07:05:13","date_gmt":"2025-08-07T07:05:13","guid":{"rendered":"https:\/\/www.europesays.com\/fr\/302164\/"},"modified":"2025-08-07T07:05:13","modified_gmt":"2025-08-07T07:05:13","slug":"dna-spoiler-raphaelle-fait-une-grande-annonce-a-chloe","status":"publish","type":"post","link":"https:\/\/www.europesays.com\/fr\/302164\/","title":{"rendered":"DNA &#8211; [SPOILER] &#8211; Rapha\u00eblle fait une grande annonce \u00e0 Chlo\u00e9"},"content":{"rendered":"<p id=\"descriptionPanel\" class=\"text-secondary mr-2 line-clamp-2 pr-2.5 overflow-visible\">Rapha\u00eblle Perraud a une grande nouvelle \u00e0 annoncer \u00e0 sa meilleure amie, Chlo\u00e9. Elle va se marier avec Martin Constant ! Chlo\u00e9 Delcourt se r\u00e9jouit pour ses amis. Quelle magnifique perspective par les temps qui courent ! Rapha\u00eblle a \u00e9galement une demande tr\u00e8s sp\u00e9ciale pour Chlo\u00e9 : elle lui demande d&rsquo;\u00eatre son t\u00e9moin ! La pluie de bonnes nouvelles ne s&rsquo;arr\u00eate pas l\u00e0 : Rapha\u00eblle et Martin ont d\u00e9cid\u00e9 de d\u00e9m\u00e9nager, pour \u00e9crire une toute nouvelle histoire, \u00e0 deux. Sortez vos plus belles robes, le mariage de l&rsquo;ann\u00e9e est annonc\u00e9 ! Spoiler de l&rsquo;\u00e9pisode 2007 de Demain nous appartient. Retrouvez \u00ab\u00a0Demain nous appartient\u00a0\u00bb, du lundi au vendredi \u00e0 19h10 sur TF1.<\/p>\n<p>Afficher la version longue du r\u00e9sum\u00e9<a class=\"shrink-0\" href=\"https:\/\/www.tf1.fr\/tf1\/demain-nous-appartient\" target=\"_blank\" rel=\"noopener\"><img decoding=\"async\" src=\"https:\/\/www.europesays.com\/fr\/wp-content\/uploads\/2025\/08\/portraitcard-binome-2-0418b3-79edbe-0@1x.jpg\" width=\"138\" height=\"184\" alt=\"\" loading=\"eager\" fetchpriority=\"auto\" class=\"rounded-3px aspect-[3\/4] h-24 w-auto\" aria-hidden=\"true\"\/><\/a><\/p>\n","protected":false},"excerpt":{"rendered":"Rapha\u00eblle Perraud a une grande nouvelle \u00e0 annoncer \u00e0 sa meilleure amie, Chlo\u00e9. Elle va se marier avec&hellip;\n","protected":false},"author":2,"featured_media":302165,"comment_status":"","ping_status":"","sticky":false,"template":"","format":"standard","meta":{"footnotes":""},"categories":[1356],"tags":[4648,44229,58,59,3483,4647,44228,41321,1011,27,43001,43011,43015,43002,43012,43016,43008,43007,43013,43014,43009,43010,252,1364,43005,43006],"class_list":{"0":"post-302164","1":"post","2":"type-post","3":"status-publish","4":"format-standard","5":"has-post-thumbnail","7":"category-television","8":"tag-demain-nous-appartient-extrait","9":"tag-demain-nous-appartient-extrait-tf1","10":"tag-divertissement","11":"tag-entertainment","12":"tag-extrait","13":"tag-extrait-demain-nous-appartient","14":"tag-extrait-demain-nous-appartient-tf1","15":"tag-extrait-tf1","16":"tag-fr","17":"tag-france","18":"tag-serie-demain-nous-appartient","19":"tag-serie-demain-nous-appartient-streaming","20":"tag-serie-demain-nous-appartient-streaming-gratuit","21":"tag-serie-demain-nous-appartient-tf1","22":"tag-serie-demain-nous-appartient-tf1-streaming","23":"tag-serie-demain-nous-appartient-tf1-streaming-gratuit","24":"tag-serie-demain-nous-appartient-tf1-video","25":"tag-serie-demain-nous-appartient-video","26":"tag-streaming-gratuit-serie-demain-nous-appartient","27":"tag-streaming-gratuit-serie-demain-nous-appartient-tf1","28":"tag-streaming-serie-demain-nous-appartient","29":"tag-streaming-serie-demain-nous-appartient-tf1","30":"tag-television","31":"tag-tv","32":"tag-video-serie-demain-nous-appartient","33":"tag-video-serie-demain-nous-appartient-tf1"},"share_on_mastodon":{"url":"","error":"Validation failed: Text character limit of 500 exceeded"},"_links":{"self":[{"href":"https:\/\/www.europesays.com\/fr\/wp-json\/wp\/v2\/posts\/302164","targetHints":{"allow":["GET"]}}],"collection":[{"href":"https:\/\/www.europesays.com\/fr\/wp-json\/wp\/v2\/posts"}],"about":[{"href":"https:\/\/www.europesays.com\/fr\/wp-json\/wp\/v2\/types\/post"}],"author":[{"embeddable":true,"href":"https:\/\/www.europesays.com\/fr\/wp-json\/wp\/v2\/users\/2"}],"replies":[{"embeddable":true,"href":"https:\/\/www.europesays.com\/fr\/wp-json\/wp\/v2\/comments?post=302164"}],"version-history":[{"count":0,"href":"https:\/\/www.europesays.com\/fr\/wp-json\/wp\/v2\/posts\/302164\/revisions"}],"wp:featuredmedia":[{"embeddable":true,"href":"https:\/\/www.europesays.com\/fr\/wp-json\/wp\/v2\/media\/302165"}],"wp:attachment":[{"href":"https:\/\/www.europesays.com\/fr\/wp-json\/wp\/v2\/media?parent=302164"}],"wp:term":[{"taxonomy":"category","embeddable":true,"href":"https:\/\/www.europesays.com\/fr\/wp-json\/wp\/v2\/categories?post=302164"},{"taxonomy":"post_tag","embeddable":true,"href":"https:\/\/www.europesays.com\/fr\/wp-json\/wp\/v2\/tags?post=302164"}],"curies":[{"name":"wp","href":"https:\/\/api.w.org\/{rel}","templated":true}]}}