{"id":302166,"date":"2025-08-07T07:06:14","date_gmt":"2025-08-07T07:06:14","guid":{"rendered":"https:\/\/www.europesays.com\/fr\/302166\/"},"modified":"2025-08-07T07:06:14","modified_gmt":"2025-08-07T07:06:14","slug":"deux-ans-de-travail-pour-le-booker-et-voici-travis-scott-en-showcase-a-calvi","status":"publish","type":"post","link":"https:\/\/www.europesays.com\/fr\/302166\/","title":{"rendered":"\u00ab\u00a0Deux ans de travail pour le booker\u00a0\u00bb, et voici Travis Scott en showcase \u00e0 Calvi"},"content":{"rendered":"<p class=\"article__intro\">La star du rap am\u00e9ricain Travis Scott assure un showcase dans un \u00e9tablissement de nuit de Calvi le mercredi 13 ao\u00fbt. Une repr\u00e9sentation in\u00e9dite pour la discoth\u00e8que, qui a n\u00e9cessit\u00e9 des mois d&rsquo;\u00e9changes et de n\u00e9gociations. En voici les coulisses.<\/p>\n<p>\n      L\u2019actu des r\u00e9gions\n    <\/p>\n<p>\n      Chaque jour, un tour d\u2019horizon des principales infos de toutes les r\u00e9gions.\n    <\/p>\n<p>    France T\u00e9l\u00e9visions utilise votre adresse e-mail afin de vous envoyer la newsletter \u00ab\u00a0L\u2019actu des r\u00e9gions\u00a0\u00bb. Vous pouvez vous d\u00e9sinscrire \u00e0 tout moment via le lien en bas de cette newsletter. <a target=\"_blank\" href=\"https:\/\/www.francetelevisions.fr\/groupe\/confidentialite\/politique-de-confidentialite\/politique-de-confidentialite-de-france-televisions-6503\" rel=\"nofollow noopener\">Notre politique de confidentialit\u00e9<\/a><\/p>\n<p>\u00ab\u00a0Ce n\u2019est pas un simple show, c\u2019est un v\u00e9ritable tremblement de terre\u00a0\u00bb. Voici le teaser de la bo\u00eete de nuit l&rsquo;Eden Port sur sa page Facebook, avant le showcase de Travis Scott, chanteur am\u00e9ricain aux dizaines de milliards d&rsquo;\u00e9coutes cette ann\u00e9e.\u00a0<\/p>\n<\/p>\n<p>Travis Scott chantera mercredi prochain, le 13 ao\u00fbt. \u00ab\u00a0Cela fait 2 ans que l&rsquo;on travaille dessus, de contact en contact pour joindre son manager. On y \u00e9tait presque l&rsquo;an pass\u00e9\u00a0\u00bb, explique Adrien Falco, responsable \u00e9v\u00e8nementiel de l&rsquo;Eden Port.\u00a0\u00ab\u00a0Les Am\u00e9ricains sont excit\u00e9s de venir en Corse. C&rsquo;est le bon moment pour proposer \u00e7a.\u00a0\u00bb<\/p>\n<p>Rien n&rsquo;a \u00e9t\u00e9 simple pour y arriver. Adrien Falco a d\u00fb passer par le bon tour manager &#8211; l&rsquo;\u00e9quivalent d&rsquo;un interm\u00e9diaire &#8211; capable de l&rsquo;orienter vers l&rsquo;agent de l&rsquo;artiste am\u00e9ricain. \u00ab\u00a0Ce sont des dizaines de coups de t\u00e9l\u00e9phone pour approcher les personnes proches de lui\u00a0\u00bb, rembobine l&rsquo;organisateur. Le tour manager avec qui on traite a d\u00e9j\u00e0 travaill\u00e9 avec des grosses bo\u00eetes de nuit parisiennes. C&rsquo;est quelqu&rsquo;un de confiance.\u00a0\u00bb<\/p>\n<p>Avant d&rsquo;atteindre cette personne, les organisateurs ont d\u00fb prendre leurs distances avec d&rsquo;autres interm\u00e9diaires. \u00ab\u00a0Il y en a un qui voulait qu&rsquo;on lui livre de l&rsquo;argent au Portugal pour un service, un autre qui r\u00e9clamait 10 000 dollars juste pour envoyer un message. Il y a plein de gens qui gravitent autour de ce milieu\u00a0\u00bb, raconte Adrien Falco.\u00a0<\/p>\n<p>Le contrat est finalement sign\u00e9 avec Travis Scott pour plusieurs centaines de milliers d&rsquo;euros. Un cachet \u00e9norme, qui se retranscrit sur le prix des places <a href=\"https:\/\/www.seetickets.com\/fr\/event\/travis-scott-eden-port-baia\/eden-port-calvi\/3461267\" target=\"_blank\" rel=\"noopener nofollow\">allant de 160 \u00e0 350 euros<\/a>. \u00ab\u00a0On a un boulot monstre en peu de temps\u00a0\u00bb, reconna\u00eet Adrien Falco. D&rsquo;habitude, on a deux mois de pr\u00e9paration. L\u00e0, on a deux semaines. Le stress prend la place sur tout le reste. Il n&rsquo;y a pas encore d&rsquo;excitation.\u00a0\u00bb<\/p>\n<p>L&rsquo;organisation voit double avec 100 agents de s\u00e9curit\u00e9 pr\u00e9vus contre\u00a050 habituellement. \u00ab\u00a0On a aussi beaucoup de demandes pour la sc\u00e9nographie et la r\u00e9gie. Tout va tr\u00e8s vite.\u00a0\u00bb<\/p>\n<p>Apr\u00e8s Jenifer il y a 10 jours et <a href=\"https:\/\/www.facebook.com\/photo?fbid=1342371027898378&amp;set=pcb.1342371081231706\" target=\"_blank\" rel=\"noopener nofollow\">Jul d\u00e9but ao\u00fbt<\/a>, Travis Scott est un autre chanteur de renom book\u00e9 par l&rsquo;Eden Port cet \u00e9t\u00e9. Les DJ auraient-ils \u00e9t\u00e9 remplac\u00e9s ? \u00ab\u00a0Non\u00a0\u00bb, selon le responsable. \u00ab\u00a0On a plusieurs publics, qui aiment le rap, et aussi la house. Notre programmation est \u00e9clectique, avec une cible hyper large.\u00a0\u00bb<\/p>\n<\/p>\n<p>L&rsquo;\u00e9tablissement s&rsquo;attend \u00e0 vendre les 2 000 places propos\u00e9es pour ce showcase. Pour le moment, les trois-quarts ont d\u00e9j\u00e0 \u00e9t\u00e9 vendues.\u00a0<\/p>\n","protected":false},"excerpt":{"rendered":"La star du rap am\u00e9ricain Travis Scott assure un showcase dans un \u00e9tablissement de nuit de Calvi le&hellip;\n","protected":false},"author":2,"featured_media":302167,"comment_status":"","ping_status":"","sticky":false,"template":"","format":"standard","meta":{"footnotes":""},"categories":[1355],"tags":[58,59,1011,27,1361,873],"class_list":{"0":"post-302166","1":"post","2":"type-post","3":"status-publish","4":"format-standard","5":"has-post-thumbnail","7":"category-musique","8":"tag-divertissement","9":"tag-entertainment","10":"tag-fr","11":"tag-france","12":"tag-music","13":"tag-musique"},"share_on_mastodon":{"url":"https:\/\/pubeurope.com\/@fr\/114986220544803084","error":""},"_links":{"self":[{"href":"https:\/\/www.europesays.com\/fr\/wp-json\/wp\/v2\/posts\/302166","targetHints":{"allow":["GET"]}}],"collection":[{"href":"https:\/\/www.europesays.com\/fr\/wp-json\/wp\/v2\/posts"}],"about":[{"href":"https:\/\/www.europesays.com\/fr\/wp-json\/wp\/v2\/types\/post"}],"author":[{"embeddable":true,"href":"https:\/\/www.europesays.com\/fr\/wp-json\/wp\/v2\/users\/2"}],"replies":[{"embeddable":true,"href":"https:\/\/www.europesays.com\/fr\/wp-json\/wp\/v2\/comments?post=302166"}],"version-history":[{"count":0,"href":"https:\/\/www.europesays.com\/fr\/wp-json\/wp\/v2\/posts\/302166\/revisions"}],"wp:featuredmedia":[{"embeddable":true,"href":"https:\/\/www.europesays.com\/fr\/wp-json\/wp\/v2\/media\/302167"}],"wp:attachment":[{"href":"https:\/\/www.europesays.com\/fr\/wp-json\/wp\/v2\/media?parent=302166"}],"wp:term":[{"taxonomy":"category","embeddable":true,"href":"https:\/\/www.europesays.com\/fr\/wp-json\/wp\/v2\/categories?post=302166"},{"taxonomy":"post_tag","embeddable":true,"href":"https:\/\/www.europesays.com\/fr\/wp-json\/wp\/v2\/tags?post=302166"}],"curies":[{"name":"wp","href":"https:\/\/api.w.org\/{rel}","templated":true}]}}