{"id":302168,"date":"2025-08-07T07:07:23","date_gmt":"2025-08-07T07:07:23","guid":{"rendered":"https:\/\/www.europesays.com\/fr\/302168\/"},"modified":"2025-08-07T07:07:23","modified_gmt":"2025-08-07T07:07:23","slug":"badh-un-jason-bourne-au-feminin-au-cinema","status":"publish","type":"post","link":"https:\/\/www.europesays.com\/fr\/302168\/","title":{"rendered":"\u00ab\u00a0Badh\u00a0\u00bb, \u00ab\u00a0un Jason Bourne au f\u00e9minin\u00a0\u00bb au cin\u00e9ma"},"content":{"rendered":"<p class=\"c-chapo \">\n  Badh Siracine est une ex-agente, trahie par la DGSE, que son pass\u00e9 rattrape. Ce nouveau film de Guillaume de Fontenay, le r\u00e9alisateur de \u00ab\u00a0Sympathie pour le diable\u00a0\u00bb, sort mercredi au cin\u00e9ma, avec Marine Vacth.\n<\/p>\n<p>            lire plus tard<\/p>\n<p id=\"dialog__title\" class=\"dialog__title\">Pour sauvegarder cet article, connectez-vous ou cr\u00e9ez un compte franceinfo<\/p>\n<p class=\"dialog__description\">Sans paiement. Sans abonnement.<\/p>\n<p>        Fermer la fen\u00eatre d\u2019activation des notifications France Info<\/p>\n<p>            cr\u00e9er votre compte<\/p>\n<p>            se connecter<\/p>\n<p>        Fermer la fen\u00eatre de pr\u00e9sentation<\/p>\n<p>    <img loading=\"lazy\" decoding=\"async\" class=\"signature__image lazyload\" width=\"100\" height=\"100\" data- alt=\"\" src=\"https:\/\/www.europesays.com\/fr\/wp-content\/uploads\/2025\/06\/matteu-maestracci-65e603799db0a021488708.png\"\/><\/p>\n<p>    Publi\u00e9 le 06\/08\/2025 12:44<\/p>\n<p>        Temps de lecture : 2min<\/p>\n<p>    <img decoding=\"async\"  alt=\"Marine Vacth incarne Badh Siracine dans le film &quot;Badh&quot;. (PAN DISTRIBUTION)\" width=\"432\" height=\"243\" src=\"https:\/\/www.europesays.com\/fr\/wp-content\/uploads\/2025\/08\/badh-68932d1710ce8017756755.jpeg\" fetchpriority=\"high\"\/><\/p>\n<p>      Marine Vacth incarne Badh Siracine dans le film \u00ab\u00a0Badh\u00a0\u00bb. (PAN DISTRIBUTION)<\/p>\n<p>Badh de Guillaume de Fontenay sort mercredi 6\u00a0ao\u00fbt dans les salles. Il raconte l&rsquo;histoire d&rsquo;une agente secr\u00e8te fran\u00e7aise en qu\u00eate de vengeance, Badh Siracine, interpr\u00e9t\u00e9e par Marine Vacth. Elle est un \u00e9l\u00e9ment majeur des services secrets fran\u00e7ais. Charg\u00e9e d&rsquo;\u00e9liminer un gros trafiquant d&rsquo;armes en Syrie, elle se voit trahie par la DGSE. Elle dispara\u00eet et choisit de refaire sa vie incognito au Maroc, jusqu&rsquo;au jour o\u00f9 son mari est pris pour cible et que son pass\u00e9 refait surface.<\/p>\n<\/p>\n<p>Apr\u00e8s Sympathie pour le diable en 2019 sur la vie du journaliste Paul Marchand, Guillaume de Fontenay puise \u00e0 nouveau dans une r\u00e9alit\u00e9 conflictuelle pour nourrir sa fiction. <strong\/>\u00ab\u00a0On m&rsquo;a propos\u00e9 ce sc\u00e9nario en septembre 2023, se souvient-il. On a beaucoup travaill\u00e9 sur l&rsquo;adaptation pour en faire un esp\u00e8ce de &lsquo;Jason Bourne&rsquo; au f\u00e9minin.\u00a0\u00bb<\/p>\n<blockquote class=\"ftvi_content_quote\">\n<p class=\"ftvi_citation_quote\">\u00ab\u00a0J&rsquo;avais envie aussi que le film ne soit pas qu&rsquo;un film d&rsquo;action, mais que le film dise aussi des choses, qu&rsquo;il soul\u00e8ve des questions.\u00a0\u00bb<\/p>\n<p>Le r\u00e9alisateur Guillaume de Fontenay<\/p>\n<p class=\"ftvi_citation_source\">sur franceinfo<\/p>\n<\/blockquote>\n<p>\u00ab\u00a0J&rsquo;ai fait appel \u00e0 des conseillers de la DGSE, raconte Guillaume de Fontenay, l&rsquo;\u00e9crivain Vincent Nouzille qui a \u00e9crit &lsquo;Les tueurs de la R\u00e9publique&rsquo;, Guillaume Dasqui\u00e9, qui a fait le formidable documentaire sur l&rsquo;histoire de Lafarge et Pascal Chouet, qui \u00e9tait un ancien directeur de la DGSE en Afrique du Nord.\u00a0\u00bb<\/p>\n<p>Depuis des d\u00e9cennies, les th\u00e9matiques de l&rsquo;espionnage, du renseignement, sur fond d&rsquo;enjeux diplomatiques sont une formidable mati\u00e8re sc\u00e9naristique et de cin\u00e9ma. Ce qui n&rsquo;a pas emp\u00each\u00e9 Guillaume de Fontenay de vouloir faire un film aussi r\u00e9aliste et pr\u00e9cis que possible. \u00ab\u00a0<strong\/>\u00c7a soul\u00e8ve des questions aussi morales, donc c&rsquo;est int\u00e9ressant de le questionner, souligne le r\u00e9alisateur. J&rsquo;ai essay\u00e9 d&rsquo;\u00eatre le plus r\u00e9aliste et, m\u00eame dans l&rsquo;action, d&rsquo;\u00eatre le plus cru : cam\u00e9ra immersive, cam\u00e9ra \u00e0 l&rsquo;\u00e9paule, \u00e7a bouge beaucoup. Mais j&rsquo;ai voulu travailler avec les com\u00e9diens pour que chaque fois, les mots soient justes, les intentions soient fortes et qu&rsquo;il y ait au travers de cette narration des choses qui se disent.\u00a0\u00bb<\/p>\n<p>Badh s\u00e9duit par la qualit\u00e9 de sa mise en sc\u00e8ne et notamment les sc\u00e8nes de poursuite et de combat. Marine Vacth se r\u00e9v\u00e8le tr\u00e8s cr\u00e9dible en h\u00e9ro\u00efne d&rsquo;action, entour\u00e9e par une distribution de qualit\u00e9\u00a0: Niels Schneider, Emmanuelle Bercot, Slimane Dazi, ou encore Gr\u00e9goire Colin. Et pour ne rien g\u00e2cher, les villes d&rsquo;Essaouira ou Casablanca, au Maroc, <strong\/>offrent de tr\u00e8s beaux d\u00e9cors naturels.<\/p>\n","protected":false},"excerpt":{"rendered":"Badh Siracine est une ex-agente, trahie par la DGSE, que son pass\u00e9 rattrape. Ce nouveau film de Guillaume&hellip;\n","protected":false},"author":2,"featured_media":302169,"comment_status":"","ping_status":"","sticky":false,"template":"","format":"standard","meta":{"footnotes":""},"categories":[1354],"tags":[58,59,1346,1011,27,1360],"class_list":{"0":"post-302168","1":"post","2":"type-post","3":"status-publish","4":"format-standard","5":"has-post-thumbnail","7":"category-films","8":"tag-divertissement","9":"tag-entertainment","10":"tag-films","11":"tag-fr","12":"tag-france","13":"tag-movies"},"share_on_mastodon":{"url":"https:\/\/pubeurope.com\/@fr\/114986225047982381","error":""},"_links":{"self":[{"href":"https:\/\/www.europesays.com\/fr\/wp-json\/wp\/v2\/posts\/302168","targetHints":{"allow":["GET"]}}],"collection":[{"href":"https:\/\/www.europesays.com\/fr\/wp-json\/wp\/v2\/posts"}],"about":[{"href":"https:\/\/www.europesays.com\/fr\/wp-json\/wp\/v2\/types\/post"}],"author":[{"embeddable":true,"href":"https:\/\/www.europesays.com\/fr\/wp-json\/wp\/v2\/users\/2"}],"replies":[{"embeddable":true,"href":"https:\/\/www.europesays.com\/fr\/wp-json\/wp\/v2\/comments?post=302168"}],"version-history":[{"count":0,"href":"https:\/\/www.europesays.com\/fr\/wp-json\/wp\/v2\/posts\/302168\/revisions"}],"wp:featuredmedia":[{"embeddable":true,"href":"https:\/\/www.europesays.com\/fr\/wp-json\/wp\/v2\/media\/302169"}],"wp:attachment":[{"href":"https:\/\/www.europesays.com\/fr\/wp-json\/wp\/v2\/media?parent=302168"}],"wp:term":[{"taxonomy":"category","embeddable":true,"href":"https:\/\/www.europesays.com\/fr\/wp-json\/wp\/v2\/categories?post=302168"},{"taxonomy":"post_tag","embeddable":true,"href":"https:\/\/www.europesays.com\/fr\/wp-json\/wp\/v2\/tags?post=302168"}],"curies":[{"name":"wp","href":"https:\/\/api.w.org\/{rel}","templated":true}]}}