{"id":302179,"date":"2025-08-07T07:13:11","date_gmt":"2025-08-07T07:13:11","guid":{"rendered":"https:\/\/www.europesays.com\/fr\/302179\/"},"modified":"2025-08-07T07:13:11","modified_gmt":"2025-08-07T07:13:11","slug":"la-purge-des-etudiants-etrangers-dont-reve-steve-bannon-pourrait-couter-cher-a-lamerique","status":"publish","type":"post","link":"https:\/\/www.europesays.com\/fr\/302179\/","title":{"rendered":"La \u00ab\u00a0purge\u00a0\u00bb des \u00e9tudiants \u00e9trangers dont r\u00eave Steve Bannon pourrait co\u00fbter cher \u00e0 l\u2019Am\u00e9rique"},"content":{"rendered":"<p> \u00abVous avez 30 jours pour passer du temps avec vos camarades, participer \u00e0 des activit\u00e9s d\u2019anciens \u00e9l\u00e8ves. Ensuite, partez.\u00a0\u00bb Vendredi dernier, <a href=\"https:\/\/x.com\/gc22gc\/status\/1951304302544261505\" rel=\"nofollow\" target=\"_blank\" class=\"color-ultramarine c-link\">Steve Bannon, ancien conseiller du pr\u00e9sident<\/a> des <a href=\"https:\/\/www.20minutes.fr\/monde\/etats-unis\/\" class=\"color-ultramarine c-link\" target=\"_blank\" rel=\"noopener\">Etats-Unis<\/a> <a href=\"https:\/\/www.20minutes.fr\/dossier\/donald_trump\" class=\"color-ultramarine c-link\" target=\"_blank\" rel=\"noopener\">Donald Trump<\/a>, a appel\u00e9 \u00e0 ce qu\u2019il n\u2019y ait plus \u00ab\u00a0un seul \u00e9tudiant \u00e9tranger dans le pays en ce moment\u00a0\u00bb. Bien que souvent grandiloquentes et farfelues, les saillies du supr\u00e9maciste sont surveill\u00e9es de pr\u00e8s. Elles servent en effet r\u00e9guli\u00e8rement de \u00ab\u00a0ballon d\u2019essai id\u00e9ologique \u00e0 l\u2019agenda des r\u00e9publicains\u00a0\u00bb,<a href=\"https:\/\/timesofindia.indiatimes.com\/education\/news\/no-foreign-students-should-be-in-the-country-right-now-says-steve-bannon-what-it-means-for-your-h-1b-visa-and-future-in-the-us\/articleshow\/123076370.cms\" rel=\"nofollow noopener\" target=\"_blank\" class=\"color-ultramarine c-link\"> s\u2019inqui\u00e8te The Times of India.<\/a><\/p>\n<p>L\u2019ancien conseiller de Donald Trump est all\u00e9 jusqu\u2019\u00e0 appeler \u00e0 une \u00ab\u00a0purge totale\u00a0\u00bb des quelque 1,12\u00a0million d\u2019\u00e9tudiants \u00e9trangers qui usent les bancs universitaires du pays. \u00ab\u00a0Les \u00e9tudiants internationaux ne repr\u00e9sentent que 6\u00a0% de l\u2019ensemble des \u00e9tudiants am\u00e9ricains, leur absence ne serait donc pas aussi d\u00e9vastatrice que dans un pays comme l\u2019Australie, o\u00f9 un tiers des \u00e9tudiants viennent de l\u2019\u00e9tranger. Cela dit, l\u2019impact pourrait \u00eatre \u00e9norme pour certains \u00e9tablissements et certains programmes\u00a0\u00bb, explique Karin Fischer, journaliste au The Chronicle of Higher Education et experte de l\u2019enseignement sup\u00e9rieur.<\/p>\n<p>Pr\u00e8s de 44\u00a0milliards de dollars par an<\/p>\n<p>\u00ab\u00a0Il est peu probable que tous les \u00e9tudiants \u00e9trangers soient expuls\u00e9s, temp\u00e8re Stuart Anderson, directeur ex\u00e9cutif de la National Foundation for American Policy. Mais m\u00eame une baisse significative du nombre d\u2019inscriptions d\u2019\u00e9tudiants \u00e9trangers nuirait au bilan financier de nombreuses universit\u00e9s am\u00e9ricaines.\u00a0\u00bb Car les \u00e9tudiants internationaux payent souvent le double des tarifs pratiqu\u00e9s par les \u00e9tudiants locaux. \u00ab\u00a0Si certaines universit\u00e9s am\u00e9ricaines se voyaient soudainement priv\u00e9es de cette manne financi\u00e8re que constituent les frais de scolarit\u00e9 assum\u00e9s par les \u00e9tudiants internationaux, leur mod\u00e8le \u00e9conomique pourrait s\u2019en trouver \u00e9branl\u00e9\u00a0\u00bb, abonde Ioanna Kohler. \u00ab\u00a0Les tr\u00e8s grandes universit\u00e9s ont par ailleurs souvent une communaut\u00e9 d\u2019alumni qui les financent, dont un certain nombre sont des <a href=\"https:\/\/www.20minutes.fr\/dossier\/etudiants_etrangers\" class=\"color-ultramarine c-link\" target=\"_blank\" rel=\"noopener\">\u00e9tudiants \u00e9trangers<\/a>\u00a0\u00bb, ajoute l\u2019autrice de l\u2019\u00e9tude<a href=\"https:\/\/www.institutmontaigne.org\/publications\/gone-good-partis-pour-de-bon-les-expatries-de-lenseignement-superieur-francais-aux-etats-unis\" rel=\"nofollow noopener\" target=\"_blank\" class=\"color-ultramarine c-link\"> Gone for Good\u00a0? Partis pour de bon\u00a0? Les expatri\u00e9s de l\u2019enseignement sup\u00e9rieur fran\u00e7ais aux Etats-Unis<\/a>, publi\u00e9e par l\u2019Institut Montaigne.<\/p>\n<p>Mais les universit\u00e9s ne seraient pas les seules \u00e0 souffrir d\u2019une telle d\u00e9cision. H\u00e9bergement, restauration, commerce, transports\u2026 Les \u00e9tudiants \u00e9trangers participent \u00e0 la vie \u00e9conomique des villes qui les accueillent. <a href=\"https:\/\/www.nafsa.org\/policy-and-advocacy\/policy-resources\/nafsa-international-student-economic-value-tool-v2\" rel=\"nofollow noopener\" target=\"_blank\" class=\"color-ultramarine c-link\">D\u2019apr\u00e8s un rapport de la NAFSA (Association of International Educators)<\/a>, ils ont contribu\u00e9 \u00e0 hauteur de 43,8\u00a0milliards de dollars \u00e0 l\u2019\u00e9conomie am\u00e9ricaine au cours de l\u2019ann\u00e9e universitaire 2023-2024. Une myriade d\u2019entre eux s\u2019installent aussi apr\u00e8s l\u2019obtention de leur dipl\u00f4me et continuent \u00e0 cr\u00e9er de la richesse. \u00ab\u00a0Un quart des start-ups am\u00e9ricaines valoris\u00e9es \u00e0 plus d\u2019un milliard de dollars ont \u00e9t\u00e9 fond\u00e9es par des personnes qui sont arriv\u00e9es dans le pays en tant qu\u2019\u00e9tudiants \u00e9trangers\u00a0\u00bb, note ainsi Karin Fischer.<\/p>\n<p>Plus d\u2019un brevet sur deux<\/p>\n<p>Au-del\u00e0 des pertes financi\u00e8res, l\u2019absence d\u2019\u00e9tudiants \u00e9trangers mettrait aussi en p\u00e9ril l\u2019innovation am\u00e9ricaine. \u00ab\u00a0Ce qui est \u00e9tonnant c\u2019est que les \u00e9tudiants \u00e9trangers repr\u00e9sentent une future main-d\u2019\u0153uvre tr\u00e8s qualifi\u00e9e, on ne parle pas de sans papiers ou de personnes sans qualification\u00a0\u00bb, remarque Ioanna Kohler. Ils constituent donc \u00ab\u00a0une source essentielle de talents hautement qualifi\u00e9s pour les entreprises am\u00e9ricaines. Les emp\u00eacher de travailler aux Etats-Unis nuirait \u00e0 l\u2019innovation et pousserait les entreprises \u00e0 employer davantage de personnes en dehors du pays\u00a0\u00bb, analyse Stuart Anderson.<\/p>\n<p>La recherche et l\u2019innovation seraient aussi fortement \u00e9branl\u00e9es. \u00ab\u00a0Les \u00e9tudiants et dipl\u00f4m\u00e9s \u00e9trangers sont le pilier de la recherche universitaire et priv\u00e9e, mart\u00e8le Karin Fischer. Sans eux, il serait difficile pour la science am\u00e9ricaine de continuer \u00e0 fonctionner, du moins \u00e0 un tel niveau. Certains \u00e9tablissent un parall\u00e8le avec l\u2019expulsion des scientifiques juifs par les nazis, une d\u00e9cision qui a d\u00e9vast\u00e9 la recherche allemande sur plusieurs g\u00e9n\u00e9rations.\u00a0\u00bb En\u00a02020, plus de la moiti\u00e9 des brevets accord\u00e9s aux Etats-Unis l\u2019ont \u00e9t\u00e9 \u00e0 des inventeurs de nationalit\u00e9 \u00e9trang\u00e8re, <a href=\"https:\/\/www.uspto.gov\/web\/offices\/ac\/ido\/oeip\/taf\/st_co_20.htm\" rel=\"nofollow noopener\" target=\"_blank\" class=\"color-ultramarine c-link\">selon l\u2019Office des brevets et des marques des Etats-Unis<\/a>.<\/p>\n<p>Les \u00ab\u00a0turbulences\u00a0\u00bb du soft power am\u00e9ricain<\/p>\n<p>Les universit\u00e9s am\u00e9ricaines ne se laisseraient toutefois pas viser les bras crois\u00e9s. Depuis mai\u00a02025, l\u2019administration Trump a tent\u00e9 d\u2019exclure les \u00e9tudiants \u00e9trangers d\u2019<a href=\"https:\/\/www.20minutes.fr\/dossier\/harvard\" class=\"color-ultramarine c-link\" target=\"_blank\" rel=\"noopener\">Harvard<\/a>, mais l\u2019universit\u00e9 mondialement connue a obtenu un sursis en justice et d\u00e9nonc\u00e9 une atteinte \u00e0 la libert\u00e9 acad\u00e9mique. Mais \u00ab\u00a0toutes ces turbulences avec leurs lots de d\u00e9cisions et de contre d\u00e9cisions sont tr\u00e8s dommageables pour l\u2019image des Etats-Unis et l\u2019attractivit\u00e9 des universit\u00e9s am\u00e9ricaines\u00a0\u00bb, souligne Ioanna Kohler qui pr\u00e9dit une baisse des inscriptions dans les trois prochaines ann\u00e9es.<\/p>\n<p><a href=\"https:\/\/www.20minutes.fr\/monde\/etats-unis\/\" class=\"c-link c-btn c-btn--primary\" target=\"_blank\" rel=\"noopener\">Notre dossier sur les Etats-Unis<\/a><\/p>\n<p>La NAFSA anticipe d\u00e9j\u00e0 une <a href=\"https:\/\/www.nafsa.org\/fall-2025-international-student-enrollment-outlook-and-economic-impact\" rel=\"nofollow noopener\" target=\"_blank\" class=\"color-ultramarine c-link\">possible baisse de 30 \u00e0 40\u00a0% des nouveaux \u00e9tudiants internationaux.<\/a> \u00ab\u00a0M\u00eame si ces propositions radicales ne sont pas adopt\u00e9es, le discours nuit probablement d\u00e9j\u00e0 \u00e0 l\u2019image des \u00c9tats-Unis et donne l\u2019impression que le pays n\u2019est pas accueillant envers les \u00e9trangers\u00a0\u00bb, juge Karin Fischer. \u00ab\u00a0Le renforcement des restrictions \u00e0 l\u2019\u00e9gard des \u00e9tudiants \u00e9trangers et la r\u00e9duction de leurs inscriptions affaiblissent le \u00ab\u00a0soft power\u00a0\u00bb et l\u2019influence des Etats-Unis\u00a0\u00bb, abonde Stuart Anderson.<\/p>\n<\/p>\n<p>\u00ab\u00a0Pour les Etats-Unis, l\u2019\u00e9conomie de la connaissance repr\u00e9sente un facteur de \u00ab\u00a0soft power\u00a0\u00bb important. Ils forment les esprits \u00e0 une fa\u00e7on de penser am\u00e9ricaine et tout \u00e7a se diss\u00e9mine dans le monde par le retour des dipl\u00f4m\u00e9s dans leurs pays d\u2019origine. Ce repli sur soi va \u00e0 l\u2019encontre des int\u00e9r\u00eats de la puissance am\u00e9ricaine\u00a0\u00bb, estime Ioanna Kohler. Et une nouvelle attaque \u00e0 l\u2019encontre des intellectuels, dans un pays o\u00f9 le vice-pr\u00e9sident estime que<a href=\"https:\/\/www.cbc.ca\/radio\/frontburner\/professors-are-the-enemy-trump-s-war-on-higher-education-transcript-1.7493843\" rel=\"nofollow noopener\" target=\"_blank\" class=\"color-ultramarine c-link\"> les professeurs et les universit\u00e9s sont \u00ab\u00a0les ennemis\u00a0\u00bb<\/a>.<\/p>\n","protected":false},"excerpt":{"rendered":"\u00abVous avez 30 jours pour passer du temps avec vos camarades, participer \u00e0 des activit\u00e9s d\u2019anciens \u00e9l\u00e8ves. Ensuite,&hellip;\n","protected":false},"author":2,"featured_media":302180,"comment_status":"","ping_status":"","sticky":false,"template":"","format":"standard","meta":{"footnotes":""},"categories":[5],"tags":[47,11,75,73,4081,6898,1011,27,14,74,12,10162,28],"class_list":{"0":"post-302179","1":"post","2":"type-post","3":"status-publish","4":"format-standard","5":"has-post-thumbnail","7":"category-international","8":"tag-actualite","9":"tag-actualites","10":"tag-donald-trump","11":"tag-etats-unis","12":"tag-etudiant","13":"tag-etudiants-etrangers","14":"tag-fr","15":"tag-france","16":"tag-international","17":"tag-monde","18":"tag-news","19":"tag-racisme","20":"tag-world"},"share_on_mastodon":{"url":"https:\/\/pubeurope.com\/@fr\/114986247954707551","error":""},"_links":{"self":[{"href":"https:\/\/www.europesays.com\/fr\/wp-json\/wp\/v2\/posts\/302179","targetHints":{"allow":["GET"]}}],"collection":[{"href":"https:\/\/www.europesays.com\/fr\/wp-json\/wp\/v2\/posts"}],"about":[{"href":"https:\/\/www.europesays.com\/fr\/wp-json\/wp\/v2\/types\/post"}],"author":[{"embeddable":true,"href":"https:\/\/www.europesays.com\/fr\/wp-json\/wp\/v2\/users\/2"}],"replies":[{"embeddable":true,"href":"https:\/\/www.europesays.com\/fr\/wp-json\/wp\/v2\/comments?post=302179"}],"version-history":[{"count":0,"href":"https:\/\/www.europesays.com\/fr\/wp-json\/wp\/v2\/posts\/302179\/revisions"}],"wp:featuredmedia":[{"embeddable":true,"href":"https:\/\/www.europesays.com\/fr\/wp-json\/wp\/v2\/media\/302180"}],"wp:attachment":[{"href":"https:\/\/www.europesays.com\/fr\/wp-json\/wp\/v2\/media?parent=302179"}],"wp:term":[{"taxonomy":"category","embeddable":true,"href":"https:\/\/www.europesays.com\/fr\/wp-json\/wp\/v2\/categories?post=302179"},{"taxonomy":"post_tag","embeddable":true,"href":"https:\/\/www.europesays.com\/fr\/wp-json\/wp\/v2\/tags?post=302179"}],"curies":[{"name":"wp","href":"https:\/\/api.w.org\/{rel}","templated":true}]}}