{"id":302184,"date":"2025-08-07T07:17:19","date_gmt":"2025-08-07T07:17:19","guid":{"rendered":"https:\/\/www.europesays.com\/fr\/302184\/"},"modified":"2025-08-07T07:17:19","modified_gmt":"2025-08-07T07:17:19","slug":"nouvelle-recrue-a-lasse-le-portugais-joao-ferreira-signe-jusquen-2029","status":"publish","type":"post","link":"https:\/\/www.europesays.com\/fr\/302184\/","title":{"rendered":"Nouvelle recrue \u00e0 l&rsquo;ASSE : le Portugais Jo\u00e3o Ferreira signe jusqu&rsquo;en 2029"},"content":{"rendered":"<p>L&rsquo;AS Saint-\u00c9tienne a officialis\u00e9, ce mercredi 6 ao\u00fbt, le recrutement du d\u00e9fenseur portugais Jo\u00e3o Ferreira. Le joueur de 24 ans s&rsquo;est engag\u00e9 jusqu&rsquo;en 2029.<\/p>\n<p>Un nouveau venu dans le Forez. L&rsquo;<b>ASSE<\/b> a annonc\u00e9, ce mercredi, la signature du d\u00e9fenseur portugais <b>Jo\u00e3o Ferreira<\/b> jusqu&rsquo;en 2029.\u00a0<\/p>\n<p>Pr\u00e9sent\u00e9 mardi soir place Jean-Jaur\u00e8s, \u00e0 <b>Saint-\u00c9tienne<\/b>, le joueur de 24 ans \u00e9volue au poste de <b>lat\u00e9ral droit<\/b>.\u00a0<\/p>\n<p>Cinqui\u00e8me recrue du mercato<\/p>\n<p>Il arrive en provenance du club anglais de <b>Watford<\/b>, rejoint en 2023 mais avec qui l&rsquo;histoire reste limit\u00e9e.<\/p>\n<p>Le Portugais y a en effet disput\u00e9 cinq rencontres, avant d&rsquo;encha\u00eener deux pr\u00eats, \u00e0 <b>Udinese<\/b>, en Italie, puis \u00e0 <b>Braga<\/b>, dans son pays natal.<\/p>\n<p>Dot\u00e9 du num\u00e9ro 13,\u00a0Jo\u00e3o Ferreira est la <b>cinqui\u00e8me recrue<\/b> de ce mercato estival apr\u00e8s <a class=\"url\" href=\"https:\/\/www.radioscoop.com\/sport\/asse-les-verts-officialisent-l-arrivee-de-mahmoud-jaber_331287\" target=\"_blank\" rel=\"noopener\">Mahmoud Jaber<\/a>, <a class=\"url\" href=\"https:\/\/www.radioscoop.com\/sport\/mercato-un-espoir-portugais-s-engage-avec-l-asse_332778\" target=\"_blank\" rel=\"noopener\">Chico Lamba<\/a> et les lev\u00e9es des options d&rsquo;achat d&rsquo;<a class=\"url\" href=\"https:\/\/www.radioscoop.com\/sport\/asse-irvin-cardona-s-engage-definitivement-avec-les-verts_330131\" target=\"_blank\" rel=\"noopener\">Irvin Cardona<\/a> et <a class=\"url\" href=\"https:\/\/radioscoop.com\/sport\/asse-maxime-bernauer-debarque-chez-les-verts_320964\" target=\"_blank\" rel=\"noopener\">Maxime Bernauer<\/a>.\u00a0<\/p>\n<p><img loading=\"lazy\" decoding=\"async\" src=\"https:\/\/www.europesays.com\/fr\/wp-content\/uploads\/2025\/08\/1754551039_796_img\" width=\"350\" height=\"200\" border=\"0\" title=\"L\u00c3\u00a9o P\u00c3\u00a9trot et l'ASSE, c'est fini\"\/><\/p>\n<p>\u25baFootball<\/p>\n<p style=\"font-size: 22px;\"><b>ASSE : L\u00e9o P\u00e9trot annonce son d\u00e9part<\/b><\/p>\n<p>Le d\u00e9fenseur L\u00e9o P\u00e9trot quitte l&rsquo;ASSE apr\u00e8s&#8230;<\/p>\n<p><\/p>\n","protected":false},"excerpt":{"rendered":"L&rsquo;AS Saint-\u00c9tienne a officialis\u00e9, ce mercredi 6 ao\u00fbt, le recrutement du d\u00e9fenseur portugais Jo\u00e3o Ferreira. Le joueur de&hellip;\n","protected":false},"author":2,"featured_media":302185,"comment_status":"","ping_status":"","sticky":false,"template":"","format":"standard","meta":{"footnotes":""},"categories":[9653],"tags":[1111,11,461,2430,1777,674,63,1011,27,44233,446,1434,12,25,9920,4001],"class_list":{"0":"post-302184","1":"post","2":"type-post","3":"status-publish","4":"format-standard","5":"has-post-thumbnail","7":"category-saint-etienne","8":"tag-actu","9":"tag-actualites","10":"tag-asse","11":"tag-auvergne-rhone-alpes","12":"tag-eu","13":"tag-europe","14":"tag-football","15":"tag-fr","16":"tag-france","17":"tag-joao-ferreira","18":"tag-ligue-2","19":"tag-mercato","20":"tag-news","21":"tag-republique-francaise","22":"tag-saint-tienne","23":"tag-saint-etienne"},"share_on_mastodon":{"url":"https:\/\/pubeurope.com\/@fr\/114986263718402515","error":""},"_links":{"self":[{"href":"https:\/\/www.europesays.com\/fr\/wp-json\/wp\/v2\/posts\/302184","targetHints":{"allow":["GET"]}}],"collection":[{"href":"https:\/\/www.europesays.com\/fr\/wp-json\/wp\/v2\/posts"}],"about":[{"href":"https:\/\/www.europesays.com\/fr\/wp-json\/wp\/v2\/types\/post"}],"author":[{"embeddable":true,"href":"https:\/\/www.europesays.com\/fr\/wp-json\/wp\/v2\/users\/2"}],"replies":[{"embeddable":true,"href":"https:\/\/www.europesays.com\/fr\/wp-json\/wp\/v2\/comments?post=302184"}],"version-history":[{"count":0,"href":"https:\/\/www.europesays.com\/fr\/wp-json\/wp\/v2\/posts\/302184\/revisions"}],"wp:featuredmedia":[{"embeddable":true,"href":"https:\/\/www.europesays.com\/fr\/wp-json\/wp\/v2\/media\/302185"}],"wp:attachment":[{"href":"https:\/\/www.europesays.com\/fr\/wp-json\/wp\/v2\/media?parent=302184"}],"wp:term":[{"taxonomy":"category","embeddable":true,"href":"https:\/\/www.europesays.com\/fr\/wp-json\/wp\/v2\/categories?post=302184"},{"taxonomy":"post_tag","embeddable":true,"href":"https:\/\/www.europesays.com\/fr\/wp-json\/wp\/v2\/tags?post=302184"}],"curies":[{"name":"wp","href":"https:\/\/api.w.org\/{rel}","templated":true}]}}