{"id":302186,"date":"2025-08-07T07:19:12","date_gmt":"2025-08-07T07:19:12","guid":{"rendered":"https:\/\/www.europesays.com\/fr\/302186\/"},"modified":"2025-08-07T07:19:12","modified_gmt":"2025-08-07T07:19:12","slug":"ce-monument-est-lun-des-plus-sous-cotes-de-france-dapres-cette-etude","status":"publish","type":"post","link":"https:\/\/www.europesays.com\/fr\/302186\/","title":{"rendered":"ce monument est l&rsquo;un des plus sous-cot\u00e9s de France, d&rsquo;apr\u00e8s cette \u00e9tude"},"content":{"rendered":"<p>            Par<br \/>\n        <strong><br \/>\n            <a href=\"https:\/\/actu.fr\/auteur\/pierre-emile-bouchy-actu-fr\" title=\"Consulter tous les articles de Paul-Emile Bouchy\" target=\"_blank\" rel=\"noopener\">Paul-Emile Bouchy<\/a><br \/>\n        <\/strong><\/p>\n<p>        Publi\u00e9 le<\/p>\n<p>            7 ao\u00fbt 2025 \u00e0 7h02        <\/p>\n<p>Alors qu\u2019il a \u00e9t\u00e9 \u00e9lu <a href=\"https:\/\/actu.fr\/societe\/la-place-stanislas-de-nancy-devient-le-monument-prefere-des-francais-sur-france-3_44926378.html\" target=\"_blank\" rel=\"noopener\">monument pr\u00e9f\u00e9r\u00e9 des Fran\u00e7ais en 2021<\/a>, ce lieu situ\u00e9 en Lorraine n\u2019aurait plus la cote\u2009? C\u2019est ce qu\u2019indique <a href=\"https:\/\/www.sumup.com\/fr-fr\/business-guide\/les-lieux-les-plus-sous-cotes-de-france\/\" target=\"_blank\" rel=\"noopener\">une r\u00e9cente \u00e9tude r\u00e9alis\u00e9e par SumUp<\/a>, sp\u00e9cialiste des technologies financi\u00e8res.<\/p>\n<p class=\" wall-content\">D\u2019apr\u00e8s elle, cette place bien connue est <strong>un<\/strong> <strong>des monuments les plus sous-cot\u00e9s de France,\u00a0<\/strong>devant <a href=\"https:\/\/actu.fr\/normandie\/le-mont-saint-michel_50353\" target=\"_blank\" rel=\"noopener\">le Mont-Saint-Michel<\/a> ou encore la <a href=\"https:\/\/actu.fr\/tag\/cite-de-carcassonne\" target=\"_blank\" rel=\"noopener\">Cit\u00e9 de Carcassonne<\/a>.<\/p>\n<p>La place Stanislas, 5\u1d49 monument le plus sous-cot\u00e9 de France<\/p>\n<p class=\" wall-content\">Selon cette \u00e9tude, la <a href=\"https:\/\/actu.fr\/tag\/place-stanislas\" target=\"_blank\" rel=\"noopener\">place Stanislas<\/a><strong> se classe \u00e0 la 5e position<\/strong> du classement des monuments les plus sous-cot\u00e9s de France, dont la 1\u02b3\u1d49 place est occup\u00e9e par les <a href=\"https:\/\/actu.fr\/tag\/falaises-d-etretat\" target=\"_blank\" rel=\"noopener\">Falaises d\u2019\u00c9tretat<\/a>, en Normandie.<\/p>\n<p class=\" wall-content\">Malgr\u00e9 lui, le Grand Est est bien repr\u00e9sent\u00e9 avec <strong>quatre sites dans les 11 premi\u00e8res places<\/strong>. Aucune autre r\u00e9gion ne fait mieux\u2009:<\/p>\n<ul class=\" wall-content\">\n<li>2e\u2009: la vieille ville d\u2019Eguisheim (Haut-Rhin)<\/li>\n<li>5e\u2009: la place Stanislas \u00e0 Nancy (Meurthe-et-Moselle)<\/li>\n<li>8e\u2009: la vieille ville de Colmar (Haut-Rhin)<\/li>\n<li>11e\u2009: la cath\u00e9drale Notre-Dame de Reims (Marne)<\/li>\n<\/ul>\n<p>Un classement qui s\u2019appuie sur TripAdvisor, Google et Instagram<\/p>\n<p class=\" wall-content\">Pour \u00e9tablir ce classement, <strong>SumUp a s\u00e9lectionn\u00e9 40 lieux et monuments fran\u00e7ais<\/strong> pr\u00e9sents dans la section \u00ab\u2009Travellers\u2019 Choice\u2009\u00bb du site TripAdvisor.<\/p>\n<p class=\" wall-content\">La plateforme les a ensuite class\u00e9s en fonction de leur popularit\u00e9 touristique gr\u00e2ce \u00e0 <strong>cinq facteurs<\/strong>\u2009:<\/p>\n<ul class=\" wall-content\">\n<li>le nombre d\u2019avis 5 \u00e9toiles<\/li>\n<li>le nombre total d\u2019avis<\/li>\n<li>le nombre de posts Instagram pour chaque site<\/li>\n<li>le volume de recherche pour chaque lieu sur Google<\/li>\n<li>les mentions Brandwatch pour chaque lieu<\/li>\n<\/ul>\n<p class=\" wall-content\">N\u00e9anmoins, SumUp temp\u00e8re en indiquant ce classement que \u00ab<strong>\u2009les donn\u00e9es sont une compilation de plusieurs sources de donn\u00e9es et peuvent ne pas \u00eatre repr\u00e9sentatives de la vie r\u00e9elle<\/strong>\u2009\u00bb.<\/p>\n<p class=\" wall-content\">Suivez toute l\u2019actualit\u00e9 de vos villes et m\u00e9dias favoris en vous inscrivant \u00e0 <a href=\"https:\/\/moncompte.actu.fr\" title=\"D\u00e9couvez Mon Actu\" rel=\"nofollow noopener\" data-trk=\"{&quot;cta&quot;:{&quot;action&quot;:&quot;https:\\\/\\\/moncompte.actu.fr&quot;,&quot;category&quot;:&quot;mon compte&quot;,&quot;from&quot;:&quot;article footer&quot;,&quot;name&quot;:&quot;Mon actu&quot;,&quot;type&quot;:&quot;cta&quot;}}\" target=\"_blank\">Mon Actu<\/a>.<\/p>\n","protected":false},"excerpt":{"rendered":"Par Paul-Emile Bouchy Publi\u00e9 le 7 ao\u00fbt 2025 \u00e0 7h02 Alors qu\u2019il a \u00e9t\u00e9 \u00e9lu monument pr\u00e9f\u00e9r\u00e9 des&hellip;\n","protected":false},"author":2,"featured_media":302187,"comment_status":"","ping_status":"","sticky":false,"template":"","format":"standard","meta":{"footnotes":""},"categories":[9635],"tags":[1111,11,1777,674,1011,27,775,1702,12,9647,25,104],"class_list":{"0":"post-302186","1":"post","2":"type-post","3":"status-publish","4":"format-standard","5":"has-post-thumbnail","7":"category-nancy","8":"tag-actu","9":"tag-actualites","10":"tag-eu","11":"tag-europe","12":"tag-fr","13":"tag-france","14":"tag-grand-est","15":"tag-nancy","16":"tag-news","17":"tag-place-stanislas","18":"tag-republique-francaise","19":"tag-societe"},"share_on_mastodon":{"url":"https:\/\/pubeurope.com\/@fr\/114986271564742988","error":""},"_links":{"self":[{"href":"https:\/\/www.europesays.com\/fr\/wp-json\/wp\/v2\/posts\/302186","targetHints":{"allow":["GET"]}}],"collection":[{"href":"https:\/\/www.europesays.com\/fr\/wp-json\/wp\/v2\/posts"}],"about":[{"href":"https:\/\/www.europesays.com\/fr\/wp-json\/wp\/v2\/types\/post"}],"author":[{"embeddable":true,"href":"https:\/\/www.europesays.com\/fr\/wp-json\/wp\/v2\/users\/2"}],"replies":[{"embeddable":true,"href":"https:\/\/www.europesays.com\/fr\/wp-json\/wp\/v2\/comments?post=302186"}],"version-history":[{"count":0,"href":"https:\/\/www.europesays.com\/fr\/wp-json\/wp\/v2\/posts\/302186\/revisions"}],"wp:featuredmedia":[{"embeddable":true,"href":"https:\/\/www.europesays.com\/fr\/wp-json\/wp\/v2\/media\/302187"}],"wp:attachment":[{"href":"https:\/\/www.europesays.com\/fr\/wp-json\/wp\/v2\/media?parent=302186"}],"wp:term":[{"taxonomy":"category","embeddable":true,"href":"https:\/\/www.europesays.com\/fr\/wp-json\/wp\/v2\/categories?post=302186"},{"taxonomy":"post_tag","embeddable":true,"href":"https:\/\/www.europesays.com\/fr\/wp-json\/wp\/v2\/tags?post=302186"}],"curies":[{"name":"wp","href":"https:\/\/api.w.org\/{rel}","templated":true}]}}