{"id":302188,"date":"2025-08-07T07:21:33","date_gmt":"2025-08-07T07:21:33","guid":{"rendered":"https:\/\/www.europesays.com\/fr\/302188\/"},"modified":"2025-08-07T07:21:33","modified_gmt":"2025-08-07T07:21:33","slug":"josee-massi-a-mayol-en-ete-il-fait-chaud-et-en-hiver-il-fait-froid","status":"publish","type":"post","link":"https:\/\/www.europesays.com\/fr\/302188\/","title":{"rendered":"Jos\u00e9e Massi : \u00ab\u00a0A Mayol, en \u00e9t\u00e9 il fait chaud, et en hiver, il fait froid\u00a0\u00bb"},"content":{"rendered":"<p>Toulon s\u2019appr\u00eate \u00e0 vivre ses soir\u00e9es de rugby autrement. Pour la saison 2025-2026, le stade Mayol change de dimension avec un nouveau dispositif lumi\u00e8re-son, \u00e0 la hauteur des standards internationaux.<\/p>\n<p>Co\u00fbt de l\u2019op\u00e9ration : cinq millions d\u2019euros.<\/p>\n<p><strong>Via <a href=\"https:\/\/www.francebleu.fr\/sports\/rugby\/le-stade-mayol-veut-taper-dans-l-oeil-des-supporters-du-rct-avec-un-show-lumineux-6278440\" rel=\"nofollow noopener\" target=\"_blank\">Ici Provence<\/a>, Jos\u00e9e Massi, maire de Toulon, explique que ce projet ne signe que le d\u00e9but d\u2019une nouvelle dynamique autour du stade. Extrait :<\/strong><\/p>\n<p>\u00ab Mayol, c\u2019est l\u2019\u00e2me de Toulon, on ne peut pas abandonner Mayol. Mais c\u2019est un co\u00fbt important de cinq millions d\u2019euros.\u00a0En \u00e9t\u00e9 il fait chaud, et en hiver, il fait froid. On se doit d\u2019apporter du confort aux spectateurs. Je crois que cela sera le prochain grand chantier \u00bb.<\/p>\n<p>Les \u00e9chafaudages sont encore visibles autour de l\u2019enceinte, mais la promesse est claire : le 13 septembre, tout sera pr\u00eat pour accueillir Castres dans une ambiance in\u00e9dite.<\/p>\n<p>Une soir\u00e9e qui marquera, sans doute, une nouvelle \u00e8re pour Mayol et ses fid\u00e8les !<\/p>\n","protected":false},"excerpt":{"rendered":"Toulon s\u2019appr\u00eate \u00e0 vivre ses soir\u00e9es de rugby autrement. Pour la saison 2025-2026, le stade Mayol change de&hellip;\n","protected":false},"author":2,"featured_media":302189,"comment_status":"","ping_status":"","sticky":false,"template":"","format":"standard","meta":{"footnotes":""},"categories":[9619],"tags":[1111,11,1777,674,1011,27,12,882,25,2310],"class_list":{"0":"post-302188","1":"post","2":"type-post","3":"status-publish","4":"format-standard","5":"has-post-thumbnail","7":"category-toulon","8":"tag-actu","9":"tag-actualites","10":"tag-eu","11":"tag-europe","12":"tag-fr","13":"tag-france","14":"tag-news","15":"tag-provence-alpes-cote-dazur","16":"tag-republique-francaise","17":"tag-toulon"},"share_on_mastodon":{"url":"https:\/\/pubeurope.com\/@fr\/114986279382783165","error":""},"_links":{"self":[{"href":"https:\/\/www.europesays.com\/fr\/wp-json\/wp\/v2\/posts\/302188","targetHints":{"allow":["GET"]}}],"collection":[{"href":"https:\/\/www.europesays.com\/fr\/wp-json\/wp\/v2\/posts"}],"about":[{"href":"https:\/\/www.europesays.com\/fr\/wp-json\/wp\/v2\/types\/post"}],"author":[{"embeddable":true,"href":"https:\/\/www.europesays.com\/fr\/wp-json\/wp\/v2\/users\/2"}],"replies":[{"embeddable":true,"href":"https:\/\/www.europesays.com\/fr\/wp-json\/wp\/v2\/comments?post=302188"}],"version-history":[{"count":0,"href":"https:\/\/www.europesays.com\/fr\/wp-json\/wp\/v2\/posts\/302188\/revisions"}],"wp:featuredmedia":[{"embeddable":true,"href":"https:\/\/www.europesays.com\/fr\/wp-json\/wp\/v2\/media\/302189"}],"wp:attachment":[{"href":"https:\/\/www.europesays.com\/fr\/wp-json\/wp\/v2\/media?parent=302188"}],"wp:term":[{"taxonomy":"category","embeddable":true,"href":"https:\/\/www.europesays.com\/fr\/wp-json\/wp\/v2\/categories?post=302188"},{"taxonomy":"post_tag","embeddable":true,"href":"https:\/\/www.europesays.com\/fr\/wp-json\/wp\/v2\/tags?post=302188"}],"curies":[{"name":"wp","href":"https:\/\/api.w.org\/{rel}","templated":true}]}}