{"id":302192,"date":"2025-08-07T07:24:10","date_gmt":"2025-08-07T07:24:10","guid":{"rendered":"https:\/\/www.europesays.com\/fr\/302192\/"},"modified":"2025-08-07T07:24:10","modified_gmt":"2025-08-07T07:24:10","slug":"les-redoutables-tremies-de-rouen-frappent-peu-cet-ete-et-il-y-a-de-bonnes-raisons-a-cela","status":"publish","type":"post","link":"https:\/\/www.europesays.com\/fr\/302192\/","title":{"rendered":"Les redoutables tr\u00e9mies de Rouen frappent peu cet \u00e9t\u00e9 et il y a de bonnes raisons \u00e0 cela"},"content":{"rendered":"<p>            Par<br \/>\n        <strong><br \/>\n            <a href=\"https:\/\/actu.fr\/auteur\/adrien-filoche\" title=\"Consulter tous les articles de Adrien Filoche\" target=\"_blank\" rel=\"noopener\">Adrien Filoche<\/a><br \/>\n        <\/strong><\/p>\n<p>        Publi\u00e9 le<\/p>\n<p>            7 ao\u00fbt 2025 \u00e0 8h24        <\/p>\n<p><strong>Les tr\u00e9mies, c\u2019est l\u2019une des passions de la r\u00e9daction de 76actu.<\/strong> Cet \u00e9t\u00e9, les journalistes de la r\u00e9daction ont constat\u00e9 une diminution importante de ces accidents (la plupart du temps uniquement mat\u00e9riels), que connaissent bien les habitants de <a href=\"https:\/\/actu.fr\/normandie\/rouen_76540\" target=\"_blank\" rel=\"noopener\">Rouen<\/a>. Y a-t-il moins de touristes (les camping-cars sont souvent les premi\u00e8res victimes)\u2009? Les automobilistes sont-ils plus vigilants\u2009? Ou bien des pr\u00e9dispositions ont \u00e9t\u00e9 prises\u2009? On fait le point.<\/p>\n<p>Une ann\u00e9e 2025 bien calme<\/p>\n<p class=\" wall-content\">Dans la nuit du 12 au 13\u00a0juin 2025,<a href=\"https:\/\/actu.fr\/normandie\/rouen_76540\/rouen-en-pleine-nuit-une-camionnette-s-encastre-dans-une-tremie-les-pompiers-interviennent_62766774.html\" target=\"_blank\" rel=\"noopener\"> une camionnette s\u2019\u00e9tait encastr\u00e9e<\/a> au niveau de la tr\u00e9mie des Belges \u00e0 Rouen. C\u2019est le seul accident de tr\u00e9mie que nous avons recens\u00e9 sur les derniers mois. Du c\u00f4t\u00e9 de la M\u00e9tropole, on explique qu\u2019il n\u2019y a <strong>aucun outil qui permet de comptabiliser<\/strong> sp\u00e9cifiquement les accidents de tr\u00e9mies. Difficile donc d\u2019\u00e9tablir une comparaison pr\u00e9cise avec les derni\u00e8res ann\u00e9es.<\/p>\n<p class=\" wall-content\">De notre c\u00f4t\u00e9, les remont\u00e9es de ce type d\u2019accidents sont bien moindres cette ann\u00e9e par rapport aux pr\u00e9c\u00e9dentes, et on le sait, nos lecteurs sont particuli\u00e8rement assidus \u00e0 nous informer d\u00e8s lors qu\u2019un camion s\u2019est encastr\u00e9 dans une tr\u00e9mie. On ne pense donc pas \u00eatre pass\u00e9 \u00e0 c\u00f4t\u00e9. Ainsi, l\u2019ann\u00e9e 2025 appara\u00eet particuli\u00e8rement calme.<\/p>\n<p class=\" wall-content\">Depuis 2022, <strong>un nouveau dispositif a \u00e9t\u00e9 mis en place par la M\u00e9tropole.<\/strong><\/p>\n<blockquote class=\"ac-article-quote wall-content\">\n<p>Les tr\u00e9mies ont \u00e9t\u00e9 \u00e9quip\u00e9es de barri\u00e8res automatiques et de vid\u00e9osurveillance en f\u00e9vrier 2022. Supervis\u00e9 par le Poste central de R\u00e9gulation du Trafic de la M\u00e9tropole, ce dispositif permet de l&rsquo;optimiser leur exploitation et de limiter les fermetures. Les op\u00e9rations d&rsquo;\u00e9vacuations sont beaucoup plus fluides et rapides que pr\u00e9c\u00e9demment.<\/p>\n<p>    <strong>M\u00e9tropole de Rouen<\/strong>\n            <\/p><\/blockquote>\n<p class=\" wall-content\">Avec l\u2019installation de ce dispositif, <strong>des panneaux lumineux \u00e0 message variable<\/strong> ont \u00e9t\u00e9 ajout\u00e9s afin de pr\u00e9venir en amont les automobilistes. On peut donc imaginer que le renforcement de la signal\u00e9tique a montr\u00e9 son efficacit\u00e9.<\/p>\n<p class=\" wall-content\">Autre \u00e9l\u00e9ment qui influe, propre \u00e0 l\u2019ann\u00e9e 2025, c\u2019est la fermeture de la tr\u00e9mie du rond-point de la Motte dans l\u2019un des sens de circulation, en raison <a href=\"https:\/\/actu.fr\/normandie\/rouen_76540\/le-pont-flaubert-de-rouen-va-bientot-etre-relie-en-partie-a-la-sud-3-on-vous-dit-quand_62532972.html\" target=\"_blank\" rel=\"noopener\">des travaux de la Sud 3<\/a>. C\u2019est certain qu\u2019en fermant cet axe, on r\u00e9duit drastiquement le risque d\u2019accident de tr\u00e9mie\u2009!<\/p>\n<p>Suivez l\u2019actualit\u00e9 de Rouen sur <a href=\"https:\/\/www.whatsapp.com\/channel\/0029VaKfnf99hXF2ddApFB1D\" target=\"_blank\" rel=\"noopener\">notre cha\u00eene WhatsApp<\/a> et sur <a href=\"https:\/\/www.tiktok.com\/@76actu.fr?lang=fr\" target=\"_blank\" rel=\"noopener\">notre compte TikTok<\/a><\/p>\n<p class=\" wall-content\">Suivez toute l\u2019actualit\u00e9 de vos villes et m\u00e9dias favoris en vous inscrivant \u00e0 <a href=\"https:\/\/moncompte.actu.fr\" title=\"D\u00e9couvez Mon Actu\" rel=\"nofollow noopener\" data-trk=\"{&quot;cta&quot;:{&quot;action&quot;:&quot;https:\\\/\\\/moncompte.actu.fr&quot;,&quot;category&quot;:&quot;mon compte&quot;,&quot;from&quot;:&quot;article footer&quot;,&quot;name&quot;:&quot;Mon actu&quot;,&quot;type&quot;:&quot;cta&quot;}}\" target=\"_blank\">Mon Actu<\/a>.<\/p>\n<p>                    <script async src=\"\/\/www.tiktok.com\/embed.js\"><\/script><\/p>\n","protected":false},"excerpt":{"rendered":"Par Adrien Filoche Publi\u00e9 le 7 ao\u00fbt 2025 \u00e0 8h24 Les tr\u00e9mies, c\u2019est l\u2019une des passions de la&hellip;\n","protected":false},"author":2,"featured_media":302193,"comment_status":"","ping_status":"","sticky":false,"template":"","format":"standard","meta":{"footnotes":""},"categories":[9587],"tags":[119,1111,11,1777,674,1011,27,1757,9725,12,5161,25,9590,30767],"class_list":{"0":"post-302192","1":"post","2":"type-post","3":"status-publish","4":"format-standard","5":"has-post-thumbnail","7":"category-rouen","8":"tag-accident","9":"tag-actu","10":"tag-actualites","11":"tag-eu","12":"tag-europe","13":"tag-fr","14":"tag-france","15":"tag-insolite","16":"tag-metropole-rouen","17":"tag-news","18":"tag-normandie","19":"tag-republique-francaise","20":"tag-rouen","21":"tag-tremies"},"share_on_mastodon":{"url":"https:\/\/pubeurope.com\/@fr\/114986291258391008","error":""},"_links":{"self":[{"href":"https:\/\/www.europesays.com\/fr\/wp-json\/wp\/v2\/posts\/302192","targetHints":{"allow":["GET"]}}],"collection":[{"href":"https:\/\/www.europesays.com\/fr\/wp-json\/wp\/v2\/posts"}],"about":[{"href":"https:\/\/www.europesays.com\/fr\/wp-json\/wp\/v2\/types\/post"}],"author":[{"embeddable":true,"href":"https:\/\/www.europesays.com\/fr\/wp-json\/wp\/v2\/users\/2"}],"replies":[{"embeddable":true,"href":"https:\/\/www.europesays.com\/fr\/wp-json\/wp\/v2\/comments?post=302192"}],"version-history":[{"count":0,"href":"https:\/\/www.europesays.com\/fr\/wp-json\/wp\/v2\/posts\/302192\/revisions"}],"wp:featuredmedia":[{"embeddable":true,"href":"https:\/\/www.europesays.com\/fr\/wp-json\/wp\/v2\/media\/302193"}],"wp:attachment":[{"href":"https:\/\/www.europesays.com\/fr\/wp-json\/wp\/v2\/media?parent=302192"}],"wp:term":[{"taxonomy":"category","embeddable":true,"href":"https:\/\/www.europesays.com\/fr\/wp-json\/wp\/v2\/categories?post=302192"},{"taxonomy":"post_tag","embeddable":true,"href":"https:\/\/www.europesays.com\/fr\/wp-json\/wp\/v2\/tags?post=302192"}],"curies":[{"name":"wp","href":"https:\/\/api.w.org\/{rel}","templated":true}]}}