{"id":302198,"date":"2025-08-07T07:27:11","date_gmt":"2025-08-07T07:27:11","guid":{"rendered":"https:\/\/www.europesays.com\/fr\/302198\/"},"modified":"2025-08-07T07:27:11","modified_gmt":"2025-08-07T07:27:11","slug":"une-trottinette-prend-feu-dans-un-quartier-a-grenoble-150-personnes-evacuees-selon-la-police","status":"publish","type":"post","link":"https:\/\/www.europesays.com\/fr\/302198\/","title":{"rendered":"Une trottinette prend feu dans un quartier \u00e0 Grenoble, 150 personnes \u00e9vacu\u00e9es selon la police"},"content":{"rendered":"<p class=\"article__intro\">Dans la soir\u00e9e de ce mercredi 6 ao\u00fbt, un incendie s&rsquo;est d\u00e9clar\u00e9 dans un appartement du quartier Mistral de Grenoble. L&rsquo;origine du sinistre proviendrait d&rsquo;une trottinette pr\u00e9sente dans le logement. Selon la police, 150 personnes ont \u00e9t\u00e9 \u00e9vacu\u00e9es de l&rsquo;immeuble.<\/p>\n<p>\n      L\u2019actu des r\u00e9gions\n    <\/p>\n<p>\n      Chaque jour, un tour d\u2019horizon des principales infos de toutes les r\u00e9gions.\n    <\/p>\n<p>    France T\u00e9l\u00e9visions utilise votre adresse e-mail afin de vous envoyer la newsletter \u00ab\u00a0L\u2019actu des r\u00e9gions\u00a0\u00bb. Vous pouvez vous d\u00e9sinscrire \u00e0 tout moment via le lien en bas de cette newsletter. <a target=\"_blank\" href=\"https:\/\/www.francetelevisions.fr\/groupe\/confidentialite\/politique-de-confidentialite\/politique-de-confidentialite-de-france-televisions-6503\" rel=\"nofollow noopener\">Notre politique de confidentialit\u00e9<\/a><\/p>\n<p>Aux alentours de 21h15, les sapeurs-pompiers ont \u00e9t\u00e9 alert\u00e9s d&rsquo;un d\u00e9part de feu dans le quartier Mistral \u00e0 Grenoble. Un incendie s&rsquo;est d\u00e9clar\u00e9 au sein d&rsquo;un appartement situ\u00e9 au huiti\u00e8me \u00e9tage dans un immeuble de 17 \u00e9tages.<\/p>\n<p>\u00c0 leur arriv\u00e9e, les 27 sapeurs-pompiers d\u00e9p\u00each\u00e9s sur les lieux ont proc\u00e9d\u00e9 \u00e0 l&rsquo;extinction du feu. Selon le Service d\u00e9partemental d&rsquo;incendie et de secours (SDIS) de l&rsquo;Is\u00e8re, les flammes provenant de la trottinette \u00e0 l&rsquo;origine du sinistre avaient \u00ab\u00a0d\u00e9j\u00e0 \u00e9t\u00e9 \u00e9teintes\u00a0\u00bb par l&rsquo;occupant.<\/p>\n<p>Ce dernier, l\u00e9g\u00e8rement incommod\u00e9 par les fum\u00e9es, a pu \u00e9vacuer l&rsquo;immeuble par ses propres moyens tout comme \u00ab\u00a0150 personnes\u00a0\u00bb selon la direction interd\u00e9partementale de la police nationale (DIPN). \u00ab\u00a0Un enfant de 8 ans et une dame \u00e2g\u00e9e\u00a0\u00bb ont \u00e9t\u00e9 pris en charge par les sapeurs-pompiers et transport\u00e9s au centre hospitalier universitaire Grenoble Alpes, apr\u00e8s avoir inhal\u00e9 des fum\u00e9es.<\/p>\n<\/p>\n<p>L&rsquo;avenue Rhin et Danube, o\u00f9 s&rsquo;est d\u00e9clar\u00e9 l&rsquo;incendie, a \u00e9t\u00e9 momentan\u00e9ment coup\u00e9e \u00e0 la circulation. Et le r\u00e9seau de transports en commune TAG a \u00e9galement \u00e9t\u00e9 interrompu afin de faciliter l&rsquo;intervention des sapeurs-pompiers.<\/p>\n<p>Selon la DIPN 38, le logement \u00ab\u00a0a \u00e9t\u00e9 d\u00e9truit\u00a0\u00bb par les flammes. Et son occupant a \u00e9t\u00e9 relog\u00e9 par la famille.<\/p>\n","protected":false},"excerpt":{"rendered":"Dans la soir\u00e9e de ce mercredi 6 ao\u00fbt, un incendie s&rsquo;est d\u00e9clar\u00e9 dans un appartement du quartier Mistral&hellip;\n","protected":false},"author":2,"featured_media":302199,"comment_status":"","ping_status":"","sticky":false,"template":"","format":"standard","meta":{"footnotes":""},"categories":[9566],"tags":[1111,11,2430,1777,674,1011,27,2731,12,25],"class_list":{"0":"post-302198","1":"post","2":"type-post","3":"status-publish","4":"format-standard","5":"has-post-thumbnail","7":"category-grenoble","8":"tag-actu","9":"tag-actualites","10":"tag-auvergne-rhone-alpes","11":"tag-eu","12":"tag-europe","13":"tag-fr","14":"tag-france","15":"tag-grenoble","16":"tag-news","17":"tag-republique-francaise"},"share_on_mastodon":{"url":"https:\/\/pubeurope.com\/@fr\/114986303137204477","error":""},"_links":{"self":[{"href":"https:\/\/www.europesays.com\/fr\/wp-json\/wp\/v2\/posts\/302198","targetHints":{"allow":["GET"]}}],"collection":[{"href":"https:\/\/www.europesays.com\/fr\/wp-json\/wp\/v2\/posts"}],"about":[{"href":"https:\/\/www.europesays.com\/fr\/wp-json\/wp\/v2\/types\/post"}],"author":[{"embeddable":true,"href":"https:\/\/www.europesays.com\/fr\/wp-json\/wp\/v2\/users\/2"}],"replies":[{"embeddable":true,"href":"https:\/\/www.europesays.com\/fr\/wp-json\/wp\/v2\/comments?post=302198"}],"version-history":[{"count":0,"href":"https:\/\/www.europesays.com\/fr\/wp-json\/wp\/v2\/posts\/302198\/revisions"}],"wp:featuredmedia":[{"embeddable":true,"href":"https:\/\/www.europesays.com\/fr\/wp-json\/wp\/v2\/media\/302199"}],"wp:attachment":[{"href":"https:\/\/www.europesays.com\/fr\/wp-json\/wp\/v2\/media?parent=302198"}],"wp:term":[{"taxonomy":"category","embeddable":true,"href":"https:\/\/www.europesays.com\/fr\/wp-json\/wp\/v2\/categories?post=302198"},{"taxonomy":"post_tag","embeddable":true,"href":"https:\/\/www.europesays.com\/fr\/wp-json\/wp\/v2\/tags?post=302198"}],"curies":[{"name":"wp","href":"https:\/\/api.w.org\/{rel}","templated":true}]}}