{"id":302200,"date":"2025-08-07T07:28:24","date_gmt":"2025-08-07T07:28:24","guid":{"rendered":"https:\/\/www.europesays.com\/fr\/302200\/"},"modified":"2025-08-07T07:28:24","modified_gmt":"2025-08-07T07:28:24","slug":"feu-de-parking-souterrain-avenue-henri-freville-a-rennes-le-4-aout-2025-2","status":"publish","type":"post","link":"https:\/\/www.europesays.com\/fr\/302200\/","title":{"rendered":"Feu de parking souterrain avenue Henri Fr\u00e9ville \u00e0 Rennes le 4 ao\u00fbt 2025"},"content":{"rendered":"<p>\tFeu de parking souterrain avenue Henri Fr\u00e9ville \u00e0 Rennes le 4 ao\u00fbt 2025 | SDIS 35<\/p>\n<p>&#13;<br \/>\n&#13;<\/p>\n<p>\t\t<a href=\"https:\/\/sapeurs-pompiers35.fr\/\" rel=\"nofollow noopener\" target=\"_blank\">Accueil<\/a> \u00bb Feu de parking souterrain avenue Henri Fr\u00e9ville \u00e0 Rennes le 4 ao\u00fbt 2025\t<\/p>\n<p>\t\tPolitique de confidentialit\u00e9 et cookies<\/p>\n<p>Ce site utilise des cookies afin de m\u00e9moriser vos pr\u00e9f\u00e9rences et d&rsquo;optimiser votre parcours.<br \/>&#13;<br \/>\nEn cliquant sur \u00ab\u00a0ACCEPTER\u00a0\u00bb, vous donnez votre accord pour l&rsquo;installation de ces diff\u00e9rents cookies.<br \/>&#13;<br \/>\nVous pouvez aussi choisir \u00ab\u00a0PERSONNALISER\u00a0\u00bb afin de g\u00e9rer vous-m\u00eame les cookies que vous souhaitez activer.<br \/>&#13;\n<\/p>\n<p><\/p>\n<p>Politique de confidentialit\u00e9 et cookies<\/p>\n<p>18-112 DROIT POUR SITE INTERNETACCIDENTAPPELS 18ARGENT+DEPARTEMENTBIP SEULBIP X2BUDGET PAR HABITANTCALENDRIERCAMION DE POMPIER 1CAMION DE POMPIER 2CENTRE DE SECOURS 2CENTRE DE SECOURSDEPART CAMION POJENGINS DE SECOURSFEU HABITATIONGROUPE DE PERSONNES+DEPARTEMENTGROUPE DE PERSONNESGYROPHAREINONDATIONLOGO 18-112POMPIERS SEULPOMPIERS GROUPE DE 3POMPIERS SEUL + SAUVETAGE PERSONNESAUVETAGE A PERSONNEShapeShape&#13;<br \/>\n<img decoding=\"async\" referrerpolicy=\"no-referrer-when-downgrade\" src=\"https:\/\/www.europesays.com\/fr\/wp-content\/uploads\/2025\/08\/1754551704_477_matomo\" style=\"border:0\" alt=\"\"\/>&#13;<\/p>\n","protected":false},"excerpt":{"rendered":"Feu de parking souterrain avenue Henri Fr\u00e9ville \u00e0 Rennes le 4 ao\u00fbt 2025 | SDIS 35 &#13; &#13;&hellip;\n","protected":false},"author":2,"featured_media":302201,"comment_status":"","ping_status":"","sticky":false,"template":"","format":"standard","meta":{"footnotes":""},"categories":[2821],"tags":[1111,11,829,1777,674,1011,27,12,584,25],"class_list":{"0":"post-302200","1":"post","2":"type-post","3":"status-publish","4":"format-standard","5":"has-post-thumbnail","7":"category-rennes","8":"tag-actu","9":"tag-actualites","10":"tag-bretagne","11":"tag-eu","12":"tag-europe","13":"tag-fr","14":"tag-france","15":"tag-news","16":"tag-rennes","17":"tag-republique-francaise"},"share_on_mastodon":{"url":"https:\/\/pubeurope.com\/@fr\/114986307091535299","error":""},"_links":{"self":[{"href":"https:\/\/www.europesays.com\/fr\/wp-json\/wp\/v2\/posts\/302200","targetHints":{"allow":["GET"]}}],"collection":[{"href":"https:\/\/www.europesays.com\/fr\/wp-json\/wp\/v2\/posts"}],"about":[{"href":"https:\/\/www.europesays.com\/fr\/wp-json\/wp\/v2\/types\/post"}],"author":[{"embeddable":true,"href":"https:\/\/www.europesays.com\/fr\/wp-json\/wp\/v2\/users\/2"}],"replies":[{"embeddable":true,"href":"https:\/\/www.europesays.com\/fr\/wp-json\/wp\/v2\/comments?post=302200"}],"version-history":[{"count":0,"href":"https:\/\/www.europesays.com\/fr\/wp-json\/wp\/v2\/posts\/302200\/revisions"}],"wp:featuredmedia":[{"embeddable":true,"href":"https:\/\/www.europesays.com\/fr\/wp-json\/wp\/v2\/media\/302201"}],"wp:attachment":[{"href":"https:\/\/www.europesays.com\/fr\/wp-json\/wp\/v2\/media?parent=302200"}],"wp:term":[{"taxonomy":"category","embeddable":true,"href":"https:\/\/www.europesays.com\/fr\/wp-json\/wp\/v2\/categories?post=302200"},{"taxonomy":"post_tag","embeddable":true,"href":"https:\/\/www.europesays.com\/fr\/wp-json\/wp\/v2\/tags?post=302200"}],"curies":[{"name":"wp","href":"https:\/\/api.w.org\/{rel}","templated":true}]}}