{"id":302210,"date":"2025-08-07T07:33:10","date_gmt":"2025-08-07T07:33:10","guid":{"rendered":"https:\/\/www.europesays.com\/fr\/302210\/"},"modified":"2025-08-07T07:33:10","modified_gmt":"2025-08-07T07:33:10","slug":"malgre-la-promesse-de-renforts-les-internes-en-medecine-manquent-toujours-a-lappel","status":"publish","type":"post","link":"https:\/\/www.europesays.com\/fr\/302210\/","title":{"rendered":"malgr\u00e9 la promesse de renforts, les internes en m\u00e9decine manquent toujours \u00e0 l\u2019appel"},"content":{"rendered":"<p>Le doyen de la facult\u00e9 de m\u00e9decine de Nice va d\u00e9poser un recours juridique pour contester le nombre de 177 postes d\u2019internes attribu\u00e9s cette ann\u00e9e, loin des renforts esp\u00e9r\u00e9s et promis par le minist\u00e8re de la Sant\u00e9.<\/p>\n<p class=\"fig-paragraph\">Le nombre\u00a0<a href=\"http:\/\/www.lefigaro.fr\/actualite-france\/hopital-public-la-fronde-des-futurs-internes-face-a-la-baisse-du-nombre-de-postes-ouverts-20240814\" data-fig-type=\"Article\" data-gtm-custom-categorie=\"navigation\" data-gtm-custom-action=\"crossclick\" data-gtm-custom-label=\"Contextuel\" data-gtm-event=\"customEventSPE\" data-fig-domain=\"LEFIGARO\" target=\"_blank\" rel=\"noopener\">d\u2019internes en m\u00e9decine<\/a>\u00a0dans la subdivision de Nice, qui s\u2019\u00e9tend de Fr\u00e9jus (Var) \u00e0 Menton (Alpes-Maritimes), en passant par Draguignan, Grasse et Cannes, est toujours insuffisant selon le doyen de la facult\u00e9, Jean Dellamonica. Ils seront 177 cette ann\u00e9e, soit 15 de plus que l\u2019an dernier, mais le renfort est\u00a0<a href=\"http:\/\/www.lefigaro.fr\/nice\/nice-le-renfort-tres-attendu-de-50-medecins-internes-annonce-dans-les-trois-ans-20240318\" data-fig-type=\"NewsFlash\" data-gtm-custom-categorie=\"navigation\" data-gtm-custom-action=\"crossclick\" data-gtm-custom-label=\"Contextuel\" data-gtm-event=\"customEventSPE\" data-fig-domain=\"LEFIGARO\" target=\"_blank\" rel=\"noopener\">loin des 50 postes suppl\u00e9mentaires promis<\/a>\u00a0par le minist\u00e8re de la Sant\u00e9, qui avait aussi annonc\u00e9 282 postes d\u2019ici \u00e0 2027.<\/p>\n<p class=\"fig-paragraph\">\u00abJe n\u2019ai pas eu le rattrapage esp\u00e9r\u00e9 et demand\u00e9 depuis des ann\u00e9es\u00bb, d\u00e9plore aupr\u00e8s du Figaro le doyen de la facult\u00e9 de m\u00e9decine, \u00e9galement professeur en r\u00e9animation. \u00abJe veux qu\u2019on se mette au niveau des autres grandes villes de tailles similaires\u00bb, poursuit-il. \u00c0 titre de comparaison, Besan\u00e7on (194), Reims (216), Nancy (312) et Tours (317) ont obtenu bien davantage d\u2019internes, alors que Nice, cinqui\u00e8me ville de France, reste l\u2019une des moins dot\u00e9e, avant-derni\u00e8re derri\u00e8re Limoges.<\/p>\n<p>                                    <a class=\"fig-a11y-skip a11y-hidden\" href=\"#fig-a11y-skip-main-inarticle\"><br \/>\n        Passer la publicit\u00e9<br \/>\n    <\/a><\/p>\n<p>\u00abD\u00e9cision injuste\u00bb<\/p>\n<p class=\"fig-paragraph\">\u00abJ\u2019ai le regret de ne pas avoir \u00e9t\u00e9 \u00e9cout\u00e9\u00bb, explique Jean Dellamonica. \u00abMais je n\u2019ai aucune r\u00e9signation, je vais d\u00e9poser un recours juridique pour contester cette d\u00e9cision que je trouve injuste\u00bb, indique-t-il. Ces r\u00e9partitions sont orient\u00e9es par l\u2019observatoire national des d\u00e9mographies des professions de sant\u00e9 (ONDPS) qui, concernant la C\u00f4te d\u2019Azur, \u00abconsid\u00e8re que de nombreux m\u00e9decins sont d\u00e9j\u00e0 install\u00e9s et qu\u2019il n\u2019y a pas forc\u00e9ment besoin d\u2019en former\u00bb, selon Jean Dellamonica.<\/p>\n<p class=\"fig-paragraph\">\u00abNotre subdivision a besoin de former des m\u00e9decins, c\u2019est une question d\u2019acc\u00e8s aux soins dans les structures publiques\u00bb, pense-t-il a contrario, rappelant que le bassin de population est de 1,2 million de personnes et qu\u2019il augmente consid\u00e9rablement en \u00e9t\u00e9. La facult\u00e9 ni\u00e7oise a form\u00e9 220 jeunes m\u00e9decins, note encore le doyen, qui demande ainsi d\u2019avoir au moins autant de postes d\u2019internes en retour.<\/p>\n<p class=\"fig-paragraph\">\u00abEn mati\u00e8re de sant\u00e9, j\u2019entends que Nice soit respect\u00e9e et que les engagements pris soient tenus\u00bb, a aussi r\u00e9agi Christian Estrosi (Horizons), le maire de la ville, qui avait\u00a0<a href=\"http:\/\/www.lefigaro.fr\/nice\/a-nice-christian-estrosi-exprime-sa-plus-vive-inquietude-sur-le-nombre-d-internes-en-medecine-20230421\" data-fig-type=\"NewsFlash\" data-gtm-custom-categorie=\"navigation\" data-gtm-custom-action=\"crossclick\" data-gtm-custom-label=\"Contextuel\" data-gtm-event=\"customEventSPE\" data-fig-domain=\"LEFIGARO\" target=\"_blank\" rel=\"noopener\">d\u00e9j\u00e0 \u00e9crit \u00e0 ce sujet aux pr\u00e9c\u00e9dents ministres<\/a>. \u00ab\u00c7a n\u2019est pas acceptable, d\u2019autant que la facult\u00e9 de m\u00e9decine de Nice, gr\u00e2ce \u00e0 la volont\u00e9 de son doyen, a fait des efforts substantiels pour accueillir et former davantage d\u2019\u00e9tudiants sans moyens suppl\u00e9mentaires\u00bb, a-t-il compl\u00e9t\u00e9.<\/p>\n","protected":false},"excerpt":{"rendered":"Le doyen de la facult\u00e9 de m\u00e9decine de Nice va d\u00e9poser un recours juridique pour contester le nombre&hellip;\n","protected":false},"author":2,"featured_media":302211,"comment_status":"","ping_status":"","sticky":false,"template":"","format":"standard","meta":{"footnotes":""},"categories":[2819],"tags":[1111,11,1777,674,1011,27,15780,224,12,2401,882,25,71],"class_list":{"0":"post-302210","1":"post","2":"type-post","3":"status-publish","4":"format-standard","5":"has-post-thumbnail","7":"category-nice","8":"tag-actu","9":"tag-actualites","10":"tag-eu","11":"tag-europe","12":"tag-fr","13":"tag-france","14":"tag-internes","15":"tag-medecine","16":"tag-news","17":"tag-nice","18":"tag-provence-alpes-cote-dazur","19":"tag-republique-francaise","20":"tag-sante"},"share_on_mastodon":{"url":"https:\/\/pubeurope.com\/@fr\/114986326745548036","error":""},"_links":{"self":[{"href":"https:\/\/www.europesays.com\/fr\/wp-json\/wp\/v2\/posts\/302210","targetHints":{"allow":["GET"]}}],"collection":[{"href":"https:\/\/www.europesays.com\/fr\/wp-json\/wp\/v2\/posts"}],"about":[{"href":"https:\/\/www.europesays.com\/fr\/wp-json\/wp\/v2\/types\/post"}],"author":[{"embeddable":true,"href":"https:\/\/www.europesays.com\/fr\/wp-json\/wp\/v2\/users\/2"}],"replies":[{"embeddable":true,"href":"https:\/\/www.europesays.com\/fr\/wp-json\/wp\/v2\/comments?post=302210"}],"version-history":[{"count":0,"href":"https:\/\/www.europesays.com\/fr\/wp-json\/wp\/v2\/posts\/302210\/revisions"}],"wp:featuredmedia":[{"embeddable":true,"href":"https:\/\/www.europesays.com\/fr\/wp-json\/wp\/v2\/media\/302211"}],"wp:attachment":[{"href":"https:\/\/www.europesays.com\/fr\/wp-json\/wp\/v2\/media?parent=302210"}],"wp:term":[{"taxonomy":"category","embeddable":true,"href":"https:\/\/www.europesays.com\/fr\/wp-json\/wp\/v2\/categories?post=302210"},{"taxonomy":"post_tag","embeddable":true,"href":"https:\/\/www.europesays.com\/fr\/wp-json\/wp\/v2\/tags?post=302210"}],"curies":[{"name":"wp","href":"https:\/\/api.w.org\/{rel}","templated":true}]}}