{"id":302212,"date":"2025-08-07T07:34:22","date_gmt":"2025-08-07T07:34:22","guid":{"rendered":"https:\/\/www.europesays.com\/fr\/302212\/"},"modified":"2025-08-07T07:34:22","modified_gmt":"2025-08-07T07:34:22","slug":"loire-atlantique-cette-cooperative-rejette-la-loi-duplomb-une-loi-contraire-a-linteret-general","status":"publish","type":"post","link":"https:\/\/www.europesays.com\/fr\/302212\/","title":{"rendered":"Loire-Atlantique. Cette coop\u00e9rative rejette la loi Duplomb, \u00ab une loi contraire \u00e0 l\u2019int\u00e9r\u00eat g\u00e9n\u00e9ral \u00bb"},"content":{"rendered":"<p>            Par<br \/>\n        <strong><br \/>\n            <a href=\"https:\/\/actu.fr\/auteur\/herve-pavageau\" title=\"Consulter tous les articles de Herv\u00e9 Pavageau\" rel=\"nofollow noopener\" target=\"_blank\">Herv\u00e9 Pavageau<\/a><br \/>\n        <\/strong><\/p>\n<p>        Publi\u00e9 le<\/p>\n<p>            6 ao\u00fbt 2025 \u00e0 18h16        <\/p>\n<p>Client-adh\u00e9rent de l\u2019enseigne depuis 15\u00a0ans, Julien Carlier est vice-pr\u00e9sident, \u00e9lu au conseil d\u2019administration, de la coop\u00e9rative de produits bios, Chlorophylle. L\u2019enseigne, pr\u00e9sente qu\u2019en <b>Loire-Atlantique<\/b>, regroupe 50\u2009000 foyers <b>dans le d\u00e9partement<\/b>. Et a ouvert sept magasins dans la m\u00e9tropole nantaise. Dont celui de la zone P\u00f4le Sud <a href=\"https:\/\/actu.fr\/pays-de-la-loire\/basse-goulaine_44009\" rel=\"nofollow noopener\" target=\"_blank\">\u00e0 Basse-Goulaine<\/a>. Fin juillet, la coop\u00e9rative a pris une position publique \u00ab\u2009pour la premi\u00e8re fois de son histoire\u2009\u00bb, en rejetant<b> la loi agricole Duplomb<\/b>. Dans un communiqu\u00e9, Chlorophylle explique sa position.<\/p>\n<p class=\" wall-content\">Acteur qui participe depuis 40\u00a0ans \u00ab\u2009\u00e0 l\u2019essor d\u2019une fili\u00e8re bio de qualit\u00e9\u2009\u00bb, la coop\u00e9rative est persuad\u00e9e que\u2009:<\/p>\n<blockquote class=\"ac-article-quote wall-content\">\n<p>Cette loi Duplomb n\u2019apporte aucune r\u00e9ponse pertinente aux difficult\u00e9s du monde agricole, \u00e0 la qualit\u00e9 des produits ni aux enjeux environnementaux. Nous avons la conviction qu\u2019elle est contraire \u00e0 l\u2019int\u00e9r\u00eat g\u00e9n\u00e9ral.<\/p>\n<\/blockquote>\n<p class=\" wall-content\">La d\u00e9marche politique est port\u00e9e par le conseil d\u2019administration.<\/p>\n<blockquote class=\"ac-article-quote wall-content\">\n<p>On repr\u00e9sente nos 50 000 foyers mais on ne porte pas la parole de nos 50 000 adh\u00e9rents.<\/p>\n<p>Julien Carlier, vice-pr\u00e9sident et administrateur de la coop\u00e9rative Chlorophylle<\/p><\/blockquote>\n<p>\u00ab\u2009Une agriculture biologique malmen\u00e9e\u2009\u00bb<\/p>\n<p class=\" wall-content\">Pour la coop\u00e9rative*, la loi Duplomb est \u00ab\u2009un peu la goutte d\u2019eau\u2009\u00bb, r\u00e9v\u00e9latrice de quelque chose \u00ab\u2009de plus profond\u2009\u00bb.<\/p>\n<p class=\" wall-content\">Depuis le Covid, \u00ab\u2009l\u2019agriculture biologique est malmen\u00e9e\u2009\u00bb, souligne l\u2019administrateur qui vit au <b>Landreau<\/b> et travaille<a href=\"https:\/\/actu.fr\/pays-de-la-loire\/le-loroux-bottereau_44084\" rel=\"nofollow noopener\" target=\"_blank\"> au Loroux-Bottereau<\/a>.<\/p>\n<p class=\" wall-content\">\u00ab\u2009Les soutiens \u00e0 la fili\u00e8re sont dramatiques. La fili\u00e8re bio repr\u00e9sente 10\u2009% de l\u2019agriculture. En 2023, \u00e0 titre d\u2019exemple, elle n\u2019a obtenu que 10\u00a0millions, alors que l\u2019agriculture conventionnelle recevait dans le m\u00eame temps 2,37\u00a0milliards d\u2019euros. Il a fallu se mobiliser pour que l\u2019\u00c9tat revoie ses arbitrages et accompagne l\u2019agriculture biologique \u00e0 hauteur de 80\u00a0millions d\u2019euros\u2009\u00bb, illustre Julien Carlier, pour qui le positionnement de la coop\u00e9rative est \u00ab\u2009l\u00e9gitime\u2009\u00bb.<\/p>\n<blockquote class=\"ac-article-quote wall-content\">\n<p>Chlorophylle appartient \u00e0 ses 50\u2009000 foyers adh\u00e9rents. Il n\u2019y a pas d\u2019actionnaires, pas de propri\u00e9taires. Tout est r\u00e9investi dans la coop\u00e9rative. Cette organisation \u00e9conomique et humaine qui promeut le respect et le partage se d\u00e9finit dans l\u2019agriculture biologique de qualit\u00e9, territoriale et locale que la coop\u00e9rative soutient historiquement<\/p>\n<p>Julien Carlier<\/p><\/blockquote>\n<p>Une nouvelle d\u00e9lib\u00e9ration demand\u00e9e<\/p>\n<p class=\" wall-content\">Celui qui passe 10\u00a0heures par semaine \u00e0 cuisiner pense aussi, \u00e0 titre plus personnel, que le changement passera par une remise en question du consommateur.<\/p>\n<blockquote class=\"ac-article-quote wall-content\">\n<p>\u00ab\u2009Sur les dix produits les plus consomm\u00e9s dans un panier moyen, les huit premiers sont des boissons\u2009: alcool et soda. Il y a un besoin d\u2019\u00e9ducation populaire. Se r\u00e9approprier son alimentation, c\u2019est r\u00e9apprendre \u00e0 cuisiner.<\/p>\n<p>Julien Carlier<\/p><\/blockquote>\n<p class=\" wall-content\">Dans son communiqu\u00e9 de presse, Chlorophylle a conclu en appelant la pr\u00e9sidence de la R\u00e9publique \u00e0 demander une nouvelle d\u00e9lib\u00e9ration au Parlement.<\/p>\n<p class=\" wall-content\">La coop\u00e9rative souhaite \u00ab\u2009une v\u00e9ritable loi d\u2019orientation agricole, qui aide le monde agricole \u00e0 vivre dignement de son travail, \u00e0 s\u2019adapter aux cons\u00e9quences du changement climatique, en respectant l\u2019environnement et en continuant \u00e0 am\u00e9liorer la qualit\u00e9 de ses produits, pour la sant\u00e9 de celles et ceux qui les produisent et les consomment\u2009\u00bb.<\/p>\n<p class=\" wall-content\">L\u2019appel local de Chlorophylle vient rejoindre <b>une importante mobilisation nationale<\/b>.<\/p>\n<p class=\" wall-content\">La p\u00e9tition contre la loi Duplomb <a href=\"https:\/\/actu.fr\/planete\/pollution\/petition-contre-la-loi-duplomb-le-seuil-des-deux-millions-de-signatures-a-ete-depasse_62963731.html\" rel=\"nofollow noopener\" target=\"_blank\">a d\u00e9pass\u00e9 les deux millions de signatures<\/a>.<\/p>\n<p class=\" wall-content\">* La coop\u00e9rative Chlorophylle regroupe une centaine de salari\u00e9s et r\u00e9alise 23\u00a0millions d\u2019euros de chiffre d\u2019affaires.<\/p>\n<p class=\" wall-content\">Suivez toute l\u2019actualit\u00e9 de vos villes et m\u00e9dias favoris en vous inscrivant \u00e0 <a href=\"https:\/\/moncompte.actu.fr\" title=\"D\u00e9couvez Mon Actu\" rel=\"nofollow noopener\" data-trk=\"{&quot;cta&quot;:{&quot;action&quot;:&quot;https:\\\/\\\/moncompte.actu.fr&quot;,&quot;category&quot;:&quot;mon compte&quot;,&quot;from&quot;:&quot;article footer&quot;,&quot;name&quot;:&quot;Mon actu&quot;,&quot;type&quot;:&quot;cta&quot;}}\" target=\"_blank\">Mon Actu<\/a>.<\/p>\n","protected":false},"excerpt":{"rendered":"Par Herv\u00e9 Pavageau Publi\u00e9 le 6 ao\u00fbt 2025 \u00e0 18h16 Client-adh\u00e9rent de l\u2019enseigne depuis 15\u00a0ans, Julien Carlier est&hellip;\n","protected":false},"author":2,"featured_media":302213,"comment_status":"","ping_status":"","sticky":false,"template":"","format":"standard","meta":{"footnotes":""},"categories":[2818],"tags":[1111,11,327,436,1777,674,1011,27,766,12,2636,25,104,2900],"class_list":{"0":"post-302212","1":"post","2":"type-post","3":"status-publish","4":"format-standard","5":"has-post-thumbnail","7":"category-nantes","8":"tag-actu","9":"tag-actualites","10":"tag-agriculture","11":"tag-environnement","12":"tag-eu","13":"tag-europe","14":"tag-fr","15":"tag-france","16":"tag-nantes","17":"tag-news","18":"tag-pays-de-la-loire","19":"tag-republique-francaise","20":"tag-societe","21":"tag-vignoble-nantais"},"share_on_mastodon":{"url":"https:\/\/pubeurope.com\/@fr\/114986330602385432","error":""},"_links":{"self":[{"href":"https:\/\/www.europesays.com\/fr\/wp-json\/wp\/v2\/posts\/302212","targetHints":{"allow":["GET"]}}],"collection":[{"href":"https:\/\/www.europesays.com\/fr\/wp-json\/wp\/v2\/posts"}],"about":[{"href":"https:\/\/www.europesays.com\/fr\/wp-json\/wp\/v2\/types\/post"}],"author":[{"embeddable":true,"href":"https:\/\/www.europesays.com\/fr\/wp-json\/wp\/v2\/users\/2"}],"replies":[{"embeddable":true,"href":"https:\/\/www.europesays.com\/fr\/wp-json\/wp\/v2\/comments?post=302212"}],"version-history":[{"count":0,"href":"https:\/\/www.europesays.com\/fr\/wp-json\/wp\/v2\/posts\/302212\/revisions"}],"wp:featuredmedia":[{"embeddable":true,"href":"https:\/\/www.europesays.com\/fr\/wp-json\/wp\/v2\/media\/302213"}],"wp:attachment":[{"href":"https:\/\/www.europesays.com\/fr\/wp-json\/wp\/v2\/media?parent=302212"}],"wp:term":[{"taxonomy":"category","embeddable":true,"href":"https:\/\/www.europesays.com\/fr\/wp-json\/wp\/v2\/categories?post=302212"},{"taxonomy":"post_tag","embeddable":true,"href":"https:\/\/www.europesays.com\/fr\/wp-json\/wp\/v2\/tags?post=302212"}],"curies":[{"name":"wp","href":"https:\/\/api.w.org\/{rel}","templated":true}]}}