{"id":302218,"date":"2025-08-07T07:37:15","date_gmt":"2025-08-07T07:37:15","guid":{"rendered":"https:\/\/www.europesays.com\/fr\/302218\/"},"modified":"2025-08-07T07:37:15","modified_gmt":"2025-08-07T07:37:15","slug":"girondins-romain-molina-pointe-la-dncg-en-citant-bordeaux-en-exemple","status":"publish","type":"post","link":"https:\/\/www.europesays.com\/fr\/302218\/","title":{"rendered":"Girondins : Romain Molina pointe la DNCG en citant Bordeaux en exemple"},"content":{"rendered":"<p><img decoding=\"async\" src=\"https:\/\/www.europesays.com\/fr\/wp-content\/uploads\/2025\/07\/671_753e61e44e47af032f7b7e0652bfb038.jpg\" alt=\"Girondins : Romain Molina pointe la DNCG en citant Bordeaux en exemple\" class=\"img-responsive mt-3\"\/><\/p>\n<p class=\"text-center mb-3\" style=\"font-size: 14px\">\u00a9 Iconsport<\/p>\n<p>      <strong>\u00ab\u00a0Il y a ceux qui essayent de respecter les r\u00e8gles, et ceux qui ne respectent aucune r\u00e8gle comme Bordeaux, Ajaccio, etc.\u00a0\u00bb<\/strong><\/p>\n<p style=\"text-align: justify;\">Romain Molina sur <a href=\"https:\/\/www.youtube.com\/watch?v=U0X00dac5yU\" target=\"_blank\" rel=\"noopener\">YouTube<\/a> : \u00ab\u00a0Comment la DNCG a autoris\u00e9 une chose pareille\u2009? Elle a montr\u00e9 que le football fran\u00e7ais professionnel fran\u00e7ais est \u00e0 deux vitesses. Il y a ceux qui essayent de respecter les r\u00e8gles, et ceux qui ne respectent aucune r\u00e8gle comme Bordeaux, Ajaccio, etc. Ces gens-l\u00e0 ont toujours une deuxi\u00e8me, troisi\u00e8me, quatri\u00e8me chance. Je comprends les autres clubs qui se demande pourquoi ils doivent se conformer \u00e0 des r\u00e8gles. (&#8230;) C&rsquo;est un syst\u00e8me g\u00e9n\u00e9ralis\u00e9 qui demande in fine au contribuable de payer la note. Il est temps de dire stop, que ce soit \u00e0 Ajaccio ou dans d&rsquo;autres clubs. C&rsquo;est un syst\u00e8me global qui va tout en haut de la pyramide du football fran\u00e7ais.\u00a0\u00bb<\/p>\n<p style=\"text-align: justify;\">\u00a0<\/p>\n<p>\u00c0 lire aussi &gt;&gt; <strong><a href=\"https:\/\/www.webgirondins.com\/actualite-girondins-girondins-grillot-et-diop-menages-intensite-au-programme-129969\" target=\"_blank\" rel=\"noopener\">Girondins : Grillot et Diop m\u00e9nag\u00e9s, intensit\u00e9 au programme<\/a><\/strong><\/p>\n<p>Notre podcast court \u00e0 \u00e9couter :<\/p>\n","protected":false},"excerpt":{"rendered":"\u00a9 Iconsport \u00ab\u00a0Il y a ceux qui essayent de respecter les r\u00e8gles, et ceux qui ne respectent aucune&hellip;\n","protected":false},"author":2,"featured_media":287602,"comment_status":"","ping_status":"","sticky":false,"template":"","format":"standard","meta":{"footnotes":""},"categories":[2817],"tags":[1111,11,5622,1997,44236,1993,1446,4070,19747,44238,1777,674,44237,44239,3395,63,1011,3844,27,1987,2957,32228,12,2043,2219,42371,25,18140,133,44240],"class_list":{"0":"post-302218","1":"post","2":"type-post","3":"status-publish","4":"format-standard","5":"has-post-thumbnail","7":"category-bordeaux","8":"tag-actu","9":"tag-actualites","10":"tag-ajaccio","11":"tag-bordeaux","12":"tag-citant","13":"tag-comme","14":"tag-dans","15":"tag-deux","16":"tag-dncg","17":"tag-epingle","18":"tag-eu","19":"tag-europe","20":"tag-exemple","21":"tag-exemples","22":"tag-fois","23":"tag-football","24":"tag-fr","25":"tag-francais","26":"tag-france","27":"tag-girondins","28":"tag-journaliste","29":"tag-molina","30":"tag-news","31":"tag-nouvelle","32":"tag-nouvelle-aquitaine","33":"tag-pointe","34":"tag-republique-francaise","35":"tag-romain","36":"tag-video","37":"tag-vitesses"},"share_on_mastodon":{"url":"https:\/\/pubeurope.com\/@fr\/114986342456183933","error":""},"_links":{"self":[{"href":"https:\/\/www.europesays.com\/fr\/wp-json\/wp\/v2\/posts\/302218","targetHints":{"allow":["GET"]}}],"collection":[{"href":"https:\/\/www.europesays.com\/fr\/wp-json\/wp\/v2\/posts"}],"about":[{"href":"https:\/\/www.europesays.com\/fr\/wp-json\/wp\/v2\/types\/post"}],"author":[{"embeddable":true,"href":"https:\/\/www.europesays.com\/fr\/wp-json\/wp\/v2\/users\/2"}],"replies":[{"embeddable":true,"href":"https:\/\/www.europesays.com\/fr\/wp-json\/wp\/v2\/comments?post=302218"}],"version-history":[{"count":0,"href":"https:\/\/www.europesays.com\/fr\/wp-json\/wp\/v2\/posts\/302218\/revisions"}],"wp:featuredmedia":[{"embeddable":true,"href":"https:\/\/www.europesays.com\/fr\/wp-json\/wp\/v2\/media\/287602"}],"wp:attachment":[{"href":"https:\/\/www.europesays.com\/fr\/wp-json\/wp\/v2\/media?parent=302218"}],"wp:term":[{"taxonomy":"category","embeddable":true,"href":"https:\/\/www.europesays.com\/fr\/wp-json\/wp\/v2\/categories?post=302218"},{"taxonomy":"post_tag","embeddable":true,"href":"https:\/\/www.europesays.com\/fr\/wp-json\/wp\/v2\/tags?post=302218"}],"curies":[{"name":"wp","href":"https:\/\/api.w.org\/{rel}","templated":true}]}}