{"id":302221,"date":"2025-08-07T07:39:11","date_gmt":"2025-08-07T07:39:11","guid":{"rendered":"https:\/\/www.europesays.com\/fr\/302221\/"},"modified":"2025-08-07T07:39:11","modified_gmt":"2025-08-07T07:39:11","slug":"lalerte-orange-declenchee-en-haute-garonne","status":"publish","type":"post","link":"https:\/\/www.europesays.com\/fr\/302221\/","title":{"rendered":"l&rsquo;alerte orange d\u00e9clench\u00e9e en Haute-Garonne"},"content":{"rendered":"<p>            Par<br \/>\n        <strong><br \/>\n            <a href=\"https:\/\/actu.fr\/auteur\/marie-lamarque\" title=\"Consulter tous les articles de Marie Lamarque\" rel=\"nofollow noopener\" target=\"_blank\">Marie Lamarque<\/a><br \/>\n        <\/strong><\/p>\n<p>        Publi\u00e9 le<\/p>\n<p>            7 ao\u00fbt 2025 \u00e0 8h42        <\/p>\n<p>D\u00e8s ce jeudi 7 ao\u00fbt 2025, on pourrait faire face \u00e0<strong> une \u00ab\u00a0canicule interminable\u00a0\u00bb<\/strong> selon le m\u00e9t\u00e9orologiste <strong>Guillaume S\u00e9chet<\/strong>. <a href=\"https:\/\/actu.fr\/occitanie\/toulouse_31555\/les-temperatures-montent-en-fleche-a-toulouse-doit-on-s-attendre-a-une-canicule-interminable_63003910.html\" rel=\"nofollow noopener\" target=\"_blank\">La Haute-Garonne ne sera pas \u00e9pargn\u00e9e<\/a>. On attend d\u00e9j\u00e0 <strong>36\u00b0C \u00e0 Toulouse pour cet apr\u00e8s-midi<\/strong>. Le thermom\u00e8tre pourrait m\u00eame atteindre les <strong>40\u00b0C ce lundi dans la Ville rose<\/strong>.<\/p>\n<p class=\" wall-content\">La Haute-Garonne sera plac\u00e9e <strong>en vigilance orange<\/strong> pour la canicule d\u00e8s ce vendredi 8 ao\u00fbt, \u00e0 partir de 12h, tout comme quatre autres d\u00e9partements en France :<\/p>\n<p class=\" wall-content\">\n<p>Fortes chaleurs en journ\u00e9e et nuits tr\u00e8s chaudes<\/p>\n<p class=\" wall-content\">Les temp\u00e9ratures vont monter en fl\u00e8che dans le d\u00e9partement avec l\u2019arriv\u00e9e d\u2019un \u00ab air chaud, venu du Maghreb et de la p\u00e9ninsule ib\u00e9rique, qui vient coiffer le grand sud-ouest \u00bb, avait d\u00e9taill\u00e9 pour Actu Toulouse, <strong>Val\u00e9ry Mourot<\/strong>, pr\u00e9visionniste chez M\u00e9t\u00e9o France.<\/p>\n<p class=\" wall-content\">Cette vigilance orange est le signe de <strong>fortes chaleurs en journ\u00e9e<\/strong>, mais aussi de <strong>nuits tr\u00e8s chaudes<\/strong> : on d\u00e9passera les 21\u00b0C pour les minimales et 36\u00b0C pour les maximales pendant trois nuits et jours cons\u00e9cutifs.<\/p>\n<p>Jusqu\u2019\u00e0 40\u00b0C attendus<\/p>\n<p class=\" wall-content\">Pour ce vendredi, il fera d\u00e9j\u00e0 <strong>22\u00b0C au lever du jour, puis 38\u00b0C dans la journ\u00e9e <\/strong>\u00e0 Toulouse. Une chaleur qui devrait durer au moins jusqu\u2019au week-end, et m\u00eame plus.<\/p>\n<p class=\" wall-content\">Selon les pr\u00e9visions de M\u00e9t\u00e9o-France, la journ\u00e9e du lundi 11 ao\u00fbt s\u2019annonce particuli\u00e8rement difficile dans la Ville rose. Il fera d\u00e9j\u00e0 25\u00b0C le matin et<strong> 40\u00b0C en journ\u00e9e<\/strong>.<\/p>\n<p>Vid\u00e9os : en ce moment sur Actu<br \/>\n    <img   decoding=\"async\" loading=\"lazy\" src=\"https:\/\/www.europesays.com\/fr\/wp-content\/uploads\/2025\/08\/meteo-toulouse-previsions-caniucle-960x640.png\" alt=\"Les pr\u00e9visions \u00e0 Toulouse.\" width=\"960\" height=\"640\"\/><br \/>\n    Les pr\u00e9visions \u00e0 Toulouse. (\u00a9Capture d\u2019\u00e9cran \/ M\u00e9t\u00e9o-France)Piscines, parcs, jardins : les horaires de ces lieux adapt\u00e9s<\/p>\n<p class=\" wall-content\">Avec le passage en vigilance orange, plusieurs dispositifs seront mis en place \u00e0 Toulouse pour aider les habitants et les touristes \u00e0 se rafra\u00eechir.<\/p>\n<p class=\" wall-content\"><a href=\"https:\/\/actu.fr\/occitanie\/toulouse_31555\/avec-l-arrivee-des-fortes-chaleurs-pourquoi-ne-pas-se-baigner-voici-les-horaires-des-piscines-de-toulouse_63005049.html\" rel=\"nofollow noopener\" target=\"_blank\">Les horaires des piscines seront adapt\u00e9s<\/a>. Avec le plan canicule lanc\u00e9 par la Ville, les fermetures se font plus tard, et l\u2019entr\u00e9e est fix\u00e9e \u00e0 un euro. Seront ouvertes jusqu\u2019\u00e0 21h\u2009: la piscine Bellevue nordique, la piscine Yvonne Godard, la piscine Alex Jany, la piscine Papus. Et jusqu\u2019\u00e0 20h, la plage de la Ram\u00e9e.<\/p>\n<p class=\" wall-content\">Les parcs et jardins seront \u00e9galement ouverts jusqu\u2019\u00e0 21h. Les restaurants seniors, jusqu\u2019\u00e0 18h.<\/p>\n<p class=\" wall-content\">Certains \u00e9tablissements culturels accueilleront le public plus tardivement :<\/p>\n<ul class=\" wall-content\">\n<li><strong>le Museum et le Quai des Savoirs<\/strong> sont accessibles jusqu\u2019\u00e0 20h (du mardi au dimanche) ;<\/li>\n<li><strong>la m\u00e9diath\u00e8que Jos\u00e9 Cabanis<\/strong> jusqu\u2019\u00e0 21h (du mardi au samedi).<\/li>\n<\/ul>\n<p class=\" wall-content\">Suivez toute l\u2019actualit\u00e9 de vos villes et m\u00e9dias favoris en vous inscrivant \u00e0 <a href=\"https:\/\/moncompte.actu.fr\" title=\"D\u00e9couvez Mon Actu\" rel=\"nofollow noopener\" data-trk=\"{&quot;cta&quot;:{&quot;action&quot;:&quot;https:\\\/\\\/moncompte.actu.fr&quot;,&quot;category&quot;:&quot;mon compte&quot;,&quot;from&quot;:&quot;article footer&quot;,&quot;name&quot;:&quot;Mon actu&quot;,&quot;type&quot;:&quot;cta&quot;}}\" target=\"_blank\">Mon Actu<\/a>.<\/p>\n","protected":false},"excerpt":{"rendered":"Par Marie Lamarque Publi\u00e9 le 7 ao\u00fbt 2025 \u00e0 8h42 D\u00e8s ce jeudi 7 ao\u00fbt 2025, on pourrait&hellip;\n","protected":false},"author":2,"featured_media":302222,"comment_status":"","ping_status":"","sticky":false,"template":"","format":"standard","meta":{"footnotes":""},"categories":[2816],"tags":[1111,11,6698,1777,674,1011,27,2487,2357,12,2680,25,2312],"class_list":{"0":"post-302221","1":"post","2":"type-post","3":"status-publish","4":"format-standard","5":"has-post-thumbnail","7":"category-toulouse","8":"tag-actu","9":"tag-actualites","10":"tag-canicule","11":"tag-eu","12":"tag-europe","13":"tag-fr","14":"tag-france","15":"tag-meteo","16":"tag-meteo-france","17":"tag-news","18":"tag-occitanie","19":"tag-republique-francaise","20":"tag-toulouse"},"share_on_mastodon":{"url":"https:\/\/pubeurope.com\/@fr\/114986350346194671","error":""},"_links":{"self":[{"href":"https:\/\/www.europesays.com\/fr\/wp-json\/wp\/v2\/posts\/302221","targetHints":{"allow":["GET"]}}],"collection":[{"href":"https:\/\/www.europesays.com\/fr\/wp-json\/wp\/v2\/posts"}],"about":[{"href":"https:\/\/www.europesays.com\/fr\/wp-json\/wp\/v2\/types\/post"}],"author":[{"embeddable":true,"href":"https:\/\/www.europesays.com\/fr\/wp-json\/wp\/v2\/users\/2"}],"replies":[{"embeddable":true,"href":"https:\/\/www.europesays.com\/fr\/wp-json\/wp\/v2\/comments?post=302221"}],"version-history":[{"count":0,"href":"https:\/\/www.europesays.com\/fr\/wp-json\/wp\/v2\/posts\/302221\/revisions"}],"wp:featuredmedia":[{"embeddable":true,"href":"https:\/\/www.europesays.com\/fr\/wp-json\/wp\/v2\/media\/302222"}],"wp:attachment":[{"href":"https:\/\/www.europesays.com\/fr\/wp-json\/wp\/v2\/media?parent=302221"}],"wp:term":[{"taxonomy":"category","embeddable":true,"href":"https:\/\/www.europesays.com\/fr\/wp-json\/wp\/v2\/categories?post=302221"},{"taxonomy":"post_tag","embeddable":true,"href":"https:\/\/www.europesays.com\/fr\/wp-json\/wp\/v2\/tags?post=302221"}],"curies":[{"name":"wp","href":"https:\/\/api.w.org\/{rel}","templated":true}]}}