{"id":302229,"date":"2025-08-07T07:43:10","date_gmt":"2025-08-07T07:43:10","guid":{"rendered":"https:\/\/www.europesays.com\/fr\/302229\/"},"modified":"2025-08-07T07:43:10","modified_gmt":"2025-08-07T07:43:10","slug":"le-nouveau-mode-de-scrutin-a-paris-lyon-et-marseille-examine-par-le-conseil-constitutionnel","status":"publish","type":"post","link":"https:\/\/www.europesays.com\/fr\/302229\/","title":{"rendered":"le nouveau mode de scrutin \u00e0 Paris, Lyon et Marseille examin\u00e9 par le Conseil constitutionnel"},"content":{"rendered":"<p>Les Sages doivent rendre leur verdict ce jeudi sur le projet de loi visant \u00e0 r\u00e9former le mode de scrutin aux \u00e9lections municipales \u00e0 Paris, Lyon et Marseille. Le texte, adopt\u00e9 par le Parlement, pr\u00e9voit d\u2019y appliquer le m\u00eame syst\u00e8me que dans les autres communes de France.<\/p>\n<p class=\"fig-paragraph\">Les \u00e9lecteurs des trois plus grandes villes de France b\u00e9n\u00e9ficieront-ils d\u2019un nouveau mode de scrutin pour les municipales de 2026\u00a0? Tout d\u00e9pendra de la d\u00e9cision que doit rendre le\u00a0<a href=\"http:\/\/www.lefigaro.fr\/politique\/loi-duplomb-la-decision-du-conseil-constitutionnel-rendue-a-priori-le-7-aout-20250725\" data-fig-type=\"NewsFlash\" data-gtm-custom-categorie=\"navigation\" data-gtm-custom-action=\"crossclick\" data-gtm-custom-label=\"Contextuel\" data-gtm-event=\"customEventSPE\" data-fig-domain=\"LEFIGARO\" rel=\"nofollow noopener\" target=\"_blank\">Conseil constitutionnel<\/a>, ce jeudi, sur la r\u00e9forme de la loi PLM, du nom de Paris, Lyon et Marseille. Adopt\u00e9 le 10 juillet \u00e0 une \u00e9crasante majorit\u00e9 (112 voix contre 28), le projet de loi, port\u00e9 par le d\u00e9put\u00e9 macroniste de Paris Sylvain Maillard, pr\u00e9voit d\u2019appliquer aux trois m\u00e9tropoles le m\u00eame mode de scrutin qu\u2019\u00e0 toutes les autres communes fran\u00e7aises.<\/p>\n<p class=\"fig-paragraph\">Pour rappel, depuis 1982, lors des \u00e9lections municipales, les habitants des trois principales villes fran\u00e7aises sont r\u00e9partis par secteurs, eux-m\u00eames d\u00e9finis selon leurs arrondissements. Ils \u00e9lisent alors les conseillers municipaux de ces secteurs, dont un tiers si\u00e8ge \u00e9galement au conseil municipal de la commune, charg\u00e9 de d\u00e9signer son \u00e9dile. Une mani\u00e8re de renforcer le poids individuel de chaque arrondissement. R\u00e9sultat\u00a0: il peut arriver qu\u2019un maire prenne ses fonctions sans majorit\u00e9 absolue. Par exemple, en 2014, Anne Hidalgo a acc\u00e9d\u00e9 \u00e0 l\u2019H\u00f4tel de Ville sans remporter la victoire dans son arrondissement, le quinzi\u00e8me.<\/p>\n<p class=\"fig-body-link\">\n            \u00c0 lire aussi<br \/>\n        <a class=\"fig-body-link__link\" href=\"http:\/\/www.lefigaro.fr\/politique\/municipales-2026-le-parlement-adopte-definitivement-la-reforme-du-mode-de-scrutin-a-paris-lyon-et-marseille-20250710\" data-fig-type=\"NewsFlash\" data-gtm-custom-categorie=\"navigation\" data-gtm-custom-action=\"crossclick\" data-gtm-custom-label=\"Contextuel\" data-gtm-event=\"customEventSPE\" data-fig-domain=\"LEFIGARO\" rel=\"nofollow noopener\" target=\"_blank\">Municipales 2026\u00a0: le Parlement adopte d\u00e9finitivement la r\u00e9forme du mode de scrutin \u00e0 Paris, Lyon et Marseille<br \/>\n    <\/a>\n<\/p>\n<p>                                    <a class=\"fig-a11y-skip a11y-hidden\" href=\"#fig-a11y-skip-main-inarticle\"><br \/>\n        Passer la publicit\u00e9<br \/>\n    <\/a><\/p>\n<p>Un mode de scrutin plus direct<\/p>\n<p class=\"fig-paragraph\">Le texte actuel envisage un d\u00e9doublement des scrutins. L\u2019un vise \u00e0 \u00e9lire les conseillers de secteurs, l\u2019autre \u00e0 choisir, en deux tours, ceux du conseil municipal, qui ne constituent qu\u2019une seule circonscription. Par cons\u00e9quent, les maires d\u2019arrondissement ne figureront pas n\u00e9cessairement au conseil municipal. L\u2019organisation d\u2019une troisi\u00e8me \u00e9lection est pr\u00e9vue \u00e0 Lyon, celle des conseillers de la M\u00e9tropole.<\/p>\n<p class=\"fig-paragraph\">La loi revoit \u00e9galement \u00e0 la baisse la prime majoritaire accord\u00e9e \u00e0 la liste arriv\u00e9e en t\u00eate du scrutin. La proportion de si\u00e8ges que s\u2019arrogent les vainqueurs passe ainsi de 50 \u00e0 25%, au b\u00e9n\u00e9fice de l\u2019opposition, mieux repr\u00e9sent\u00e9e. Autre changement\u00a0: le nombre de si\u00e8ges est cens\u00e9 \u00eatre conditionn\u00e9 \u00e0 la population de la commune, soit 73 si\u00e8ges pour Lyon, 101 pour Marseille et 163 \u00e0 Paris.<\/p>\n<p class=\"fig-paragraph\">La r\u00e9vision de la loi \u00abPLM\u00bb &#8211; comme Paris, Lyon, Marseille &#8211; a connu un parcours sem\u00e9 d\u2019emb\u00fbches au Parlement. Soutenu par le bloc central, le Rassemblement national et La France insoumise \u00e0 l\u2019Assembl\u00e9e, le texte a d\u2019abord \u00e9t\u00e9 bloqu\u00e9 \u00e0 deux reprises par le S\u00e9nat, \u00e0 majorit\u00e9 LR. Puis il est pass\u00e9 par une commission mixte paritaire, qui n\u2019a abouti \u00e0 rien. C\u2019est l\u2019opini\u00e2tret\u00e9 de la chambre basse qui a finalement conduit \u00e0 son adoption.<\/p>\n<p class=\"fig-body-link\">\n            \u00c0 lire aussi<br \/>\n        <a class=\"fig-body-link__link\" href=\"http:\/\/www.lefigaro.fr\/politique\/reforme-du-mode-de-scrutin-municipal-a-paris-lyon-et-marseille-pas-d-accord-entre-deputes-et-senateurs-20250624\" data-fig-type=\"NewsFlash\" data-gtm-custom-categorie=\"navigation\" data-gtm-custom-action=\"crossclick\" data-gtm-custom-label=\"Contextuel\" data-gtm-event=\"customEventSPE\" data-fig-domain=\"LEFIGARO\" rel=\"nofollow noopener\" target=\"_blank\">R\u00e9forme des municipales \u00e0 Paris, Lyon et Marseille\u00a0: le gouvernement donne le dernier mot \u00e0 l\u2019Assembl\u00e9e apr\u00e8s l\u2019\u00e9chec des n\u00e9gociations<br \/>\n    <\/a>\n<\/p>\n<p>Dissensions entre chambres et partis<\/p>\n<p class=\"fig-paragraph\">Il faut dire que le projet divise au sein de l\u2019alliance gouvernementale entre la droite et le centre. Des d\u00e9put\u00e9s LR s\u2019opposent aux s\u00e9nateurs de leur parti, ces derniers regrettant un \u00abtripatouillage \u00e9lectoral\u00bb \u00e0 quelques mois des municipales, ainsi qu\u2019un affaiblissement des mairies de secteur. C\u2019est d\u2019ailleurs la droite s\u00e9natoriale qui a pris la d\u00e9cision de saisir le Conseil constitutionnel. M\u00eame hostilit\u00e9 chez les socialistes des deux chambres. Rang\u00e9s derri\u00e8re la maire PS de Paris\u00a0<a href=\"http:\/\/www.lefigaro.fr\/elections\/municipales\/municipales-2026-tournee-vers-sa-vie-d-apres-paris-anne-hidalgo-prepare-sa-sortie-20250727\" data-fig-type=\"Article\" data-gtm-custom-categorie=\"navigation\" data-gtm-custom-action=\"crossclick\" data-gtm-custom-label=\"Contextuel\" data-gtm-event=\"customEventSPE\" data-fig-domain=\"LEFIGARO\" rel=\"nofollow noopener\" target=\"_blank\">Anne Hidalgo<\/a>, ils d\u00e9noncent un stratag\u00e8me visant \u00e0 faciliter l\u2019\u00e9lection de\u00a0<a href=\"http:\/\/www.lefigaro.fr\/politique\/legislative-a-paris-michel-barnier-exhorte-rachida-dati-a-ne-pas-se-tromper-d-election-20250803\" data-fig-type=\"NewsFlash\" data-gtm-custom-categorie=\"navigation\" data-gtm-custom-action=\"crossclick\" data-gtm-custom-label=\"Contextuel\" data-gtm-event=\"customEventSPE\" data-fig-domain=\"LEFIGARO\" rel=\"nofollow noopener\" target=\"_blank\">Rachida Dati<\/a>\u00a0dans la capitale.<\/p>\n<p class=\"fig-paragraph\">La grogne se fait entendre jusque chez les \u00e9lus locaux du bloc central. Le Marseillais\u00a0<a href=\"http:\/\/www.lefigaro.fr\/politique\/renaud-muselier-renaissance-dominique-de-villepin-est-un-gaulliste-de-salon-20250708\" data-fig-type=\"Article\" data-gtm-custom-categorie=\"navigation\" data-gtm-custom-action=\"crossclick\" data-gtm-custom-label=\"Contextuel\" data-gtm-event=\"customEventSPE\" data-fig-domain=\"LEFIGARO\" rel=\"nofollow noopener\" target=\"_blank\">Renaud Muselier<\/a>, pr\u00e9sident de la r\u00e9gion Provence-Alpes-C\u00f4te d\u2019Azur, ex-LR aujourd\u2019hui membre de Renaissance, a fustig\u00e9 le projet. \u00c0 l\u2019inverse, le maire socialiste de la cit\u00e9 phoc\u00e9enne\u00a0<a href=\"http:\/\/www.lefigaro.fr\/culture\/benoit-payan-et-cinq-adjoints-de-marseille-devant-la-justice-pour-injures-et-diffamation-contre-nicolas-pagnol-20250709\" data-fig-type=\"Article\" data-gtm-custom-categorie=\"navigation\" data-gtm-custom-action=\"crossclick\" data-gtm-custom-label=\"Contextuel\" data-gtm-event=\"customEventSPE\" data-fig-domain=\"LEFIGARO\" rel=\"nofollow noopener\" target=\"_blank\">Beno\u00eet Payan<\/a>, \u00e0 rebours de son parti, s\u2019est montr\u00e9 favorable \u00e0 cette mani\u00e8re, selon lui, de rendre \u00abplus lisibles les choses\u00bb.<\/p>\n<p>                                    <a class=\"fig-a11y-skip a11y-hidden\" href=\"#fig-a11y-skip-main-inarticle_mtf\"><br \/>\n        Passer la publicit\u00e9<br \/>\n    <\/a><\/p>\n<p class=\"fig-paragraph\">D\u2019apr\u00e8s\u00a0<a href=\"http:\/\/www.lefigaro.fr\/politique\/loi-plm-qui-aurait-ete-elu-maire-a-paris-lyon-et-marseille-en-2020-avec-le-nouveau-mode-de-scrutin-20250710\" data-fig-type=\"Article\" data-gtm-custom-categorie=\"navigation\" data-gtm-custom-action=\"crossclick\" data-gtm-custom-label=\"Contextuel\" data-gtm-event=\"customEventSPE\" data-fig-domain=\"LEFIGARO\" rel=\"nofollow noopener\" target=\"_blank\">des simulations publi\u00e9es dans Le Figaro<\/a>, en 2020, la gauche aurait obtenu l\u2019h\u00f4tel de ville \u00e0 Paris, Lyon et Marseille, m\u00eame avec le nouveau syst\u00e8me. Et ce en faisant gonfler sa majorit\u00e9 \u00e0 Paris et Marseille. La situation aurait cependant chang\u00e9 en cas d\u2019alliance entre la droite et le centre. \u00c0 Paris, la majorit\u00e9 des si\u00e8ges serait revenue aux adversaires de la gauche, aujourd\u2019hui minoritaires. \u00c0 l\u2019inverse, \u00e0 Lyon et Marseille, la gauche serait sortie victorieuse, mais aurait perdu avec le syst\u00e8me actuel.<\/p>\n","protected":false},"excerpt":{"rendered":"Les Sages doivent rendre leur verdict ce jeudi sur le projet de loi visant \u00e0 r\u00e9former le mode&hellip;\n","protected":false},"author":2,"featured_media":302230,"comment_status":"","ping_status":"","sticky":false,"template":"","format":"standard","meta":{"footnotes":""},"categories":[2814],"tags":[1111,11,4188,1777,674,1011,27,2428,884,12,626,882,25],"class_list":{"0":"post-302229","1":"post","2":"type-post","3":"status-publish","4":"format-standard","5":"has-post-thumbnail","7":"category-marseille","8":"tag-actu","9":"tag-actualites","10":"tag-elections-municipales","11":"tag-eu","12":"tag-europe","13":"tag-fr","14":"tag-france","15":"tag-lyon","16":"tag-marseille","17":"tag-news","18":"tag-paris","19":"tag-provence-alpes-cote-dazur","20":"tag-republique-francaise"},"share_on_mastodon":{"url":"https:\/\/pubeurope.com\/@fr\/114986366030152342","error":""},"_links":{"self":[{"href":"https:\/\/www.europesays.com\/fr\/wp-json\/wp\/v2\/posts\/302229","targetHints":{"allow":["GET"]}}],"collection":[{"href":"https:\/\/www.europesays.com\/fr\/wp-json\/wp\/v2\/posts"}],"about":[{"href":"https:\/\/www.europesays.com\/fr\/wp-json\/wp\/v2\/types\/post"}],"author":[{"embeddable":true,"href":"https:\/\/www.europesays.com\/fr\/wp-json\/wp\/v2\/users\/2"}],"replies":[{"embeddable":true,"href":"https:\/\/www.europesays.com\/fr\/wp-json\/wp\/v2\/comments?post=302229"}],"version-history":[{"count":0,"href":"https:\/\/www.europesays.com\/fr\/wp-json\/wp\/v2\/posts\/302229\/revisions"}],"wp:featuredmedia":[{"embeddable":true,"href":"https:\/\/www.europesays.com\/fr\/wp-json\/wp\/v2\/media\/302230"}],"wp:attachment":[{"href":"https:\/\/www.europesays.com\/fr\/wp-json\/wp\/v2\/media?parent=302229"}],"wp:term":[{"taxonomy":"category","embeddable":true,"href":"https:\/\/www.europesays.com\/fr\/wp-json\/wp\/v2\/categories?post=302229"},{"taxonomy":"post_tag","embeddable":true,"href":"https:\/\/www.europesays.com\/fr\/wp-json\/wp\/v2\/tags?post=302229"}],"curies":[{"name":"wp","href":"https:\/\/api.w.org\/{rel}","templated":true}]}}