{"id":302231,"date":"2025-08-07T07:44:09","date_gmt":"2025-08-07T07:44:09","guid":{"rendered":"https:\/\/www.europesays.com\/fr\/302231\/"},"modified":"2025-08-07T07:44:09","modified_gmt":"2025-08-07T07:44:09","slug":"quand-une-lyonnaise-veut-faire-redecouvrir-lhistoire-dans-les-boites-aux-lettres","status":"publish","type":"post","link":"https:\/\/www.europesays.com\/fr\/302231\/","title":{"rendered":"Quand une Lyonnaise veut faire red\u00e9couvrir l\u2019Histoire dans les bo\u00eetes aux lettres"},"content":{"rendered":"<p itemprop=\"description\"><strong>Caroline Munier est la fondatrice de l\u2019Atelier des Lettres.<\/strong><\/p>\n<p>\u00ab\u00a0Un moment qui d\u00e9connecte les gens de leur t\u00e9l\u00e9phone et qui les encourage \u00e0 se reconnecter \u00e0 notre culture et \u00e0 notre histoire.\u00a0\u00bb Telle est la promesse de <strong>Caroline Munier<\/strong>. Cette trentenaire lyonnaise a lanc\u00e9 l\u2019Atelier des Lettres, un concept qui permet de recevoir chaque mois des lettres accompagn\u00e9es d\u2019explications et de surprise sur des personnages historiques. Une id\u00e9e venue apr\u00e8s avoir envoy\u00e9 des cartes postales \u00e0 ses proches lors de voyages. \u00ab\u00a0J\u2019ai vu la joie que \u00e7a leur apportait\u00a0\u00bb, confie la jeune femme. \u00ab\u00a0Maintenant dans nos bo\u00eetes aux lettres, on re\u00e7oit principalement de la publicit\u00e9 et des factures\u00a0\u00bb, ajoute-t-elle.<\/p>\n<p>Pour la premi\u00e8re collection de l\u2019Atelier des Lettres, Caroline Munier a d\u00e9cid\u00e9 de se consacrer \u00e0 la vie de Victor Hugo. \u00ab\u00a0Ce n\u2019est pas simplement l\u2019\u00e9crivain des Mis\u00e9rables comme on l\u2019apprend \u00e0 l\u2019\u00e9cole. Derri\u00e8re \u00e7a, il y avait un p\u00e8re, un mari, un ami, un amant\u2026 Quelqu\u2019un qui a \u00e9t\u00e9 endeuill\u00e9 toute sa vie par la mort de sa fille\u00a0\u00bb, explique-t-elle mettant en avant \u00ab\u00a0une exp\u00e9rience qui redonne le plaisir de recevoir du courrier et qui fait red\u00e9couvrir l\u2019Histoire autrement\u00a0\u00bb. Un important travail de recherche a \u00e9t\u00e9 men\u00e9 pour cette collection, notamment au sein des Archives de Paris. \u00ab\u00a0Je veux casser ce truc-l\u00e0 d\u2019apprendre toujours via nos t\u00e9l\u00e9phones, de s\u2019\u00e9changer des messages via Whatsapp ou Instagram et passer un moment loin des \u00e9crans\u00a0\u00bb, assure la Lyonnaise.<\/p>\n<p>D\u2019autres collections d\u2019un an sont pr\u00e9vues avec par exemple le peintre <strong>Vincent Van Gogh<\/strong> ou encore l\u2019\u00e9crivaine <strong>Olympe de Gouges<\/strong> au c\u0153ur des lettres envoy\u00e9es et fabriqu\u00e9es \u00e0 Lyon.<\/p>\n<blockquote class=\"instagram-media\" style=\"background: #FFF; border: 0; border-radius: 3px; box-shadow: 0 0 1px 0 rgba(0,0,0,0.5),0 1px 10px 0 rgba(0,0,0,0.15); margin: 1px; max-width: 540px; min-width: 326px; padding: 0; width: calc(100% - 2px);\" data-instgrm-captioned=\"\" data-instgrm-permalink=\"https:\/\/www.instagram.com\/p\/DMf3S5FJjFa\/?utm_source=ig_embed&amp;utm_campaign=loading\" data-instgrm-version=\"14\"><p>&#13;<br \/>\n&#13;\n<\/p><\/blockquote>\n<p>\t\t  <script async src=\"\/\/www.instagram.com\/embed.js\"><\/script><\/p>\n","protected":false},"excerpt":{"rendered":"Caroline Munier est la fondatrice de l\u2019Atelier des Lettres. \u00ab\u00a0Un moment qui d\u00e9connecte les gens de leur t\u00e9l\u00e9phone&hellip;\n","protected":false},"author":2,"featured_media":302232,"comment_status":"","ping_status":"","sticky":false,"template":"","format":"standard","meta":{"footnotes":""},"categories":[1889],"tags":[1111,11,2813,2190,2430,1109,251,1112,2811,1777,674,118,1294,4651,1011,27,1922,1110,1114,2428,4903,4902,12,241,316,25,2812,517,800],"class_list":{"0":"post-302231","1":"post","2":"type-post","3":"status-publish","4":"format-standard","5":"has-post-thumbnail","7":"category-lyon","8":"tag-actu","9":"tag-actualites","10":"tag-article","11":"tag-asvel","12":"tag-auvergne-rhone-alpes","13":"tag-breves","14":"tag-culture","15":"tag-depeches","16":"tag-economique","17":"tag-eu","18":"tag-europe","19":"tag-faits-divers","20":"tag-femme","21":"tag-femmes","22":"tag-fr","23":"tag-france","24":"tag-info","25":"tag-informations","26":"tag-infos","27":"tag-lyon","28":"tag-lyonfemme","29":"tag-lyonfemmes","30":"tag-news","31":"tag-ol","32":"tag-politique","33":"tag-republique-francaise","34":"tag-sociale","35":"tag-sport","36":"tag-transports"},"share_on_mastodon":{"url":"https:\/\/pubeurope.com\/@fr\/114986369970406772","error":""},"_links":{"self":[{"href":"https:\/\/www.europesays.com\/fr\/wp-json\/wp\/v2\/posts\/302231","targetHints":{"allow":["GET"]}}],"collection":[{"href":"https:\/\/www.europesays.com\/fr\/wp-json\/wp\/v2\/posts"}],"about":[{"href":"https:\/\/www.europesays.com\/fr\/wp-json\/wp\/v2\/types\/post"}],"author":[{"embeddable":true,"href":"https:\/\/www.europesays.com\/fr\/wp-json\/wp\/v2\/users\/2"}],"replies":[{"embeddable":true,"href":"https:\/\/www.europesays.com\/fr\/wp-json\/wp\/v2\/comments?post=302231"}],"version-history":[{"count":0,"href":"https:\/\/www.europesays.com\/fr\/wp-json\/wp\/v2\/posts\/302231\/revisions"}],"wp:featuredmedia":[{"embeddable":true,"href":"https:\/\/www.europesays.com\/fr\/wp-json\/wp\/v2\/media\/302232"}],"wp:attachment":[{"href":"https:\/\/www.europesays.com\/fr\/wp-json\/wp\/v2\/media?parent=302231"}],"wp:term":[{"taxonomy":"category","embeddable":true,"href":"https:\/\/www.europesays.com\/fr\/wp-json\/wp\/v2\/categories?post=302231"},{"taxonomy":"post_tag","embeddable":true,"href":"https:\/\/www.europesays.com\/fr\/wp-json\/wp\/v2\/tags?post=302231"}],"curies":[{"name":"wp","href":"https:\/\/api.w.org\/{rel}","templated":true}]}}