{"id":302235,"date":"2025-08-07T07:46:21","date_gmt":"2025-08-07T07:46:21","guid":{"rendered":"https:\/\/www.europesays.com\/fr\/302235\/"},"modified":"2025-08-07T07:46:21","modified_gmt":"2025-08-07T07:46:21","slug":"la-region-ile-de-france-se-dote-dun-plan-antibruit","status":"publish","type":"post","link":"https:\/\/www.europesays.com\/fr\/302235\/","title":{"rendered":"la R\u00e9gion \u00cele-de-France se dote d&rsquo;un plan antibruit"},"content":{"rendered":"<p>100 millions d&rsquo;euros\u00a0: c&rsquo;est ce que consacrera la R\u00e9gion \u00cele-de-France \u00e0 la lutte contre les nuisances sonores li\u00e9es notamment aux transports sur son territoire. Vot\u00e9 jeudi 26 septembre, le plan de la collectivit\u00e9 comprend 23 actions pour r\u00e9duire de 30\u00a0% l&rsquo;exposition des habitants au bruit d&rsquo;ici \u00e0 2030, comme le pr\u00e9conise le Plan z\u00e9ro pollution de la Commission europ\u00e9enne de 2021\u00a0: mise en place de rev\u00eatements acoustiques, notamment sur le p\u00e9riph\u00e9rique parisien, et de nouveaux murs antibruit,&#8230;<\/p>\n<p>Article publi\u00e9 le 27 septembre 2024<\/p>\n","protected":false},"excerpt":{"rendered":"100 millions d&rsquo;euros\u00a0: c&rsquo;est ce que consacrera la R\u00e9gion \u00cele-de-France \u00e0 la lutte contre les nuisances sonores li\u00e9es&hellip;\n","protected":false},"author":2,"featured_media":302236,"comment_status":"","ping_status":"","sticky":false,"template":"","format":"standard","meta":{"footnotes":""},"categories":[1592],"tags":[21806,14427,21809,21810,1111,21805,47,11,4763,2965,2813,21811,21807,21804,21808,21818,4858,51,893,436,18315,1777,674,1011,27,21813,21815,662,6417,12,6334,626,21812,1800,4048,21816,21814,3887,25,4510,17429,895,21817],"class_list":{"0":"post-302235","1":"post","2":"type-post","3":"status-publish","4":"format-standard","5":"has-post-thumbnail","7":"category-ile-de-france","8":"tag-cologie","9":"tag-nergie","10":"tag-nergies-renouvelables","11":"tag-olien","12":"tag-actu","13":"tag-actualit","14":"tag-actualite","15":"tag-actualites","16":"tag-agenda","17":"tag-air","18":"tag-article","19":"tag-biomasse","20":"tag-dchet","21":"tag-dveloppement-durable","22":"tag-dechet","23":"tag-e-zine","24":"tag-eau","25":"tag-ecologie","26":"tag-energie","27":"tag-environnement","28":"tag-eolien","29":"tag-eu","30":"tag-europe","31":"tag-fr","32":"tag-france","33":"tag-hse","34":"tag-hygine","35":"tag-ile-de-france","36":"tag-information","37":"tag-news","38":"tag-newsletter","39":"tag-paris","40":"tag-photovoltaique","41":"tag-pollution","42":"tag-presse","43":"tag-propret","44":"tag-qse","45":"tag-recyclage","46":"tag-republique-francaise","47":"tag-risque","48":"tag-sol","49":"tag-solaire","50":"tag-webzine"},"share_on_mastodon":{"url":"https:\/\/pubeurope.com\/@fr\/114986377788439700","error":""},"_links":{"self":[{"href":"https:\/\/www.europesays.com\/fr\/wp-json\/wp\/v2\/posts\/302235","targetHints":{"allow":["GET"]}}],"collection":[{"href":"https:\/\/www.europesays.com\/fr\/wp-json\/wp\/v2\/posts"}],"about":[{"href":"https:\/\/www.europesays.com\/fr\/wp-json\/wp\/v2\/types\/post"}],"author":[{"embeddable":true,"href":"https:\/\/www.europesays.com\/fr\/wp-json\/wp\/v2\/users\/2"}],"replies":[{"embeddable":true,"href":"https:\/\/www.europesays.com\/fr\/wp-json\/wp\/v2\/comments?post=302235"}],"version-history":[{"count":0,"href":"https:\/\/www.europesays.com\/fr\/wp-json\/wp\/v2\/posts\/302235\/revisions"}],"wp:featuredmedia":[{"embeddable":true,"href":"https:\/\/www.europesays.com\/fr\/wp-json\/wp\/v2\/media\/302236"}],"wp:attachment":[{"href":"https:\/\/www.europesays.com\/fr\/wp-json\/wp\/v2\/media?parent=302235"}],"wp:term":[{"taxonomy":"category","embeddable":true,"href":"https:\/\/www.europesays.com\/fr\/wp-json\/wp\/v2\/categories?post=302235"},{"taxonomy":"post_tag","embeddable":true,"href":"https:\/\/www.europesays.com\/fr\/wp-json\/wp\/v2\/tags?post=302235"}],"curies":[{"name":"wp","href":"https:\/\/api.w.org\/{rel}","templated":true}]}}