{"id":302239,"date":"2025-08-07T07:48:12","date_gmt":"2025-08-07T07:48:12","guid":{"rendered":"https:\/\/www.europesays.com\/fr\/302239\/"},"modified":"2025-08-07T07:48:12","modified_gmt":"2025-08-07T07:48:12","slug":"en-coree-du-sud-le-parquet-demande-un-mandat-darret-contre-lex-premiere-dame-kim-keon-hee","status":"publish","type":"post","link":"https:\/\/www.europesays.com\/fr\/302239\/","title":{"rendered":"En Cor\u00e9e du Sud, le parquet demande un mandat d&rsquo;arr\u00eat contre l&rsquo;ex-premi\u00e8re dame Kim Keon Hee"},"content":{"rendered":"<p class=\"c-chapo \">\n  Elle est accus\u00e9e d&rsquo;avoir artificiellement fait grimper le prix du titre d&rsquo;une entreprise entre 2009 et 2012, et accept\u00e9 des cadeaux de luxe en d\u00e9pit des lois contre la corruption alors qu&rsquo;elle \u00e9tait la Premi\u00e8re dame.\n<\/p>\n<p>            lire plus tard<\/p>\n<p id=\"dialog__title\" class=\"dialog__title\">Pour sauvegarder cet article, connectez-vous ou cr\u00e9ez un compte franceinfo<\/p>\n<p class=\"dialog__description\">Sans paiement. Sans abonnement.<\/p>\n<p>        Fermer la fen\u00eatre d\u2019activation des notifications France Info<\/p>\n<p>            cr\u00e9er votre compte<\/p>\n<p>            se connecter<\/p>\n<p>        Fermer la fen\u00eatre de pr\u00e9sentation<\/p>\n<p>    <img loading=\"lazy\" decoding=\"async\" class=\"signature__image lazyload\" width=\"100\" height=\"100\" data- alt=\"\" src=\"https:\/\/www.europesays.com\/fr\/wp-content\/uploads\/2025\/05\/64a68815cd1a7_placeholder-36b69ec8.png\"\/><\/p>\n<p>    Publi\u00e9 le 07\/08\/2025 08:39<\/p>\n<p>      Mis \u00e0 jour le 07\/08\/2025 08:39<\/p>\n<p>        Temps de lecture : 1min<\/p>\n<p>    <img decoding=\"async\"  alt=\"L'ex-premi\u00e8re dame de Cor\u00e9e du Sud, Kim Keon Hee, arrive au bureau du procureur sp\u00e9cial, \u00e0 S\u00e9oul, le 6 ao\u00fbt 2025. (ANTHONY WALLACE \/ AFP)\" width=\"432\" height=\"243\" src=\"https:\/\/www.europesays.com\/fr\/wp-content\/uploads\/2025\/08\/000-68uj2bc-68944982367e3244784764.jpg\" fetchpriority=\"high\"\/><\/p>\n<p>      L&rsquo;ex-premi\u00e8re dame de Cor\u00e9e du Sud, Kim Keon Hee, arrive au bureau du procureur sp\u00e9cial, \u00e0 S\u00e9oul, le 6 ao\u00fbt 2025. (ANTHONY WALLACE \/ AFP)<\/p>\n<p>Le bureau de la procureure sp\u00e9ciale de <a href=\"https:\/\/www.franceinfo.fr\/replay-radio\/bientot-chez-vous\/pour-remplir-les-classes-la-coree-du-sud-recrute-desormais-des-eleves-de-plus-de-70-ans_7333950.html\" rel=\"nofollow noopener\" target=\"_blank\">S\u00e9oul<\/a> a demand\u00e9, jeudi 7 ao\u00fbt, l&rsquo;\u00e9mission d&rsquo;un mandat d&rsquo;arr\u00eat \u00e0 l&rsquo;encontre de l&rsquo;ancienne Premi\u00e8re dame Kim Keon Hee, au lendemain de son interrogatoire pour une s\u00e9rie d&rsquo;all\u00e9gations, dont la corruption et la manipulation de cours boursiers. Il s&rsquo;agit de l&rsquo;\u00e9pouse de l&rsquo;ex-pr\u00e9sident Yoon Suk Yeol destitu\u00e9 en avril et <a href=\"https:\/\/www.franceinfo.fr\/monde\/coree-du-sud\/coree-du-sud-l-ex-president-yoon-suk-yeol-inculpe-d-abus-de-pouvoir-sept-mois-apres-sa-tentative-ratee-d-imposer-la-loi-martiale_7386637.html\" rel=\"nofollow noopener\" target=\"_blank\">d\u00e9tenu pour avoir impos\u00e9 la loi martiale l&rsquo;an dernier<\/a>.<\/p>\n<p>La procureure sp\u00e9ciale Oh Jung-hee a pr\u00e9cis\u00e9 que les accusations portaient sur des violations des lois sur les march\u00e9s de capitaux et les investissements financiers, ainsi que des lois sur le financement de la vie politique.<\/p>\n<p>Si ce mandat est accord\u00e9, ce serait la premi\u00e8re fois dans l&rsquo;histoire de la Cor\u00e9e du Sud qu&rsquo;un ancien pr\u00e9sident et la Premi\u00e8re dame seraient tous deux arr\u00eat\u00e9s. \u00ab\u00a0Je pr\u00e9sente mes sinc\u00e8res excuses pour avoir caus\u00e9 des probl\u00e8mes alors que je ne suis qu&rsquo;une personne sans importance. Je vais coop\u00e9rer pleinement \u00e0 l&rsquo;enqu\u00eate\u00a0\u00bb, avait-elle d\u00e9clar\u00e9 mercredi avant son interrogatoire. Elle a ni\u00e9 les all\u00e9gations durant l&rsquo;interrogatoire, selon des m\u00e9dias locaux.<\/p>\n<p>Kim Keon Hee est accus\u00e9e d&rsquo;avoir artificiellement fait grimper le prix du titre d&rsquo;une entreprise entre 2009 et 2012, et accept\u00e9 des cadeaux de luxe en d\u00e9pit des lois contre la corruption alors qu&rsquo;elle \u00e9tait la Premi\u00e8re dame.<\/p>\n<p class=\"related-tags__title\" role=\"heading\" aria-level=\"2\">les mots-cl\u00e9s associ\u00e9s \u00e0 cet article\n    <\/p>\n","protected":false},"excerpt":{"rendered":"Elle est accus\u00e9e d&rsquo;avoir artificiellement fait grimper le prix du titre d&rsquo;une entreprise entre 2009 et 2012, et&hellip;\n","protected":false},"author":2,"featured_media":302240,"comment_status":"","ping_status":"","sticky":false,"template":"","format":"standard","meta":{"footnotes":""},"categories":[1888],"tags":[1111,1928,11,1927,1777,674,1011,27,12,1926,626,1925,25],"class_list":{"0":"post-302239","1":"post","2":"type-post","3":"status-publish","4":"format-standard","5":"has-post-thumbnail","7":"category-paris","8":"tag-actu","9":"tag-actu-paris","10":"tag-actualites","11":"tag-actualites-paris","12":"tag-eu","13":"tag-europe","14":"tag-fr","15":"tag-france","16":"tag-news","17":"tag-news-paris","18":"tag-paris","19":"tag-paris-news","20":"tag-republique-francaise"},"share_on_mastodon":{"url":"https:\/\/pubeurope.com\/@fr\/114986386076546343","error":""},"_links":{"self":[{"href":"https:\/\/www.europesays.com\/fr\/wp-json\/wp\/v2\/posts\/302239","targetHints":{"allow":["GET"]}}],"collection":[{"href":"https:\/\/www.europesays.com\/fr\/wp-json\/wp\/v2\/posts"}],"about":[{"href":"https:\/\/www.europesays.com\/fr\/wp-json\/wp\/v2\/types\/post"}],"author":[{"embeddable":true,"href":"https:\/\/www.europesays.com\/fr\/wp-json\/wp\/v2\/users\/2"}],"replies":[{"embeddable":true,"href":"https:\/\/www.europesays.com\/fr\/wp-json\/wp\/v2\/comments?post=302239"}],"version-history":[{"count":0,"href":"https:\/\/www.europesays.com\/fr\/wp-json\/wp\/v2\/posts\/302239\/revisions"}],"wp:featuredmedia":[{"embeddable":true,"href":"https:\/\/www.europesays.com\/fr\/wp-json\/wp\/v2\/media\/302240"}],"wp:attachment":[{"href":"https:\/\/www.europesays.com\/fr\/wp-json\/wp\/v2\/media?parent=302239"}],"wp:term":[{"taxonomy":"category","embeddable":true,"href":"https:\/\/www.europesays.com\/fr\/wp-json\/wp\/v2\/categories?post=302239"},{"taxonomy":"post_tag","embeddable":true,"href":"https:\/\/www.europesays.com\/fr\/wp-json\/wp\/v2\/tags?post=302239"}],"curies":[{"name":"wp","href":"https:\/\/api.w.org\/{rel}","templated":true}]}}