{"id":302245,"date":"2025-08-07T07:51:11","date_gmt":"2025-08-07T07:51:11","guid":{"rendered":"https:\/\/www.europesays.com\/fr\/302245\/"},"modified":"2025-08-07T07:51:11","modified_gmt":"2025-08-07T07:51:11","slug":"face-a-rachida-dati-et-michel-barnier-a-paris-le-ps-choisit-lex-ministre-frederique-bredin","status":"publish","type":"post","link":"https:\/\/www.europesays.com\/fr\/302245\/","title":{"rendered":"Face \u00e0 Rachida Dati et Michel Barnier \u00e0 Paris, le PS choisit l\u2019ex-ministre Fr\u00e9d\u00e9rique Bredin"},"content":{"rendered":"<p>        <img decoding=\"async\" loading=\"lazy\" src=\"https:\/\/www.europesays.com\/fr\/wp-content\/uploads\/2025\/08\/c60d3b2_upload-1-dmhqumifauxr-afp-20170522-or6ud-v1-midres-francecannesfilmfestival.jpg\"  width=\"728\" height=\"410\" alt=\"Frederique Bredin, ici au Festival de Cannes, le 22\u00a0mai 2017.\"\/>  <\/p>\n<p>ALBERTO PIZZOLI \/ AFP<\/p>\n<p>Frederique Bredin, ici au Festival de Cannes, le 22\u00a0mai 2017.<\/p>\n<p class=\"asset asset-text\">POLITIQUE &#8211; Ils sont d\u00e9sormais quatre. Apr\u00e8s <a href=\"https:\/\/www.huffingtonpost.fr\/politique\/article\/avec-son-duel-contre-michel-barnier-a-paris-rachida-dati-tente-un-pari-risque-a-plusieurs-inconnues_253078.html\" target=\"_blank\" rel=\"noopener\">Rachida Dati<\/a> et Michel Barnier pour la droite, et <a href=\"https:\/\/www.huffingtonpost.fr\/politique\/article\/apres-barnier-et-dati-le-rn-thierry-mariani-s-invite-dans-la-legislative-partielle-a-paris_252718.html\" target=\"_blank\" rel=\"noopener\">Thierry Mariani<\/a> pour le RN, c\u2019est au tour du Parti socialiste de se positionner sur <a href=\"https:\/\/www.huffingtonpost.fr\/politique\/article\/barnier-investi-lr-dati-dissidente-cette-legislative-partielle-a-paris-tourne-bien-au-psychodrame-a-droite_253062.html\" target=\"_blank\" rel=\"noopener\">la l\u00e9gislative partielle<\/a> dans la 2e circonscription de Paris. Avec une ancienne ministre de Fran\u00e7ois Mitterrand, Fr\u00e9d\u00e9rique Bredin, 68\u00a0ans, a-t-on appris mercredi 6\u00a0ao\u00fbt aupr\u00e8s du parti.<\/p>\n<p class=\"asset asset-text\">Le conseil f\u00e9d\u00e9ral parisien du PS a officiellement propos\u00e9 mercredi soir, \u00e0 l\u2019unanimit\u00e9, son nom au Bureau national du parti, qui devrait l\u2019ent\u00e9riner dans les prochaines semaines. \u00ab\u00a0Fr\u00e9d\u00e9rique Bredin est une femme solide et exp\u00e9riment\u00e9e, la meilleure des candidatures pour repr\u00e9senter la gauche dans la deuxi\u00e8me circonscription de Paris\u00a0\u00bb, face \u00ab\u00a0\u00e0 Rachida Dati et Michel Barnier qui nous proposent une bataille des egos\u00a0\u00bb, a expliqu\u00e9 \u00e0 l\u2019AFP Emma Rafowicz, en charge des \u00e9lections \u00e0 la f\u00e9d\u00e9ration.<\/p>\n<p class=\"asset asset-text\">Ancienne ministre socialiste des Sports (1991-1993) dans le gouvernement d\u2019\u00c9dith Cresson puis de Pierre B\u00e9r\u00e9govoy, Fr\u00e9d\u00e9rique Bredin s\u2019\u00e9tait mise en retrait de la vie politique apr\u00e8s avoir rejoint le groupe Lagard\u00e8re Medias en 2000, mais a r\u00e9adh\u00e9r\u00e9 depuis quelques ann\u00e9es au PS.<\/p>\n<p>    Du minist\u00e8re de la Culture au CNC    <\/p>\n<p class=\"asset asset-text\">Elle soutenait Emmanuel Gr\u00e9goire dans la primaire socialiste pour les municipales de 2026. Un temps jug\u00e9e Macron-compatible, elle faisait partie des personnes dont le nom \u00e9tait \u00e9voqu\u00e9 lors d\u2019un remaniement en 2018. Nomm\u00e9e pr\u00e9sidente du Centre national du Cin\u00e9ma (CNC) de 2013 \u00e0 2019, elle avait cependant refus\u00e9 de porter la r\u00e9forme du financement du cin\u00e9ma souhait\u00e9e par Emmanuel Macron.<\/p>\n<p class=\"asset asset-text\">Parisienne et fille de l\u2019acad\u00e9micien, \u00e9crivain et avocat Jean-Denis Bredin, Fr\u00e9d\u00e9rique Bredin avait rejoint l\u2019Inspection g\u00e9n\u00e9rale des Finances \u00e0 la sortie de l\u2019ENA. Apr\u00e8s avoir int\u00e9gr\u00e9 \u00e0 28\u00a0ans le cabinet de Jack Lang, alors ministre de la Culture, elle \u00e9tait entr\u00e9e deux ans plus tard \u00e0 l\u2019\u00c9lys\u00e9e, o\u00f9 elle \u00e9tait charg\u00e9e des dossiers culturels. Cette proche de Laurent Fabius a \u00e9t\u00e9 d\u00e9put\u00e9e de Seine-Maritime (1988-1991, r\u00e9\u00e9lue en 1995 puis en 1997), maire de F\u00e9camp de 1989 \u00e0 1995, et bri\u00e8vement d\u00e9put\u00e9e europ\u00e9enne (1994-96).<\/p>\n<p class=\"asset asset-text\">L\u2019ancienne candidate PS dans cette circonscription tr\u00e8s marqu\u00e9e \u00e0 droite, Marine Rosset, est pressentie pour \u00eatre sa suppl\u00e9ante. <a href=\"https:\/\/www.huffingtonpost.fr\/politique\/article\/marine-rosset-la-presidente-des-scouts-de-france-demissionne-apres-avoir-ete-ciblee-par-l-extreme-droite_253314.html\" target=\"_blank\" rel=\"noopener\">Marine Rosset vient de quitter son poste de pr\u00e9sidente des Scouts et guides de France<\/a>, confront\u00e9e \u00e0 une vague de harc\u00e8lement qu\u2019elle lie \u00e0 son homosexualit\u00e9.<\/p>\n<p class=\"asset asset-text\">L\u2019\u00e9lection dans la 2e circonscription de Paris aura lieu les 21 et 28\u00a0septembre, selon un d\u00e9cret paru mercredi au Journal officiel.<\/p>\n","protected":false},"excerpt":{"rendered":"ALBERTO PIZZOLI \/ AFP Frederique Bredin, ici au Festival de Cannes, le 22\u00a0mai 2017. POLITIQUE &#8211; Ils sont&hellip;\n","protected":false},"author":2,"featured_media":302246,"comment_status":"","ping_status":"","sticky":false,"template":"","format":"standard","meta":{"footnotes":""},"categories":[1888],"tags":[11,8513,1777,674,1011,27,12,626,4484,316,25],"class_list":{"0":"post-302245","1":"post","2":"type-post","3":"status-publish","4":"format-standard","5":"has-post-thumbnail","7":"category-paris","8":"tag-actualites","9":"tag-elections-legislatives","10":"tag-eu","11":"tag-europe","12":"tag-fr","13":"tag-france","14":"tag-news","15":"tag-paris","16":"tag-parti-socialiste-ps","17":"tag-politique","18":"tag-republique-francaise"},"share_on_mastodon":{"url":"https:\/\/pubeurope.com\/@fr\/114986397487910199","error":""},"_links":{"self":[{"href":"https:\/\/www.europesays.com\/fr\/wp-json\/wp\/v2\/posts\/302245","targetHints":{"allow":["GET"]}}],"collection":[{"href":"https:\/\/www.europesays.com\/fr\/wp-json\/wp\/v2\/posts"}],"about":[{"href":"https:\/\/www.europesays.com\/fr\/wp-json\/wp\/v2\/types\/post"}],"author":[{"embeddable":true,"href":"https:\/\/www.europesays.com\/fr\/wp-json\/wp\/v2\/users\/2"}],"replies":[{"embeddable":true,"href":"https:\/\/www.europesays.com\/fr\/wp-json\/wp\/v2\/comments?post=302245"}],"version-history":[{"count":0,"href":"https:\/\/www.europesays.com\/fr\/wp-json\/wp\/v2\/posts\/302245\/revisions"}],"wp:featuredmedia":[{"embeddable":true,"href":"https:\/\/www.europesays.com\/fr\/wp-json\/wp\/v2\/media\/302246"}],"wp:attachment":[{"href":"https:\/\/www.europesays.com\/fr\/wp-json\/wp\/v2\/media?parent=302245"}],"wp:term":[{"taxonomy":"category","embeddable":true,"href":"https:\/\/www.europesays.com\/fr\/wp-json\/wp\/v2\/categories?post=302245"},{"taxonomy":"post_tag","embeddable":true,"href":"https:\/\/www.europesays.com\/fr\/wp-json\/wp\/v2\/tags?post=302245"}],"curies":[{"name":"wp","href":"https:\/\/api.w.org\/{rel}","templated":true}]}}