{"id":302251,"date":"2025-08-07T07:54:12","date_gmt":"2025-08-07T07:54:12","guid":{"rendered":"https:\/\/www.europesays.com\/fr\/302251\/"},"modified":"2025-08-07T07:54:12","modified_gmt":"2025-08-07T07:54:12","slug":"les-bourses-europeennes-ouvrent-en-ordre-disperse-apres-lentree-en-vigueur-des-surtaxes-americaines","status":"publish","type":"post","link":"https:\/\/www.europesays.com\/fr\/302251\/","title":{"rendered":"Les Bourses europ\u00e9ennes ouvrent en ordre dispers\u00e9 apr\u00e8s l\u2019entr\u00e9e en vigueur des surtaxes am\u00e9ricaines"},"content":{"rendered":"<p>        <a class=\"Link \" href=\"https:\/\/www.lopinion.fr\/economie\/la-bourse-de-paris-prudente-avant-lentree-en-vigueur-des-surtaxes-americaines\" data-cms-ai=\"0\" rel=\"nofollow noopener\" target=\"_blank\">La Bourse de Paris prudente avant l&rsquo;entr\u00e9e en vigueur des surtaxes am\u00e9ricaines<\/a><\/p>\n<p>l&rsquo;Opinion (avec AFP)<\/p>\n<p>Paris &#8211; La Bourse de Paris a termin\u00e9 en l\u00e9g\u00e8re hausse de 0,18% mercredi, \u00e0 l\u2019issue d\u2019une s\u00e9ance sans catalyseur majeur, dans un march\u00e9 prudent \u00e0 la veille de l\u2019entr\u00e9e en application des droits de douane impos\u00e9s par Donald Trump. L\u2019indice vedette CAC 40 a gagn\u00e9 13,99 points et s\u2019est \u00e9tabli \u00e0 7.635,03 points \u00e0 la cl\u00f4ture. Mardi, il avait perdu 10,97 points (-0,14%) \u00e0 7.621,04 points. \u00abL\u2019actualit\u00e9 qui domine les march\u00e9s est la mise en application des droits de douane attendue demain. Nous ne sommes pas \u00e0 l\u2019abri d\u2019un nouveau changement sur ce sujet\u00bb, commente Fr\u00e9d\u00e9ric Ruf, expert en investissements financiers chez Milleis Banque, soulignant la prudence des investisseurs \u00e0 la veille de cette \u00e9ch\u00e9ance. Ces nouvelles taxes sur les importations prendront effet, pour la majorit\u00e9 des pays concern\u00e9s, le 7 ao\u00fbt, et non vendredi 1er ao\u00fbt comme attendu initialement, afin de permettre aux douanes de s\u2019organiser pour leur collecte, assure la Maison Blanche. Mais ce report offre une fen\u00eatre pour d\u2019ultimes pourparlers, veulent croire plusieurs pays, dont la Suisse, qui a \u00e9t\u00e9 surprise par une surtaxe de 39% sur ses produits import\u00e9s aux \u00c9tats-Unis, un chiffre bien sup\u00e9rieur aux 15% qui frappent l\u2019Union europ\u00e9enne. \u00abIl faut \u00e9galement garder en t\u00eate que l&rsquo;\u00e9ch\u00e9ance des n\u00e9gociations pour la Chine arrive la semaine prochaine\u00bb, commente Fr\u00e9d\u00e9ric Ruf. Apr\u00e8s s&rsquo;\u00eatre affront\u00e9es \u00e0 coups de surtaxes, les deux premi\u00e8res puissances \u00e9conomiques du monde ont accept\u00e9 une tr\u00eave commerciale jusqu\u2019au 12 ao\u00fbt, ramenant leurs droits de douane respectifs \u00e0 10% sur les produits am\u00e9ricains et 30% sur les produits chinois. La s\u00e9ance a aussi \u00e9t\u00e9 anim\u00e9e par la publication de plusieurs r\u00e9sultats d\u2019entreprises ailleurs en Europe. \u00abIl y a une certaine asym\u00e9trie dans la r\u00e9action des march\u00e9s: lorsque les r\u00e9sultats sont bons, les titres progressent peu; en revanche, les d\u00e9ceptions entra\u00eenent des baisses sensibles\u00bb, retient Fr\u00e9d\u00e9ric Ruf. Les pharmaceutiques en baisse Les valeurs fran\u00e7aises du secteur pharmaceutique ont \u00e9t\u00e9 entra\u00een\u00e9es \u00e0 la baisse par la publication des r\u00e9sultats du danois Novo Nordisk, maison-m\u00e8re de l\u2019antidiab\u00e9tique Ozempic, sanctionn\u00e9s par le march\u00e9 \u00e0 la Bourse de Copenhague (-5,36% \u00e0 288,15 couronnes danoises, soit 38,61 euros). A la cote parisienne, Sanofi a abandonn\u00e9 2,88% \u00e0 79,67 euros, Eurofins a c\u00e9d\u00e9 3,00% \u00e0 64,60 euros, Sartorius Stedim Biotech a l\u00e2ch\u00e9 2,56% \u00e0 165,55 euros, bioM\u00e9rieux 1,84% \u00e0 122,40 euros. Par ailleurs, le secteur \u00e9tait toujours frapp\u00e9 par l\u2019inqui\u00e9tude quant aux ambitions de Donald Trump de faire baisser les prix des m\u00e9dicaments aux Etats-Unis. D\u00e9but juillet, Donald Trump avait affirm\u00e9 qu\u2019il imposerait une surtaxe de 200% sur les produits pharmaceutiques import\u00e9s aux Etats-Unis si la production n&rsquo;\u00e9tait pas rapidement rapatri\u00e9e sur le sol am\u00e9ricain. Euronext CAC40 \u00a9 Agence France-Presse<\/p>\n","protected":false},"excerpt":{"rendered":"La Bourse de Paris prudente avant l&rsquo;entr\u00e9e en vigueur des surtaxes am\u00e9ricaines l&rsquo;Opinion (avec AFP) Paris &#8211; La&hellip;\n","protected":false},"author":2,"featured_media":201167,"comment_status":"","ping_status":"","sticky":false,"template":"","format":"standard","meta":{"footnotes":""},"categories":[1589],"tags":[11,73,1866,12,1864,1865,1863,308],"class_list":{"0":"post-302251","1":"post","2":"type-post","3":"status-publish","4":"format-standard","5":"has-post-thumbnail","7":"category-etats-unis","8":"tag-actualites","9":"tag-etats-unis","10":"tag-etats-unis-damerique","11":"tag-news","12":"tag-united-states","13":"tag-united-states-of-america","14":"tag-us","15":"tag-usa"},"share_on_mastodon":{"url":"https:\/\/pubeurope.com\/@fr\/114986409258415502","error":""},"_links":{"self":[{"href":"https:\/\/www.europesays.com\/fr\/wp-json\/wp\/v2\/posts\/302251","targetHints":{"allow":["GET"]}}],"collection":[{"href":"https:\/\/www.europesays.com\/fr\/wp-json\/wp\/v2\/posts"}],"about":[{"href":"https:\/\/www.europesays.com\/fr\/wp-json\/wp\/v2\/types\/post"}],"author":[{"embeddable":true,"href":"https:\/\/www.europesays.com\/fr\/wp-json\/wp\/v2\/users\/2"}],"replies":[{"embeddable":true,"href":"https:\/\/www.europesays.com\/fr\/wp-json\/wp\/v2\/comments?post=302251"}],"version-history":[{"count":0,"href":"https:\/\/www.europesays.com\/fr\/wp-json\/wp\/v2\/posts\/302251\/revisions"}],"wp:featuredmedia":[{"embeddable":true,"href":"https:\/\/www.europesays.com\/fr\/wp-json\/wp\/v2\/media\/201167"}],"wp:attachment":[{"href":"https:\/\/www.europesays.com\/fr\/wp-json\/wp\/v2\/media?parent=302251"}],"wp:term":[{"taxonomy":"category","embeddable":true,"href":"https:\/\/www.europesays.com\/fr\/wp-json\/wp\/v2\/categories?post=302251"},{"taxonomy":"post_tag","embeddable":true,"href":"https:\/\/www.europesays.com\/fr\/wp-json\/wp\/v2\/tags?post=302251"}],"curies":[{"name":"wp","href":"https:\/\/api.w.org\/{rel}","templated":true}]}}