{"id":302254,"date":"2025-08-07T07:56:10","date_gmt":"2025-08-07T07:56:10","guid":{"rendered":"https:\/\/www.europesays.com\/fr\/302254\/"},"modified":"2025-08-07T07:56:10","modified_gmt":"2025-08-07T07:56:10","slug":"la-production-industrielle-en-juin-au-plus-bas-depuis-mai-2020","status":"publish","type":"post","link":"https:\/\/www.europesays.com\/fr\/302254\/","title":{"rendered":"la production industrielle en juin au plus bas depuis mai 2020"},"content":{"rendered":"<p class=\"fig-paragraph\">La<a href=\"http:\/\/www.lefigaro.fr\/conjoncture\/en-juin-la-production-industrielle-allemande-a-plonge-de-1-5-20230807\" data-fig-type=\"NewsFlash\" data-gtm-custom-categorie=\"navigation\" data-gtm-custom-action=\"crossclick\" data-gtm-custom-label=\"Contextuel\" data-gtm-event=\"customEventSPE\" data-fig-domain=\"LEFIGARO\" target=\"_blank\" rel=\"noopener\">\u00a0production industrielle allemande<\/a>\u00a0a atteint en juin son plus bas niveau depuis mai 2020, rendant un recul du PIB au troisi\u00e8me trimestre probable, selon des donn\u00e9es publi\u00e9es jeudi, jour d\u2019entr\u00e9e en vigueur des nouveaux droits de douane am\u00e9ricains pour l\u2019UE. De mai \u00e0 juin, la production industrielle a chut\u00e9 de 1,9%, apr\u00e8s avoir perdu 0,1% en mai selon des donn\u00e9es nettement r\u00e9vis\u00e9es \u00e0 la baisse par l\u2019institut Destatis \u00e0 cause du secteur automobile. Les analystes sond\u00e9s par Factset misaient, plus optimistes sur un recul de 0,5%.<\/p>\n<p class=\"fig-paragraph\">Cela consacre un troisi\u00e8me mois de baisse cons\u00e9cutif pour cet indicateur tr\u00e8s volatile mais crucial pour le secteur manufacturier allemand. Compar\u00e9 \u00e0 juin 2024, l\u2019indicateur s\u2019est effondr\u00e9 de 3,6%. La baisse de la production en juin est principalement attribu\u00e9e aux d\u00e9boires de l\u2019industrie pharmaceutique (-11,0%), de la construction m\u00e9canique (-5,3 %), et de l\u2019industrie alimentaire (-6,3 %), tandis que la production d\u2019\u00e9nergie (+3,1 %) poursuit sa remont\u00e9e. Selon le cabinet Capital Economics, ces donn\u00e9es montrent les effets de la premi\u00e8re salve de droits de douane sur l\u2019Allemagne, et celle du jour \u00abcontinuera probablement de freiner la production dans une certaine mesure\u00bb.<\/p>\n<p>                                    <a class=\"fig-a11y-skip a11y-hidden\" href=\"#fig-a11y-skip-main-inarticle\"><br \/>\n        Passer la publicit\u00e9<br \/>\n    <\/a><\/p>\n<p>Les exportations vers les \u00c9tats-Unis ont atteint leur plus bas niveau depuis f\u00e9vrier 2022<\/p>\n<p class=\"fig-paragraph\">\u00abSi l\u2019on prend les commandes industrielles en compte\u00bb, \u00e9galement dans le rouge en juin (-1,0%), \u00able troisi\u00e8me trimestre pourrait enregistrer une baisse notable du PIB allemand\u00bb, pr\u00e9vient Jens-Oliver Niklasch de la banque LBBW. Au contraire, les exportations allemandes ont grignot\u00e9 0,8% de mai \u00e0 juin, \u00e0 115,6 milliards d\u2019euros selon des donn\u00e9es corrig\u00e9es des variations saisonni\u00e8res (CVS), l\u00e9g\u00e8rement meilleures que les attentes de Factset qui misait sur une progression de 0,5%. Mais les importations ont, elles, bondi de 4,2%, \u00e0 115,6 milliards d\u2019euros, r\u00e9duisant davantage l\u2019exc\u00e9dent commercial allemand \u00e0 14,9 milliards, au plus bas depuis octobre. Sur un an, la tendance est similaire, les importations (+7,9%) progressant trois fois plus vite que les exportations (+2,4%).<\/p>\n<p class=\"fig-paragraph\">Plus inqui\u00e9tant: les\u00a0<a href=\"http:\/\/www.lefigaro.fr\/flash-eco\/chine-exportations-et-importations-ont-bondi-en-juillet-depassant-les-previsions-20250807\" data-fig-type=\"NewsFlash\" data-gtm-custom-categorie=\"navigation\" data-gtm-custom-action=\"crossclick\" data-gtm-custom-label=\"Contextuel\" data-gtm-event=\"customEventSPE\" data-fig-domain=\"LEFIGARO\" target=\"_blank\" rel=\"noopener\">exportations vers les \u00c9tats-Unis<\/a>\u00a0ont atteint leur plus bas niveau depuis f\u00e9vrier 2022, avec un recul de 2,1% en juin marquant un troisi\u00e8me mois de baisse cons\u00e9cutif. \u00abAvec les droits de douane actuels, la situation ne devrait pas s\u2019am\u00e9liorer\u00bb, pr\u00e9dit Jens-Oliver Niklasch. Le premier partenaire commercial de Berlin a mis en place aujourd\u2019hui des droits de douane de 15% sur les importations europ\u00e9ennes, un coup dur pour l\u2019industrie allemande d\u00e9j\u00e0 en crise \u00e0 cause de prix de l\u2019\u00e9nergie \u00e9lev\u00e9s et de recul de la demande \u00e0 l\u2019international.<\/p>\n","protected":false},"excerpt":{"rendered":"La\u00a0production industrielle allemande\u00a0a atteint en juin son plus bas niveau depuis mai 2020, rendant un recul du PIB&hellip;\n","protected":false},"author":2,"featured_media":302255,"comment_status":"","ping_status":"","sticky":false,"template":"","format":"standard","meta":{"footnotes":""},"categories":[1587],"tags":[11,672,1804,1805,1803,1777,674,1801,12,2065,1802],"class_list":{"0":"post-302254","1":"post","2":"type-post","3":"status-publish","4":"format-standard","5":"has-post-thumbnail","7":"category-allemagne","8":"tag-actualites","9":"tag-allemagne","10":"tag-bundesrepublik-deutschland","11":"tag-de","12":"tag-deutschland","13":"tag-eu","14":"tag-europe","15":"tag-germany","16":"tag-news","17":"tag-production-industrielle","18":"tag-republique-federale-dallemagne"},"share_on_mastodon":{"url":"https:\/\/pubeurope.com\/@fr\/114986417154534482","error":""},"_links":{"self":[{"href":"https:\/\/www.europesays.com\/fr\/wp-json\/wp\/v2\/posts\/302254","targetHints":{"allow":["GET"]}}],"collection":[{"href":"https:\/\/www.europesays.com\/fr\/wp-json\/wp\/v2\/posts"}],"about":[{"href":"https:\/\/www.europesays.com\/fr\/wp-json\/wp\/v2\/types\/post"}],"author":[{"embeddable":true,"href":"https:\/\/www.europesays.com\/fr\/wp-json\/wp\/v2\/users\/2"}],"replies":[{"embeddable":true,"href":"https:\/\/www.europesays.com\/fr\/wp-json\/wp\/v2\/comments?post=302254"}],"version-history":[{"count":0,"href":"https:\/\/www.europesays.com\/fr\/wp-json\/wp\/v2\/posts\/302254\/revisions"}],"wp:featuredmedia":[{"embeddable":true,"href":"https:\/\/www.europesays.com\/fr\/wp-json\/wp\/v2\/media\/302255"}],"wp:attachment":[{"href":"https:\/\/www.europesays.com\/fr\/wp-json\/wp\/v2\/media?parent=302254"}],"wp:term":[{"taxonomy":"category","embeddable":true,"href":"https:\/\/www.europesays.com\/fr\/wp-json\/wp\/v2\/categories?post=302254"},{"taxonomy":"post_tag","embeddable":true,"href":"https:\/\/www.europesays.com\/fr\/wp-json\/wp\/v2\/tags?post=302254"}],"curies":[{"name":"wp","href":"https:\/\/api.w.org\/{rel}","templated":true}]}}