{"id":302262,"date":"2025-08-07T08:00:13","date_gmt":"2025-08-07T08:00:13","guid":{"rendered":"https:\/\/www.europesays.com\/fr\/302262\/"},"modified":"2025-08-07T08:00:13","modified_gmt":"2025-08-07T08:00:13","slug":"pouvoir-dachat-faudra-t-il-vraiment-troquer-une-semaine-de-conges-contre-un-meilleur-salaire","status":"publish","type":"post","link":"https:\/\/www.europesays.com\/fr\/302262\/","title":{"rendered":"Pouvoir d\u2019achat : faudra-t-il vraiment troquer une semaine de cong\u00e9s contre un meilleur salaire\u2009?"},"content":{"rendered":"<p>Imaginez la sc\u00e8ne : l&rsquo;\u00e9t\u00e9 bat son plein, les vacances se pr\u00e9parent, mais une question inattendue surgit dans l&rsquo;esprit des salari\u00e9s fran\u00e7ais. Serait-il bient\u00f4t possible, ou m\u00eame tentant, d&rsquo;\u00e9changer une semaine de cong\u00e9s contre une belle enveloppe suppl\u00e9mentaire sur la fiche de paie ? Un sujet qui divise, intrigue et interroge sur le juste \u00e9quilibre entre temps libre et besoin de revenus, \u00e0 l&rsquo;heure o\u00f9 le pouvoir d&rsquo;achat fait la une de tous les journaux. Que cache vraiment ce projet gouvernemental de mon\u00e9tisation de la cinqui\u00e8me semaine de cong\u00e9s pay\u00e9s ? Les semaines de repos, <strong>si ch\u00e8res au c\u0153ur des Fran\u00e7ais<\/strong>, pourraient-elles finir converties en euros ? Focus sur un d\u00e9bat br\u00fblant qui r\u00e9v\u00e8le bien plus qu&rsquo;une simple histoire de chiffres.<\/p>\n<p> Faut-il sacrifier ses vacances pour booster son portefeuille ?<\/p>\n<p>L&rsquo;id\u00e9e para\u00eet presque provocante tant la cinqui\u00e8me semaine de cong\u00e9s pay\u00e9s occupe une place \u00e0 part dans l&rsquo;imaginaire collectif. Pourtant, la tentation de monnayer quelques jours de repos n&rsquo;a jamais autant circul\u00e9 dans les conversations qu&rsquo;en cette ann\u00e9e 2025. Dans une France o\u00f9 l&rsquo;inflation continue de rogner le pouvoir d&rsquo;achat et o\u00f9 <strong>la moindre astuce pour gagner davantage<\/strong> attire l&rsquo;attention, le projet du gouvernement a de quoi faire d\u00e9bat.<\/p>\n<p>Quand le pouvoir d&rsquo;achat grignote les cong\u00e9s : un dilemme bien actuel<\/p>\n<p>Depuis son instauration en 1982, la cinqui\u00e8me semaine de cong\u00e9s pay\u00e9s repr\u00e9sente un symbole d&rsquo;avanc\u00e9e sociale. La voir aujourd&rsquo;hui consid\u00e9r\u00e9e comme une r\u00e9serve \u00e0 mon\u00e9tiser souligne le poids du contexte \u00e9conomique actuel. Payer ses factures, faire face \u00e0 la hausse des prix du carburant ou du panier d&rsquo;\u00e9picerie : pour des milliers de salari\u00e9s, l&rsquo;id\u00e9e de troquer une semaine de farniente pour un suppl\u00e9ment de revenu prend alors un sens tr\u00e8s concret. <strong>Un dilemme typiquement fran\u00e7ais<\/strong>, o\u00f9 la recherche de temps pour soi s&rsquo;entrechoque avec celle de la <a href=\"https:\/\/journaldesseniors.20minutes.fr\/argent\/est-ce-que-letat-peut-vraiment-piocher-dans-vos-economies-pour-eponger-ses-dettes\/\" target=\"_blank\" rel=\"noopener\">libert\u00e9 financi\u00e8re<\/a>.<\/p>\n<p>Ce que r\u00e9v\u00e8lent les chiffres : attractivit\u00e9 du projet et r\u00e9alit\u00e9 des besoins<\/p>\n<p><strong>Mais \u00e0 combien se chiffre r\u00e9ellement ce sacrifice ?<\/strong> Pour donner un ordre de grandeur clair :<\/p>\n<tr>\nExemple de salaire mensuel brut<br \/>\nSuppl\u00e9ment brut estim\u00e9 pour 5 jours \u00ab\u00a0vendus\u00a0\u00bb<br \/>\nTaux de majoration<br \/>\n<\/tr>\n<tr>\n<td>2 000 \u20ac<\/td>\n<td>500 \u00e0 550 \u20ac<\/td>\n<td>20\u201325 %<\/td>\n<\/tr>\n<tr>\n<td>3 000 \u20ac<\/td>\n<td>750 \u00e0 825 \u20ac<\/td>\n<td>Idem<\/td>\n<\/tr>\n<p>En pratique, la somme n&rsquo;est pas anodine, surtout qu&rsquo;elle b\u00e9n\u00e9ficierait d&rsquo;une exon\u00e9ration fiscale partielle. Assez pour faire h\u00e9siter plus d&rsquo;un foyer, face aux impond\u00e9rables de la vie quotidienne.<\/p>\n<p>Salari\u00e9s, directions : des attentes qui s&rsquo;entrechoquent<\/p>\n<p>L\u00e0 o\u00f9 certains voient une respiration financi\u00e8re bienvenue, d&rsquo;autres d\u00e9noncent une mesure aux allures de faux cadeau. <strong>Le dialogue entre patrons et salari\u00e9s<\/strong> prend alors tout son relief.<\/p>\n<p> Les promesses d&rsquo;une hausse de salaire\u2026 et les illusions qu&rsquo;elle v\u00e9hicule<\/p>\n<p>Les d\u00e9fenseurs du projet, principalement dans les rangs patronaux ou chez certains salari\u00e9s d\u00e9sireux de <a href=\"https:\/\/journaldesseniors.20minutes.fr\/argent\/combien-faut-il-vraiment-laisser-sur-son-compte-courant-pour-eviter-les-ennuis\/\" target=\"_blank\" rel=\"noopener\">mettre du beurre dans les \u00e9pinards<\/a>, avancent la nature volontaire de la mesure. Pas d&rsquo;obligation : chacun reste libre de choisir. Mais <strong>ce suppl\u00e9ment sur la fiche de paie<\/strong> risque-t-il de rester illusoire pour ceux qui, d&rsquo;un point de vue \u00e9conomique, n&rsquo;ont gu\u00e8re la possibilit\u00e9 de dire non ? Un suppl\u00e9ment qui ne saurait remplacer une vraie revalorisation des salaires, rappelons-le.<\/p>\n<p>Moins de repos, plus de stress ? Le ressenti face \u00e0 la proposition<\/p>\n<p>Perdre une semaine de cong\u00e9s, est-ce vraiment indolore ? Du c\u00f4t\u00e9 des organisations syndicales, la crainte est palpable : pression manag\u00e9riale insidieuse, risque d&rsquo;\u00e9puisement, recul discret sur un socle historique. <strong>La vente de ses vacances<\/strong> pourrait bien d\u00e9boussoler des \u00e9quipes d\u00e9j\u00e0 sous tension, entre charge mentale accrue et sentiment de sacrifier l&rsquo;essentiel pour des motifs purement mat\u00e9riels.<\/p>\n<p> Ce que l&rsquo;on gagne\u2026 et ce que l&rsquo;on perd vraiment<\/p>\n<p>Face \u00e0 l&rsquo;attractivit\u00e9 imm\u00e9diate d&rsquo;un bonus salarial, prendre du recul s&rsquo;impose. Car c\u00e9der du temps de repos au profit d&rsquo;un virement ponctuel n&rsquo;est pas sans <strong>cons\u00e9quences significatives<\/strong> sur le long terme.<\/p>\n<p>Le calcul r\u00e9el : euros gagn\u00e9s contre temps de pause sacrifi\u00e9<\/p>\n<p>Les r\u00e9sultats sont \u00e9loquents : \u00e9changer cinq jours de repos contre, par exemple, un demi-mois de salaire brut peut sembler all\u00e9chant. Mais une telle d\u00e9cision change la donne sur la dur\u00e9e, <strong>notamment pour ceux qui jonglent<\/strong> d\u00e9j\u00e0 avec une organisation familiale serr\u00e9e, ou dont le rythme professionnel s&rsquo;acc\u00e9l\u00e8re en continu.<\/p>\n<p>L&rsquo;\u00e9quilibre vie pro\/vie perso : enjeux \u00e0 ne pas sous-estimer<\/p>\n<p><strong>Gagner plus, oui, mais \u00e0 quel prix ?<\/strong> Le d\u00e9bat r\u00e9veille la sensibilit\u00e9 fran\u00e7aise autour de la notion d&rsquo;\u00e9quilibre vie professionnelle\/vie personnelle, si pr\u00e9cieuse dans l&rsquo;Hexagone. Le risque, c&rsquo;est que la course \u00e0 la solvabilit\u00e9 se transforme en fuite en avant, o\u00f9 le repos devient une variable d&rsquo;ajustement plut\u00f4t qu&rsquo;un pilier de la qualit\u00e9 de vie.<\/p>\n<p> Diff\u00e9rentes perspectives sur la mon\u00e9tisation des cong\u00e9s<\/p>\n<p>Les situations financi\u00e8res tendues pourraient pousser certains salari\u00e9s \u00e0 saisir cette opportunit\u00e9 : boucler un budget, solder une dette, pr\u00e9parer un projet. D&rsquo;autres, au contraire, redoutent la d\u00e9rive potentielle. <strong>Le dilemme reste entier<\/strong> entre l&rsquo;apport financier imm\u00e9diat et la pr\u00e9servation du temps personnel, essentiel \u00e0 l&rsquo;\u00e9quilibre physique et mental.<\/p>\n<p> Tour d&rsquo;horizon europ\u00e9en et le\u00e7ons \u00e0 tirer<\/p>\n<p>La France n&rsquo;est pas la seule \u00e0 s&rsquo;interroger sur sa gestion du temps libre et de la r\u00e9mun\u00e9ration.<\/p>\n<p> Comment nos voisins abordent-ils la question ?<\/p>\n<p>Dans de nombreux pays europ\u00e9ens, la tentation de mon\u00e9tiser certains jours de repos a d\u00e9j\u00e0 donn\u00e9 lieu \u00e0 des exp\u00e9riences : rachat de jours de RTT en Allemagne, flexibilisation des vacances au Royaume-Uni\u2026 Mais la cinqui\u00e8me semaine de cong\u00e9s reste un totem. <strong>La France, attach\u00e9e \u00e0 ses longs \u00e9t\u00e9s<\/strong>, r\u00e9siste l\u00e0 o\u00f9 d&rsquo;autres soci\u00e9t\u00e9s l&rsquo;acceptent, non sans garder un \u0153il attentif sur le \u00ab\u00a0prix \u00e0 payer\u00a0\u00bb en mati\u00e8re d&rsquo;engagement et de bien-\u00eatre au sein des \u00e9quipes.<\/p>\n<p> Inspirer une nouvelle approche du rapport au travail<\/p>\n<p>Ce projet r\u00e9interroge notre relation intime au travail : sommes-nous pr\u00eats \u00e0 sacrifier du temps pour toucher un bonus, \u00e0 modifier la sacro-sainte fronti\u00e8re entre vie priv\u00e9e et engagement professionnel ? <strong>Une r\u00e9flexion structurelle<\/strong>, rendue urgente par la concurrence accrue sur le march\u00e9 du travail et la pression sur les pouvoirs d&rsquo;achat.<\/p>\n<p> Ce que r\u00e9v\u00e8le le d\u00e9bat sur notre rapport au travail et aux loisirs<\/p>\n<p>Pourquoi tant de tensions autour de cette proposition ? Parce qu&rsquo;elle touche, au fond, \u00e0 ce que signifie \u00eatre salari\u00e9 en France aujourd&rsquo;hui.<\/p>\n<p>Pourquoi ce projet secoue autant : analyse des tensions et aspirations<\/p>\n<p><strong>Un choc symbolique<\/strong>, d&rsquo;abord. Le souvenir des luttes sociales marque forc\u00e9ment ce type de r\u00e9forme, avec la crainte de voir s&rsquo;effriter des acquis consid\u00e9r\u00e9s jusqu&rsquo;ici comme intouchables. \u00c0 l&rsquo;inverse, une partie de la population voit aussi dans cette proposition la possibilit\u00e9 d&rsquo;exercer une libert\u00e9 individuelle, selon ses besoins, sa conjoncture familiale ou financi\u00e8re.<\/p>\n<p> Synth\u00e8se des arguments et perspectives pour l&rsquo;avenir<\/p>\n<p>Entre risques d&rsquo;\u00e9puisement professionnel, espoirs d&rsquo;argent frais et protection de la sant\u00e9, l&rsquo;\u00e9quation reste complexe. Le projet, sous r\u00e9serve d&rsquo;un accord \u00e9crit entre salari\u00e9 et employeur, mise sur le volontariat et promet une <strong>majoration attractive<\/strong>, tout en balisant le chemin de pr\u00e9cautions pour \u00e9viter les abus. Le d\u00e9bat est encore loin d&rsquo;\u00eatre tranch\u00e9, alors que s&rsquo;ouvrent en ao\u00fbt 2025 les n\u00e9gociations entre partenaires sociaux. Les solutions qui \u00e9mergeront devront probablement \u00eatre hybrides, \u00e0 condition de pr\u00e9server l&rsquo;essence du mod\u00e8le fran\u00e7ais du temps libre.<\/p>\n<p>Au bout du compte, la question pos\u00e9e r\u00e9sonne comme un d\u00e9fi pour la soci\u00e9t\u00e9 enti\u00e8re : un billet de plus vaut-il une semaine de vacances en moins ? Si la r\u00e9ponse n&rsquo;est pas universelle, elle \u00e9claire bien cette \u00e9poque o\u00f9 la qu\u00eate de pouvoir d&rsquo;achat bouleverse <strong>les rep\u00e8res les plus enracin\u00e9s<\/strong>. Pour l&rsquo;heure, chacun p\u00e8se ses priorit\u00e9s, entre \u00e9ni\u00e8me hausse du caddie et r\u00eaves d&rsquo;horizon au soleil\u2026 Et s&rsquo;il \u00e9tait temps, justement, de r\u00e9inventer ensemble le sens et la valeur du travail ?<\/p>\n","protected":false},"excerpt":{"rendered":"Imaginez la sc\u00e8ne : l&rsquo;\u00e9t\u00e9 bat son plein, les vacances se pr\u00e9parent, mais une question inattendue surgit dans&hellip;\n","protected":false},"author":2,"featured_media":302263,"comment_status":"","ping_status":"","sticky":false,"template":"","format":"standard","meta":{"footnotes":""},"categories":[2],"tags":[11,1011,27,12,56,25],"class_list":{"0":"post-302262","1":"post","2":"type-post","3":"status-publish","4":"format-standard","5":"has-post-thumbnail","7":"category-actualites","8":"tag-actualites","9":"tag-fr","10":"tag-france","11":"tag-news","12":"tag-push","13":"tag-republique-francaise"},"share_on_mastodon":{"url":"https:\/\/pubeurope.com\/@fr\/114986432846094960","error":""},"_links":{"self":[{"href":"https:\/\/www.europesays.com\/fr\/wp-json\/wp\/v2\/posts\/302262","targetHints":{"allow":["GET"]}}],"collection":[{"href":"https:\/\/www.europesays.com\/fr\/wp-json\/wp\/v2\/posts"}],"about":[{"href":"https:\/\/www.europesays.com\/fr\/wp-json\/wp\/v2\/types\/post"}],"author":[{"embeddable":true,"href":"https:\/\/www.europesays.com\/fr\/wp-json\/wp\/v2\/users\/2"}],"replies":[{"embeddable":true,"href":"https:\/\/www.europesays.com\/fr\/wp-json\/wp\/v2\/comments?post=302262"}],"version-history":[{"count":0,"href":"https:\/\/www.europesays.com\/fr\/wp-json\/wp\/v2\/posts\/302262\/revisions"}],"wp:featuredmedia":[{"embeddable":true,"href":"https:\/\/www.europesays.com\/fr\/wp-json\/wp\/v2\/media\/302263"}],"wp:attachment":[{"href":"https:\/\/www.europesays.com\/fr\/wp-json\/wp\/v2\/media?parent=302262"}],"wp:term":[{"taxonomy":"category","embeddable":true,"href":"https:\/\/www.europesays.com\/fr\/wp-json\/wp\/v2\/categories?post=302262"},{"taxonomy":"post_tag","embeddable":true,"href":"https:\/\/www.europesays.com\/fr\/wp-json\/wp\/v2\/tags?post=302262"}],"curies":[{"name":"wp","href":"https:\/\/api.w.org\/{rel}","templated":true}]}}