{"id":302264,"date":"2025-08-07T08:01:11","date_gmt":"2025-08-07T08:01:11","guid":{"rendered":"https:\/\/www.europesays.com\/fr\/302264\/"},"modified":"2025-08-07T08:01:11","modified_gmt":"2025-08-07T08:01:11","slug":"lexplosion-du-deficit-commercial-de-la-france-expliquee-en-trois-graphiques","status":"publish","type":"post","link":"https:\/\/www.europesays.com\/fr\/302264\/","title":{"rendered":"L\u2019explosion du d\u00e9ficit commercial de la France expliqu\u00e9e en trois graphiques"},"content":{"rendered":"<p><strong>INFOGRAPHIES \u2013<\/strong> Selon les Douanes, la balance commerciale tricolore affiche un d\u00e9ficit de 22,9 milliards d\u2019euros pour le deuxi\u00e8me trimestre de l\u2019ann\u00e9e.<\/p>\n<p class=\"fig-paragraph\">Apr\u00e8s\u00a0<a href=\"http:\/\/www.lefigaro.fr\/conjoncture\/visualisez-les-chiffres-du-deficit-commercial-de-la-france-en-fevrier-20250408\" data-fig-type=\"NewsFlash\" data-gtm-custom-categorie=\"navigation\" data-gtm-custom-action=\"crossclick\" data-gtm-custom-label=\"Contextuel\" data-gtm-event=\"customEventSPE\" data-fig-domain=\"LEFIGARO\" target=\"_blank\" rel=\"noopener\">un d\u00e9marrage difficile<\/a>, le commerce ext\u00e9rieur fran\u00e7ais peine\u00a0<a href=\"http:\/\/www.lefigaro.fr\/conjoncture\/le-deficit-commercial-de-la-france-s-est-creuse-en-mai-a-7-6-milliards-d-euros-20250708\" data-fig-type=\"NewsFlash\" data-gtm-custom-categorie=\"navigation\" data-gtm-custom-action=\"crossclick\" data-gtm-custom-label=\"Contextuel\" data-gtm-event=\"customEventSPE\" data-fig-domain=\"LEFIGARO\" target=\"_blank\" rel=\"noopener\">\u00e0 retrouver son \u00e9quilibre<\/a>. Au deuxi\u00e8me trimestre 2025, le solde commercial affiche\u00a0<a href=\"http:\/\/www.lefigaro.fr\/conjoncture\/le-deficit-commercial-francais-se-creuse-encore-en-juin-a-7-7-milliards-d-euros-20250807\" data-fig-type=\"NewsFlash\" data-gtm-custom-categorie=\"navigation\" data-gtm-custom-action=\"crossclick\" data-gtm-custom-label=\"Contextuel\" data-gtm-event=\"customEventSPE\" data-fig-domain=\"LEFIGARO\" target=\"_blank\" rel=\"noopener\">un d\u00e9ficit de 22,9 milliards d\u2019euros<\/a>, confirmant\u00a0<a href=\"http:\/\/www.lefigaro.fr\/flash-eco\/france-le-deficit-commercial-se-creuse-a-7-2-milliards-d-euros-en-fevrier-20250408\" data-fig-type=\"NewsFlash\" data-gtm-custom-categorie=\"navigation\" data-gtm-custom-action=\"crossclick\" data-gtm-custom-label=\"Contextuel\" data-gtm-event=\"customEventSPE\" data-fig-domain=\"LEFIGARO\" target=\"_blank\" rel=\"noopener\">un d\u00e9but d\u2019ann\u00e9e laborieux pour les \u00e9changes ext\u00e9rieurs<\/a>. Entre avril et juin, les importations ont l\u00e9g\u00e8rement diminu\u00e9 (-0,4%) atteignant 171,7 milliards d\u2019euros tandis que les exportations ont connu une plus forte baisse (-2,3%) pour un total de 148,8 milliards. Sur les six premiers mois de 2025, le d\u00e9ficit atteint 43 milliards d\u2019euros, soit une d\u00e9gradation de 4,4 milliards d\u2019euros par rapport au second semestre de l\u2019ann\u00e9e 2024.<\/p>\n<p class=\"fig-paragraph\">Bien que<a href=\"http:\/\/www.lefigaro.fr\/conjoncture\/le-deficit-commercial-de-la-france-en-recul-a-81-milliards-d-euros-en-2024-une-baisse-en-trompe-l-oeil-20250207\" data-fig-type=\"NewsFlash\" data-gtm-custom-categorie=\"navigation\" data-gtm-custom-action=\"crossclick\" data-gtm-custom-label=\"Contextuel\" data-gtm-event=\"customEventSPE\" data-fig-domain=\"LEFIGARO\" target=\"_blank\" rel=\"noopener\">\u00a0l\u2019ann\u00e9e 2024 ait \u00e9t\u00e9 globalement marqu\u00e9e par une am\u00e9lioration<\/a>\u00a0des soldes commerciaux dans la plupart des secteurs, notamment gr\u00e2ce \u00e0 la baisse des prix, en particulier ceux de l\u2019\u00e9nergie, le d\u00e9ficit commercial demeure pr\u00e9occupant. Il reste en effet plus \u00e9lev\u00e9 qu\u2019avant la crise du Covid-19, soulignant les d\u00e9fis structurels auxquels l\u2019\u00e9conomie fran\u00e7aise est confront\u00e9e en mati\u00e8re de comp\u00e9titivit\u00e9.<\/p>\n<p>                                    <a class=\"fig-a11y-skip a11y-hidden\" href=\"#fig-a11y-skip-main-inarticle\"><br \/>\n        Passer la publicit\u00e9<br \/>\n    <\/a><\/p>\n<p class=\"fig-paragraph\">La France, premi\u00e8re puissance agricole de l\u2019UE, affichait depuis quinze ans un exc\u00e9dent structurel du solde des biens agricoles. Mais il est devenu d\u00e9ficit lors des quatre derniers trimestres. \u00abLe solde agricole s\u2019am\u00e9liore mais demeure d\u00e9ficitaire\u00bb sur les trois derniers mois, constatent les Douanes. Ce retournement s\u2019explique par une hausse marqu\u00e9e des importations de produits agricoles, alors que les exportations progressent de mani\u00e8re plus mod\u00e9r\u00e9e. En 2024, les conditions m\u00e9t\u00e9orologiques d\u00e9favorables de l\u2019\u00e9t\u00e9 \u2013 vagues de chaleur et \u00e9pisodes orageux \u2013 ont provoqu\u00e9 une nette baisse des r\u00e9coltes c\u00e9r\u00e9ali\u00e8res, en recul de 16,3%.<\/p>\n<p class=\"fig-paragraph\">Le solde de l\u2019\u00e9nergie s\u2019am\u00e9liore l\u00e9g\u00e8rement mais demeure tr\u00e8s largement n\u00e9gatif\u00a0: -12,8 milliards d\u2019euros. La chute des prix a certes permis la diminution des importations mais elle a affect\u00e9 la valeur des exportations d\u2019\u00e9lectricit\u00e9. \u00abLa d\u00e9gradation du solde commercial au deuxi\u00e8me trimestre 2025 est int\u00e9gralement port\u00e9e par les produits manufactur\u00e9s\u00bb, poursuivent les Douanes, avec un net ralentissement des ventes de mat\u00e9riels de transport (avions, voitures, navires).<\/p>\n<p class=\"fig-paragraph\">Au deuxi\u00e8me trimestre 2025, les plus fortes d\u00e9t\u00e9riorations du solde sont enregistr\u00e9es avec l\u2019Union europ\u00e9enne et avec l\u2019Asie avec -7,5 milliards d\u2019euros et -16,6 milliards d\u2019euros. \u00abDepuis l\u2019entr\u00e9e en vigueur des droits de douane additionnels provisoires aux \u00c9tats-Unis d\u00e9but avril, les exportations de la France vers les \u00c9tats-Unis diminuent l\u00e9g\u00e8rement, concluent les Douanes. La hausse des importations originaires de la Chine, d\u2019Asie du sud-est, du Mexique et du Canada pose la question d\u2019un possible report vers la France et l\u2019Union europ\u00e9enne d\u2019une partie des exportations de ces pays\u00bb.<\/p>\n","protected":false},"excerpt":{"rendered":"INFOGRAPHIES \u2013 Selon les Douanes, la balance commerciale tricolore affiche un d\u00e9ficit de 22,9 milliards d\u2019euros pour le&hellip;\n","protected":false},"author":2,"featured_media":302265,"comment_status":"","ping_status":"","sticky":false,"template":"","format":"standard","meta":{"footnotes":""},"categories":[4],"tags":[11,6566,21193,1011,27,12,25],"class_list":{"0":"post-302264","1":"post","2":"type-post","3":"status-publish","4":"format-standard","5":"has-post-thumbnail","7":"category-france","8":"tag-actualites","9":"tag-balance-commerciale","10":"tag-commerce-exterieur","11":"tag-fr","12":"tag-france","13":"tag-news","14":"tag-republique-francaise"},"share_on_mastodon":{"url":"https:\/\/pubeurope.com\/@fr\/114986437091095429","error":""},"_links":{"self":[{"href":"https:\/\/www.europesays.com\/fr\/wp-json\/wp\/v2\/posts\/302264","targetHints":{"allow":["GET"]}}],"collection":[{"href":"https:\/\/www.europesays.com\/fr\/wp-json\/wp\/v2\/posts"}],"about":[{"href":"https:\/\/www.europesays.com\/fr\/wp-json\/wp\/v2\/types\/post"}],"author":[{"embeddable":true,"href":"https:\/\/www.europesays.com\/fr\/wp-json\/wp\/v2\/users\/2"}],"replies":[{"embeddable":true,"href":"https:\/\/www.europesays.com\/fr\/wp-json\/wp\/v2\/comments?post=302264"}],"version-history":[{"count":0,"href":"https:\/\/www.europesays.com\/fr\/wp-json\/wp\/v2\/posts\/302264\/revisions"}],"wp:featuredmedia":[{"embeddable":true,"href":"https:\/\/www.europesays.com\/fr\/wp-json\/wp\/v2\/media\/302265"}],"wp:attachment":[{"href":"https:\/\/www.europesays.com\/fr\/wp-json\/wp\/v2\/media?parent=302264"}],"wp:term":[{"taxonomy":"category","embeddable":true,"href":"https:\/\/www.europesays.com\/fr\/wp-json\/wp\/v2\/categories?post=302264"},{"taxonomy":"post_tag","embeddable":true,"href":"https:\/\/www.europesays.com\/fr\/wp-json\/wp\/v2\/tags?post=302264"}],"curies":[{"name":"wp","href":"https:\/\/api.w.org\/{rel}","templated":true}]}}