{"id":302274,"date":"2025-08-07T08:07:11","date_gmt":"2025-08-07T08:07:11","guid":{"rendered":"https:\/\/www.europesays.com\/fr\/302274\/"},"modified":"2025-08-07T08:07:11","modified_gmt":"2025-08-07T08:07:11","slug":"simon-crafar-un-commissaire-qui-veut-proteger-avant-de-punir","status":"publish","type":"post","link":"https:\/\/www.europesays.com\/fr\/302274\/","title":{"rendered":"Simon Crafar, un commissaire qui veut prot\u00e9ger avant de punir"},"content":{"rendered":"<p>Devenu pr\u00e9sident du panel de commissaires MotoGP \u00e0 la suite de Freddie Spencer, Simon Crafar a voulu marquer un changement avec son pr\u00e9d\u00e9cesseur, souvent contest\u00e9. Ses premiers mois d&rsquo;exercice lui ont permis de s&rsquo;attirer les louanges de pilotes jusqu&rsquo;ici souvent \u00e9chaud\u00e9s par des d\u00e9cisions qu&rsquo;ils jugeaient erratiques. Il a voulu orienter son r\u00f4le vers plus de dialogue, <a href=\"https:\/\/fr.motorsport.com\/motogp\/news\/marquez-bagnaia-apprecie-discussion-commissaires\/10736254\/\" target=\"_self\" rel=\"noopener\">quitte \u00e0 surprendre comme au GP d&rsquo;Italie<\/a> lorsque <a href=\"https:\/\/fr.motorsport.com\/driver\/marc-marquez\/92646\/\" target=\"_blank\" rel=\"noopener\">Marc M\u00e1rquez<\/a> et <a href=\"https:\/\/fr.motorsport.com\/driver\/pecco-bagnaia\/109394\/\" target=\"_blank\" rel=\"noopener\">Pecco Bagnaia<\/a> ont \u00e9t\u00e9 convoqu\u00e9s simplement pour expliquer un contact n&rsquo;ayant pas donn\u00e9 lieu \u00e0 la moindre sanction.<\/p>\n<p>Simon Crafar parle aussi \u00e0 la presse, et c&rsquo;est \u00e9galement un changement. C&rsquo;est donc dans <a href=\"https:\/\/www.gpone.com\/it\/2025\/07\/22\/motogp\/simon-crafar-il-mio-ruolo-non-e-quello-di-punire-i-piloti-ma-di-proteggerli.html\" target=\"_blank\" rel=\"noopener\">une longue interview accord\u00e9e \u00e0 GPOne<\/a> peu avant la pause estivale qu&rsquo;il explique \u00eatre lui-m\u00eame positivement surpris par ses d\u00e9buts. \u00ab\u00a0J&rsquo;\u00e9tais convaincu qu&rsquo;il allait me falloir un ou deux ans pour ne serait-ce que me sentir bien, mais la v\u00e9rit\u00e9 c&rsquo;est que je me suis tout de suite senti tr\u00e8s bien. Et je m&rsquo;amuse, car je peux exploiter au maximum tout ce que j&rsquo;ai appris dans le pass\u00e9\u00a0\u00bb, se f\u00e9licite-t-il.<\/p>\n<p>Ancien pilote, vainqueur d&rsquo;un Grand Prix 500cc en 1998 et mont\u00e9 une dizaine de fois sur le podium en WorldSBK, Simon Crafar a aussi \u00e9t\u00e9 commentateur pour le site officiel du MotoGP ces derni\u00e8res ann\u00e9es. Initialement mal \u00e0 l&rsquo;aise dans ce r\u00f4le, il y a finalement appris \u00e0 \u00e9couter et comprendre les points de vue de tous, et \u00e0 correctement exprimer ce qu&rsquo;il souhaitait dire, appr\u00e9ci\u00e9 notamment pour la qualit\u00e9 de ses analyses techniques.\u00a0Aujourd&rsquo;hui, \u00e0 56 ans, c&rsquo;est avec l&rsquo;ensemble de ce bagage qu&rsquo;il essaye d&rsquo;enrichir son nouveau r\u00f4le, qu&rsquo;il op\u00e8re aux c\u00f4t\u00e9s de deux autres commissaires nomm\u00e9s comme lui par la FIM, Andr\u00e9s Somolinos et Tamara Matko.<\/p>\n<p>\u00ab\u00a0Bien s\u00fbr, je connaissais et je comprenais d\u00e9j\u00e0 les dynamiques d&rsquo;un accident, mais avec mon travail pr\u00e9c\u00e9dent j&rsquo;ai appris comment communiquer certaines choses, comment maintenir une tr\u00e8s bonne communication avec les pilotes et les \u00e9quipes. C&rsquo;est tr\u00e8s important, parce que si on ne communique pas bien avec eux, ils vont ensuite difficilement comprendre leur p\u00e9nalit\u00e9 et on se retrouve alors avec des personnes en col\u00e8re face \u00e0 soi\u00a0\u00bb,\u00a0observe-t-il.<\/p>\n<blockquote>\n<p>Beaucoup voient mon r\u00f4le comme celui qui punit. Pour moi, c&rsquo;est un travail qui vise \u00e0 prot\u00e9ger les pilotes.<\/p>\n<\/blockquote>\n<p>\u00ab\u00a0Avec ces motos, tout est difficile, et c&rsquo;est aussi pour cela qu&rsquo;il est devenu encore plus important de parler avec les pilotes\u00a0\u00bb, poursuit le N\u00e9o-Z\u00e9landais. \u00ab\u00a0Ils ont des informations que nous, en tant que juges, nous n&rsquo;avons pas. Je les entends toujours avant d&rsquo;\u00e9mettre le moindre jugement, avec mes coll\u00e8gues.\u00a0\u00bb<\/p>\n<p>\u00ab\u00a0Il arrive souvent des choses aux pilotes qu&rsquo;on ne peut pas savoir. On se retrouve parfois face \u00e0 des incidents qui peuvent avoir \u00e9t\u00e9 caus\u00e9s par des probl\u00e9matiques techniques sur la moto, ce qu&rsquo;on ne peut pas savoir sans parler avec les pilotes. \u00c7a fait toujours beaucoup r\u00e9fl\u00e9chir parce que nous savons que, derri\u00e8re certains incidents, il faut prendre en compte des hypoth\u00e8ses techniques et c&rsquo;est pr\u00e9cis\u00e9ment pour cela que nous parlons beaucoup avec les pilotes avant de juger.\u00a0\u00bb<\/p>\n<p>D\u00e9j\u00e0 \u00e0 l&rsquo;aise \u00e0 la t\u00eate du panel de commissaires, Simon Crafar se per\u00e7oit comme quelqu&rsquo;un qui \u00e9duque les pilotes, \u00e0 commencer par les plus jeunes, plus que comme un punisseur\u00a0:\u00a0\u00ab\u00a0Beaucoup voient mon r\u00f4le comme celui qui punit, qui distribue des sanctions. Moi, je vois les choses diff\u00e9remment. Pour moi, c&rsquo;est un travail qui vise \u00e0 prot\u00e9ger les pilotes.\u00a0\u00bb<\/p>\n<p>   <img decoding=\"async\" draggable=\"false\" src=\"https:\/\/www.europesays.com\/fr\/wp-content\/uploads\/2025\/08\/augusto-fernandez-yamaha-racin.jpg\" alt=\"Augusto Fernandez est l'un des derniers pilotes \u00e0 avoir \u00e9t\u00e9 sanctionn\u00e9, apr\u00e8s avoir fait chuter Takaaki Nakagami \u00e0 Brno.\" width=\"1200\" height=\"800\" loading=\"lazy\"\/> <\/p>\n<p class=\"title\">Augusto Fern\u00e1ndez est l&rsquo;un des derniers pilotes \u00e0 avoir \u00e9t\u00e9 sanctionn\u00e9, apr\u00e8s avoir fait chuter Takaaki Nakagami \u00e0 Brno.<\/p>\n<p class=\"photographer\">Photo de : Gold and Goose Photography \/ LAT Images \/ via Getty Images<\/p>\n<p>\u00ab\u00a0Les r\u00e8gles sont r\u00e9dig\u00e9es comme elles le sont afin de prot\u00e9ger les pilotes des dangers, et je pense qu&rsquo;une part de mon travail sert pr\u00e9cis\u00e9ment \u00e0 \u00e9viter que les pilotes commettent plusieurs fois les m\u00eames erreurs. Mais il s&rsquo;agit aussi de les prot\u00e9ger de dangers qui peuvent potentiellement avoir de graves cons\u00e9quences.\u00a0Je crois que mon r\u00f4le va au-del\u00e0 du fait de simplement \u00eatre celui qui punit tel ou tel pilote.\u00a0\u00bb<\/p>\n<p>\u00ab\u00a0Je savais qu&rsquo;\u00e9duquer les jeunes faisait partie de mon travail, mais je n&rsquo;avais pas r\u00e9alis\u00e9 \u00e0 quel point cet aspect \u00e9tait important pour nous, et \u00e7a me pla\u00eet \u00e9norm\u00e9ment. Nous cherchons \u00e0 b\u00e2tir un avenir plus s\u00fbr pour ces pilotes une fois qu&rsquo;ils arrivent dans les cat\u00e9gories sup\u00e9rieures.\u00a0\u00bb<\/p>\n<p>Lorsque son pr\u00e9d\u00e9cesseur est \u00e9voqu\u00e9, Simon Crafar apporte un regard diff\u00e9rent sur celle qu&rsquo;a \u00e9t\u00e9 sa situation. En d\u00e9pit des critiques qu&rsquo;aura essuy\u00e9es Freddie Spencer durant des ann\u00e9es, le N\u00e9o-Z\u00e9landais souligne avoir trouv\u00e9 en arrivant une situation bien plus simple qu&rsquo;elle ne l&rsquo;\u00e9tait quelques ann\u00e9es auparavant.<\/p>\n<p>\u00ab\u00a0Quand Freddie est arriv\u00e9, le travail \u00e0 faire \u00e9tait assez diff\u00e9rent. Je m&rsquo;estime chanceux parce qu&rsquo;il a apport\u00e9 de nombreux changement lorsqu&rsquo;il \u00e9tait en poste. Je n&rsquo;ai pas eu les m\u00eames probl\u00e8mes que lui\u00a0\u00bb, argumente-t-il. \u00ab\u00a0Au d\u00e9but, il \u00e9tait dans la m\u00eame pi\u00e8ce que la direction de course, mais les \u00e9quipes \u00e9taient diff\u00e9rentes. Il a litt\u00e9ralement b\u00e2ti une \u00e9quipe et il a fait du tr\u00e8s bon travail car elle est formidable. J&rsquo;ai simplement eu de la chance d&rsquo;arriver aujourd&rsquo;hui et non \u00e0 cette \u00e9poque-l\u00e0.\u00a0\u00bb<\/p>\n<p>Lire aussi :<\/p>\n<p>Dans cet article<\/p>\n<p>Soyez le premier inform\u00e9 et souscrivez aux alertes mails pour recevoir les infos en temps r\u00e9el<\/p>\n<p>    S&rsquo;abonner aux alertes de news<\/p>\n","protected":false},"excerpt":{"rendered":"Devenu pr\u00e9sident du panel de commissaires MotoGP \u00e0 la suite de Freddie Spencer, Simon Crafar a voulu marquer&hellip;\n","protected":false},"author":2,"featured_media":302275,"comment_status":"","ping_status":"","sticky":false,"template":"","format":"standard","meta":{"footnotes":""},"categories":[1413],"tags":[1011,27,1457,1456,1458,44243,60,44244],"class_list":{"0":"post-302274","1":"post","2":"type-post","3":"status-publish","4":"format-standard","5":"has-post-thumbnail","7":"category-moto","8":"tag-fr","9":"tag-france","10":"tag-moto","11":"tag-motocycle","12":"tag-motogp","13":"tag-simon-crafar","14":"tag-sports","15":"tag-un-commissaire-qui-veut-protu00e9ger-avant-de-punir"},"share_on_mastodon":{"url":"https:\/\/pubeurope.com\/@fr\/114986460373455415","error":""},"_links":{"self":[{"href":"https:\/\/www.europesays.com\/fr\/wp-json\/wp\/v2\/posts\/302274","targetHints":{"allow":["GET"]}}],"collection":[{"href":"https:\/\/www.europesays.com\/fr\/wp-json\/wp\/v2\/posts"}],"about":[{"href":"https:\/\/www.europesays.com\/fr\/wp-json\/wp\/v2\/types\/post"}],"author":[{"embeddable":true,"href":"https:\/\/www.europesays.com\/fr\/wp-json\/wp\/v2\/users\/2"}],"replies":[{"embeddable":true,"href":"https:\/\/www.europesays.com\/fr\/wp-json\/wp\/v2\/comments?post=302274"}],"version-history":[{"count":0,"href":"https:\/\/www.europesays.com\/fr\/wp-json\/wp\/v2\/posts\/302274\/revisions"}],"wp:featuredmedia":[{"embeddable":true,"href":"https:\/\/www.europesays.com\/fr\/wp-json\/wp\/v2\/media\/302275"}],"wp:attachment":[{"href":"https:\/\/www.europesays.com\/fr\/wp-json\/wp\/v2\/media?parent=302274"}],"wp:term":[{"taxonomy":"category","embeddable":true,"href":"https:\/\/www.europesays.com\/fr\/wp-json\/wp\/v2\/categories?post=302274"},{"taxonomy":"post_tag","embeddable":true,"href":"https:\/\/www.europesays.com\/fr\/wp-json\/wp\/v2\/tags?post=302274"}],"curies":[{"name":"wp","href":"https:\/\/api.w.org\/{rel}","templated":true}]}}