{"id":302278,"date":"2025-08-07T08:09:09","date_gmt":"2025-08-07T08:09:09","guid":{"rendered":"https:\/\/www.europesays.com\/fr\/302278\/"},"modified":"2025-08-07T08:09:09","modified_gmt":"2025-08-07T08:09:09","slug":"cyclisme-tour-du-portugal-rafael-reis-remporte-le-prologue-pour-la-5e-annee-de-suite","status":"publish","type":"post","link":"https:\/\/www.europesays.com\/fr\/302278\/","title":{"rendered":"Cyclisme. Tour du Portugal &#8211; Rafael Reis remporte le prologue&#8230; pour la 5e ann\u00e9e de suite !"},"content":{"rendered":"<p>Le roi des prologues au Portugal, c&rsquo;est encore et toujours lui ! Alors que l&rsquo;\u00e9diton 2025 de la\u00a0<strong>Volta a Portugal<\/strong>\u00a0d\u00e9butait ce mercredi par un\u00a0traditionnel prologue, cette ann\u00e9e long de\u00a03.4 km et disput\u00e9 dans les rues de Maia,\u00a0<strong>Rafael Reis<\/strong>\u00a0(Anicolor &#8211; Tien21)\u00a0a poursuivi son insolente domination \u00e0 domicile dans cet exercice particulier en bouclant le parcours en 3 minutes et 51 secondes, soit 3 secondes de mieux que son comaptriote\u00a0<strong>I\u00fari Leit\u00e3o<\/strong> (Caja Rural-Seguros RGA) et 4 sur le jeune Belge\u00a0<strong>Jens Verbrugghe<\/strong> (Israel Premier Tech Academy).\u00a0A 33 ans,\u00a0<strong>Rafael Reis<\/strong>\u00a0continue de briller sur son \u00e9preuve f\u00e9tiche avec des chiffres assez fous : il est invaincu sur ce prologue depuis 2021, soit 5 succ\u00e8s de suite (et m\u00eame sept si on ajoute ceux de 2016 et 2018, ses seules autres participations avant 2021), et porte \u00e0 10 son total de bouquets.<\/p>\n<p>Vid\u00e9o &#8211; Alexis Gu\u00e9rin est le seul Fran\u00e7ais sur ce Tour du Portugal Lire la suite de l&rsquo;article&#13;<\/p>\n<p>\u00a0<\/p>\n<p>&#13;<br \/>\nAlexis Gu\u00e9rin, seul Fran\u00e7ais pr\u00e9sent sur ce Tour du Portugal&#13;<\/p>\n<p><strong>Rafael Reis<\/strong>\u00a0endosse logiquement le premier maillot jaune de leader du classement g\u00e9n\u00e9ral, tandis que son co\u00e9quipier russe\u00a0<strong>Artem Nych<\/strong> (Anicolor &#8211; Tien21) a bien d\u00e9but\u00e9 la d\u00e9fense de son titre en prenant la 5e place \u00e0 sept secondes. A noter que le seul Fran\u00e7ais pr\u00e9sent au d\u00e9part de cette 86e \u00e9dition,\u00a0<strong><a href=\"https:\/\/www.cyclismactu.net\/..\/news-interview-route-alexis-guerin-quand-on-voit-autant-d-equipes-fermer-85300.html\" target=\"_blank\" rel=\"nofollow noopener\">Alexis Gu\u00e9rin<\/a><\/strong>, fait \u00e9galement partie de cette \u00e9quipe continentale potugaise et a termin\u00e9 21e. L&rsquo;\u00e9preuve class\u00e9e 2.1 UCI est compos\u00e9e comme d&rsquo;habitude de dix \u00e9tapes et d&rsquo;une journ\u00e9e de repos en plus de ce prologue. Tout reste donc \u00e0 faire jusqu&rsquo;au d\u00e9nouement final le dimanche 17 ao\u00fbt prochain.<\/p>\n<p>Tour du Portugal &#8211; Classement<\/p>\n","protected":false},"excerpt":{"rendered":"Le roi des prologues au Portugal, c&rsquo;est encore et toujours lui ! Alors que l&rsquo;\u00e9diton 2025 de la\u00a0Volta&hellip;\n","protected":false},"author":2,"featured_media":302279,"comment_status":"","ping_status":"","sticky":false,"template":"","format":"standard","meta":{"footnotes":""},"categories":[1411],"tags":[1154,207,211,1011,27,209,60,210,44247,212,208,213],"class_list":{"0":"post-302278","1":"post","2":"type-post","3":"status-publish","4":"format-standard","5":"has-post-thumbnail","7":"category-cyclisme","8":"tag-cycling","9":"tag-cyclisme","10":"tag-ffc","11":"tag-fr","12":"tag-france","13":"tag-route","14":"tag-sports","15":"tag-tour-de-france","16":"tag-tour-du-portugal","17":"tag-uci","18":"tag-velo","19":"tag-world-tour"},"share_on_mastodon":{"url":"https:\/\/pubeurope.com\/@fr\/114986468188692566","error":""},"_links":{"self":[{"href":"https:\/\/www.europesays.com\/fr\/wp-json\/wp\/v2\/posts\/302278","targetHints":{"allow":["GET"]}}],"collection":[{"href":"https:\/\/www.europesays.com\/fr\/wp-json\/wp\/v2\/posts"}],"about":[{"href":"https:\/\/www.europesays.com\/fr\/wp-json\/wp\/v2\/types\/post"}],"author":[{"embeddable":true,"href":"https:\/\/www.europesays.com\/fr\/wp-json\/wp\/v2\/users\/2"}],"replies":[{"embeddable":true,"href":"https:\/\/www.europesays.com\/fr\/wp-json\/wp\/v2\/comments?post=302278"}],"version-history":[{"count":0,"href":"https:\/\/www.europesays.com\/fr\/wp-json\/wp\/v2\/posts\/302278\/revisions"}],"wp:featuredmedia":[{"embeddable":true,"href":"https:\/\/www.europesays.com\/fr\/wp-json\/wp\/v2\/media\/302279"}],"wp:attachment":[{"href":"https:\/\/www.europesays.com\/fr\/wp-json\/wp\/v2\/media?parent=302278"}],"wp:term":[{"taxonomy":"category","embeddable":true,"href":"https:\/\/www.europesays.com\/fr\/wp-json\/wp\/v2\/categories?post=302278"},{"taxonomy":"post_tag","embeddable":true,"href":"https:\/\/www.europesays.com\/fr\/wp-json\/wp\/v2\/tags?post=302278"}],"curies":[{"name":"wp","href":"https:\/\/api.w.org\/{rel}","templated":true}]}}