{"id":302284,"date":"2025-08-07T08:12:10","date_gmt":"2025-08-07T08:12:10","guid":{"rendered":"https:\/\/www.europesays.com\/fr\/302284\/"},"modified":"2025-08-07T08:12:10","modified_gmt":"2025-08-07T08:12:10","slug":"un-an-apres-louverture-on-etait-acceptes-a-la-fiac","status":"publish","type":"post","link":"https:\/\/www.europesays.com\/fr\/302284\/","title":{"rendered":"\u00ab\u00a0Un an apr\u00e8s l\u2019ouverture, on \u00e9tait accept\u00e9s \u00e0 la FIAC\u00a0\u00bb"},"content":{"rendered":"<p>                         <img loading=\"lazy\" decoding=\"async\" src=\"https:\/\/www.europesays.com\/fr\/wp-content\/uploads\/2025\/08\/c55f0da_upload-1-y7mu9w1ihiw3-catherine-issert-portrait-eleonora-strano-24072025-7.jpg\" alt=\"Catherine Issert, devant une \u0153uvre de C\u00e9cile Bart, dans sa galerie, \u00e0 Saint-Paul-de-Vence (Alpes-Maritimes), le 24\u00a0juillet\u00a02025.\"   width=\"664\" height=\"443\"\/>    Catherine Issert, devant une \u0153uvre de C\u00e9cile Bart, dans sa galerie, \u00e0 Saint-Paul-de-Vence (Alpes-Maritimes), le 24\u00a0juillet\u00a02025.  ELEONORA STRANO POUR \u00ab LE MONDE \u00bb\/GALERIE CATHERINE ISSERT                 <\/p>\n<p class=\"article__paragraph  \">Catherine Issert avoue avoir \u00e9t\u00e9 tr\u00e8s touch\u00e9e par la c\u00e9l\u00e9bration des 50\u00a0ans de la galerie qu\u2019elle a ouverte en\u00a01975 \u00e0 Saint-Paul-de-Vence (Alpes-Maritimes)\u00a0: \u00ab\u00a0Ils \u00e9taient tous l\u00e0, c\u2019\u00e9tait merveilleux\u00a0!\u00a0\u00bb Les artistes avec lesquels elle a travaill\u00e9 tout ce temps, certains collectionneurs ou gens de mus\u00e9e, les fid\u00e8les \u2013 comme <a href=\"https:\/\/www.lemonde.fr\/culture\/article\/2019\/09\/24\/entretien-jean-de-loisy-invite-les-etudiants-des-beaux-arts-au-hors-piste_6012834_3246.html\" target=\"_blank\" rel=\"noopener\">Jean de Loisy<\/a>, <a href=\"https:\/\/www.lemonde.fr\/archives\/article\/2004\/10\/25\/jean-louis-prat-trente-cinq-ans-chez-les-maeght_384397_1819218.html\" target=\"_blank\" rel=\"noopener\">Jean-Louis Prat<\/a> ou <a href=\"https:\/\/www.lemonde.fr\/economie\/article\/2018\/10\/15\/la-renaissance-de-la-fiac-l-uvre-de-jennifer-flay_5369597_3234.html\" target=\"_blank\" rel=\"noopener\">Jennifer Flay<\/a>, qui ont t\u00e9moign\u00e9 dans le livre r\u00e9trospectif qu\u2019elle a publi\u00e9 \u00e0 cette occasion \u2013 se sont retrouv\u00e9s, le 28\u00a0juin, comme si tout recommen\u00e7ait. Enfin, ceux qui sont encore vivants\u00a0: Jacques Pr\u00e9vert, parmi d\u2019autres, manquait \u00e0 l\u2019appel. Comme Jean Fournier, Aim\u00e9 Maeght, Leo Castelli ou Ileana Sonnabend. Ceux-l\u00e0, c\u2019\u00e9taient les bonnes f\u00e9es qui se sont pench\u00e9es sur son berceau.<\/p>\n<p class=\"article__paragraph  \">Pr\u00e9vert, Catherine Issert l\u2019a connu quand elle \u00e9tait enfant. Le po\u00e8te \u00e9tait venu en Provence avec sa famille durant l\u2019Occupation. \u00ab\u00a0Il avait une fille, Michelle, dite \u201cMinette\u201d, qui avait mon \u00e2ge, et on a \u00e9t\u00e9 \u00e9lev\u00e9es ensemble. C\u2019est avec sa fille \u00e0 elle, <a href=\"https:\/\/www.lemonde.fr\/culture\/article\/2010\/06\/09\/des-souvenirs-de-prevert-en-vente-a-drouot_1369955_3246.html\" target=\"_blank\" rel=\"noopener\">Eug\u00e9nie Bachelot-Pr\u00e9vert<\/a>, que j\u2019ai organis\u00e9, bien plus tard, en\u00a01997, une exposition sur Pr\u00e9vert et ses amis, au mus\u00e9e de Saint-Paul-de-Vence\u00a0\u00bb, raconte Catherine Issert.<\/p>\n<p class=\"reading-mode-only \"><strong>Il vous reste 82.31% de cet article \u00e0 lire. La suite est r\u00e9serv\u00e9e aux abonn\u00e9s.<\/strong><\/p>\n","protected":false},"excerpt":{"rendered":"Catherine Issert, devant une \u0153uvre de C\u00e9cile Bart, dans sa galerie, \u00e0 Saint-Paul-de-Vence (Alpes-Maritimes), le 24\u00a0juillet\u00a02025. ELEONORA STRANO&hellip;\n","protected":false},"author":2,"featured_media":302285,"comment_status":"","ping_status":"","sticky":false,"template":"","format":"standard","meta":{"footnotes":""},"categories":[1358],"tags":[1348,1384,1385,1386,58,59,1011,27],"class_list":{"0":"post-302284","1":"post","2":"type-post","3":"status-publish","4":"format-standard","5":"has-post-thumbnail","7":"category-arts-et-design","8":"tag-arts","9":"tag-arts-and-design","10":"tag-arts-et-design","11":"tag-design","12":"tag-divertissement","13":"tag-entertainment","14":"tag-fr","15":"tag-france"},"share_on_mastodon":{"url":"https:\/\/pubeurope.com\/@fr\/114986480063097636","error":""},"_links":{"self":[{"href":"https:\/\/www.europesays.com\/fr\/wp-json\/wp\/v2\/posts\/302284","targetHints":{"allow":["GET"]}}],"collection":[{"href":"https:\/\/www.europesays.com\/fr\/wp-json\/wp\/v2\/posts"}],"about":[{"href":"https:\/\/www.europesays.com\/fr\/wp-json\/wp\/v2\/types\/post"}],"author":[{"embeddable":true,"href":"https:\/\/www.europesays.com\/fr\/wp-json\/wp\/v2\/users\/2"}],"replies":[{"embeddable":true,"href":"https:\/\/www.europesays.com\/fr\/wp-json\/wp\/v2\/comments?post=302284"}],"version-history":[{"count":0,"href":"https:\/\/www.europesays.com\/fr\/wp-json\/wp\/v2\/posts\/302284\/revisions"}],"wp:featuredmedia":[{"embeddable":true,"href":"https:\/\/www.europesays.com\/fr\/wp-json\/wp\/v2\/media\/302285"}],"wp:attachment":[{"href":"https:\/\/www.europesays.com\/fr\/wp-json\/wp\/v2\/media?parent=302284"}],"wp:term":[{"taxonomy":"category","embeddable":true,"href":"https:\/\/www.europesays.com\/fr\/wp-json\/wp\/v2\/categories?post=302284"},{"taxonomy":"post_tag","embeddable":true,"href":"https:\/\/www.europesays.com\/fr\/wp-json\/wp\/v2\/tags?post=302284"}],"curies":[{"name":"wp","href":"https:\/\/api.w.org\/{rel}","templated":true}]}}