{"id":302286,"date":"2025-08-07T08:13:10","date_gmt":"2025-08-07T08:13:10","guid":{"rendered":"https:\/\/www.europesays.com\/fr\/302286\/"},"modified":"2025-08-07T08:13:10","modified_gmt":"2025-08-07T08:13:10","slug":"ascendant-beauf","status":"publish","type":"post","link":"https:\/\/www.europesays.com\/fr\/302286\/","title":{"rendered":"Ascendant Beauf"},"content":{"rendered":"<p class=\"p1\">\u00a0\u00ab On est tous le beauf de quelqu\u2019un \u00bbdisait Cabu. Pour Rose Lamy, \u00ab il est plus juste de dire que nous sommes tous\u00b7tes \u00e0 la fois bourreaux et victimes de l\u2019oppression de classe \u00bb. Car qu\u2019est-ce qu\u2019un (ou une) \u00ab beauf \u00bb, sinon celles et ceux qui \u00ab recueillent tous les suffrages de cette oppression bas\u00e9e sur une hi\u00e9rarchisation des capitaux \u00e9conomiques, sociaux et culturels \u00bb ? <\/p>\n<p class=\"p1\">En partant de sa propre exp\u00e9rience, l\u2019autrice de En bons p\u00e8res de famille (Latt\u00e8s, 2023) explore cette figure en s\u2019appuyant sur les travaux de sociologues \u2013 de Pierre Bourdieu \u00e0 F\u00e9licien Faury et Beno\u00eet Coquart \u2013 et d\u2019un r\u00e9pertoire personnel de chansons populaires. \u00c0 une gauche parfois tent\u00e9e par le m\u00e9pris social, Rose Lamy propose plut\u00f4t de \u00ab r\u00e9investir la lutte des classes \u00bb.\u00a0<\/p>\n<p class=\"p1\"><b><a href=\"https:\/\/www.seuil.com\/ouvrage\/ascendant-beauf-rose-lamy\/9782021596069\" target=\"_blank\" rel=\"noopener\">Ascendant beauf<\/a> &#8211;\u00a0<\/b><b>Rose Lamy &#8211;\u00a0<\/b>Seuil\u2192 Avril 2025 \u2013 176 pages \u2013 18,50\u2006\u20ac<\/p>\n<p>Soutenez Socialter<\/p>\n<p>Socialter est un m\u00e9dia ind\u00e9pendant et engag\u00e9 qui d\u00e9pend de ses lecteurs pour continuer \u00e0 informer, analyser, interroger et \u00e0 se pencher sur les id\u00e9es nouvelles qui peinent \u00e0 \u00e9merger dans le d\u00e9bat public. Pour nous soutenir et d\u00e9couvrir nos prochaines publications, n&rsquo;h\u00e9sitez pas \u00e0 vous abonner !<\/p>\n<p><a href=\"https:\/\/www.socialter.fr\/categorie\/abonnement-socialter\" class=\"button text-white border-0\" style=\"background-color: #F57C00\" target=\"_blank\" rel=\"noopener\">S&rsquo;abonner<\/a><a href=\"https:\/\/www.socialter.fr\/dons\" class=\"button button-black text-white border-0\" target=\"_blank\" rel=\"noopener\">Faire un don<\/a><\/p>\n","protected":false},"excerpt":{"rendered":"\u00a0\u00ab On est tous le beauf de quelqu\u2019un \u00bbdisait Cabu. Pour Rose Lamy, \u00ab il est plus juste&hellip;\n","protected":false},"author":2,"featured_media":302287,"comment_status":"","ping_status":"","sticky":false,"template":"","format":"standard","meta":{"footnotes":""},"categories":[1357],"tags":[1379,58,59,1011,27,1380],"class_list":{"0":"post-302286","1":"post","2":"type-post","3":"status-publish","4":"format-standard","5":"has-post-thumbnail","7":"category-livres","8":"tag-books","9":"tag-divertissement","10":"tag-entertainment","11":"tag-fr","12":"tag-france","13":"tag-livres"},"share_on_mastodon":{"url":"https:\/\/pubeurope.com\/@fr\/114986484153635549","error":""},"_links":{"self":[{"href":"https:\/\/www.europesays.com\/fr\/wp-json\/wp\/v2\/posts\/302286","targetHints":{"allow":["GET"]}}],"collection":[{"href":"https:\/\/www.europesays.com\/fr\/wp-json\/wp\/v2\/posts"}],"about":[{"href":"https:\/\/www.europesays.com\/fr\/wp-json\/wp\/v2\/types\/post"}],"author":[{"embeddable":true,"href":"https:\/\/www.europesays.com\/fr\/wp-json\/wp\/v2\/users\/2"}],"replies":[{"embeddable":true,"href":"https:\/\/www.europesays.com\/fr\/wp-json\/wp\/v2\/comments?post=302286"}],"version-history":[{"count":0,"href":"https:\/\/www.europesays.com\/fr\/wp-json\/wp\/v2\/posts\/302286\/revisions"}],"wp:featuredmedia":[{"embeddable":true,"href":"https:\/\/www.europesays.com\/fr\/wp-json\/wp\/v2\/media\/302287"}],"wp:attachment":[{"href":"https:\/\/www.europesays.com\/fr\/wp-json\/wp\/v2\/media?parent=302286"}],"wp:term":[{"taxonomy":"category","embeddable":true,"href":"https:\/\/www.europesays.com\/fr\/wp-json\/wp\/v2\/categories?post=302286"},{"taxonomy":"post_tag","embeddable":true,"href":"https:\/\/www.europesays.com\/fr\/wp-json\/wp\/v2\/tags?post=302286"}],"curies":[{"name":"wp","href":"https:\/\/api.w.org\/{rel}","templated":true}]}}