{"id":302288,"date":"2025-08-07T08:14:09","date_gmt":"2025-08-07T08:14:09","guid":{"rendered":"https:\/\/www.europesays.com\/fr\/302288\/"},"modified":"2025-08-07T08:14:09","modified_gmt":"2025-08-07T08:14:09","slug":"audiences-access-larrivee-de-vitaa-dans-tout-pour-la-lumiere-a-t-elle-permis-a-la-serie-de-tf1-de-depasser-le-million-de-telespectateurs","status":"publish","type":"post","link":"https:\/\/www.europesays.com\/fr\/302288\/","title":{"rendered":"Audiences access : L&rsquo;arriv\u00e9e de Vitaa dans \u00ab\u00a0Tout pour la lumi\u00e8re\u00a0\u00bb a-t-elle permis \u00e0 la s\u00e9rie de TF1 de d\u00e9passer le million de t\u00e9l\u00e9spectateurs ?"},"content":{"rendered":"<p>Les JT<\/p>\n<p>Le \u00ab\u00a020 Heures\u00a0\u00bb de TF1 \u2013 Jean-Baptiste Boursier (19h58-20h44) :<strong> 4,57 millions (31,6%)<\/strong><br \/>Le \u00ab\u00a020 Heures\u00a0\u00bb de France 2 (19h58-20h33) \u2013 Julien Benedetto : <strong>3,21 millions (22,4%)<\/strong><br \/>\u00ab\u00a0Nous les europ\u00e9ens\u00a0\u00bb (France 2 \/ 20h33-20h44) : <strong>3,07 millions (20,9%)<\/strong><\/p>\n<p>\u00ab\u00a0Ici 19\/20 journal r\u00e9gional\u00a0\u00bb (France 3 \/ 19h14-19h46) : <strong>2,15 millions (18,9%)<\/strong><br \/>\u00ab\u00a0Le 19.45\u00a0\u00bb de M6 (19h47-20h23) &#8211; Cyrielle Stadler :<strong> 1,75 million (12,9%)<\/strong><br \/>\u00ab\u00a0Arte journal\u00a0\u00bb (Arte \/ 19h45) : <strong>528.000 (4%)<\/strong><\/p>\n<p><a href=\"https:\/\/www.ozap.com\/actu\/audiences-access-13-million-de-telespectateurs-decart-entre-les-20-heures-de-jean-baptiste-boursier-sur-tf1-et-de-julien-arnaud-sur-france-2\/651014\" target=\"_blank\" rel=\"noopener\">Jean-Baptiste Boursier<\/a>, joker de Gilles Bouleau, maintient le \u00ab\u00a020 Heures\u00a0\u00bb de TF1 au-dessus des 30 points de part d&rsquo;audience mais s&rsquo;\u00e9loigne des 5 millions de t\u00e9l\u00e9spectateurs (-400.000 curieux sur une journ\u00e9e). C\u00f4t\u00e9 PDA, le journaliste perd 1,2 point sur une journ\u00e9e.<br \/>Sur France 2, le \u00ab\u00a020 Heures\u00a0\u00bb pr\u00e9sent\u00e9 cette semaine par <a href=\"https:\/\/www.ozap.com\/actu\/a-tres-vite-les-amis-julien-benedetto-presente-la-derniere-de-lheure-americaine-et-donne-rendez-vous-aux-telespectateurs-de-franceinfo\/650259\" target=\"_blank\" rel=\"noopener\">Julien Benedetto <\/a>est en l\u00e9g\u00e8re baisse en nombre de t\u00e9l\u00e9spectateurs (-100.000) mais en hausse c\u00f4t\u00e9 PDA (+0,2 point).\u00a0<br \/>Apr\u00e8s son record de saison la veille, \u00ab\u00a0Ici 19\/20\u00a0\u00bb sur France 3 repasse sous les 20% de part d&rsquo;audience mais reste \u00e0 un excellent niveau.<br \/>Sur M6, le \u00ab\u00a019.45\u00a0\u00bb de <a href=\"https:\/\/www.ozap.com\/actu\/audiences-access-cyrielle-stadler-fait-senvoler-le-1945-de-m6-carton-pour-demain-nous-appartient-qui-explose-son-record-de-saison-sur-tf1\/650921\" target=\"_blank\" rel=\"noopener\">Cyrielle Stadler<\/a>, joker de Xavier de Moulins, perd encore quelques plumes (-150.000 t\u00e9l\u00e9spectateurs et -0,6 point de PDA sur une journ\u00e9e).<\/p>\n<p><a href=\"https:\/\/www.ozap.com\/actu\/anne-sophie-lapix-quitte-la-presentation-du-20-heures-de-france-2\/650111\" target=\"_blank\" rel=\"noopener\"><strong>\u00c0 LIRE AUSSI : Anne-Sophie Lapix quitte la pr\u00e9sentation du \u00ab\u00a020 Heures\u00a0\u00bb de France 2<\/strong><\/a><\/p>\n<p>Les jeux<\/p>\n<p>\u00ab\u00a0N&rsquo;oubliez pas les paroles !\u00a0\u00bb (France 2 \/ 19h15-19h49) :<strong> 2,02 millions (17,4%)<\/strong><br \/>\u00ab\u00a0N&rsquo;oubliez pas les paroles !\u00a0\u00bb (France 2 \/ 18h41-19h13) :<strong> 1,37 million (14,3%)<\/strong><br \/>\u00ab\u00a0Tout le monde a son mot \u00e0 dire\u00a0\u00bb (France 2 \/ 18h10) :<strong> 681.000 (9,5%)<\/strong><\/p>\n<p>\u00ab\u00a0Questions pour un champion : les juniors\u00a0\u00bb (France 3 \/ 18h06-18h50) :<strong> 909.000 (11,8%)<\/strong><br \/>\u00ab\u00a0Le juste prix\u00a0\u00bb (M6 \/ 18h34-19h32)<strong> : 708.000 (7,2%)<\/strong><\/p>\n<p>Sur France 2, \u00ab\u00a0N&rsquo;oubliez pas les paroles !\u00a0\u00bb est stable en nombre de t\u00e9l\u00e9spectateurs mais grimpe c\u00f4t\u00e9 PDA : +0,8 point compar\u00e9 \u00e0 la veille.\u00a0Ce n&rsquo;est pas le cas du 1er \u00e9pisode du jeu anim\u00e9 par Nagui \u00e0 18h40( -0,2 point de PDA).<br \/>Sur M6, \u00ab\u00a0Le juste prix\u00a0\u00bb d\u00e9passe de justesse les 700.000 fid\u00e8les (-0,1 point de part d&rsquo;audience par rapport \u00e0 la veille).<\/p>\n<p>Les magazines<\/p>\n<p>\u00ab\u00a0Tout le sport\u00a0\u00bb (France 3 \/ 19h50) :<strong> 892.000 (6,6%)<\/strong><br \/>\u00ab\u00a0Silence \u00a0\u00e7a pousse\u00a0\u00bb (France 5 \/ 18h59-19h49) : <strong>376.000 (3,4%)<\/strong><br \/>\u00a0<\/p>\n<p>Les talks<\/p>\n<p>\u00ab\u00a0C dans l&rsquo;air\u00a0\u00bb (France 5 \/ 17h45) : <strong>634.000 (8,8%)<\/strong><br \/>\u00ab\u00a028 minutes\u00a0\u00bb (Arte \/ 20h05) :<strong> 525.000 (3,6%)<\/strong><\/p>\n<p>Apr\u00e8s <a href=\"https:\/\/www.ozap.com\/actu\/audiences-access-debuts-reussis-pour-salhia-brakhlia-dans-c-dans-lair-sur-france-5-nouveau-jour-toujours-dans-le-rouge-sur-m6-malgre-le-retour-den-famille\/651067\" target=\"_blank\" rel=\"noopener\">des d\u00e9buts r\u00e9ussis<\/a> lundi devant 863.000 t\u00e9l\u00e9spectateurs (11,1% du public), <a href=\"https:\/\/www.ozap.com\/actu\/evincee-de-franceinfo-salhia-brakhlia-rebondit-a-la-tete-de-c-dans-lair-des-ce-soir-sur-france-5\/651068\" target=\"_blank\" rel=\"noopener\">Salhia Brakhlia<\/a> perd encore quelques t\u00e9l\u00e9spectateurs sur France 5 : -100.000 sur une journ\u00e9e. \u00a0\u00c0 titre indicatif, en juillet, \u00ab\u00a0C dans l&rsquo;air\u00a0\u00bb attirait 770.000 t\u00e9l\u00e9spectateurs chaque jour, soit 8,8% de part d&rsquo;audience sur l&rsquo;ensemble du public.\u00a0<\/p>\n<p>Les feuilletons<\/p>\n<p>\u00ab\u00a0Demain nous appartient\u00a0\u00bb (TF1 \/ 19h15) :<strong> 1,90 million (16,6%)<\/strong><br \/>\u00ab\u00a0Ici tout commence\u00a0\u00bb (TF1 \/ 18h30) :<strong> 1,81 million (19,3%)<\/strong><br \/>\u00ab\u00a0<a href=\"https:\/\/www.ozap.com\/actu\/audiences-1-mois-apres-son-lancement-quel-bilan-pour-tout-pour-la-lumiere-sur-tf1\/650840\" target=\"_blank\" rel=\"noopener\">Tout pour la lumi\u00e8re<\/a>\u00a0\u00bb (TF1 \/ 18h05) :<strong> 696.000 (9,6%)<\/strong><\/p>\n<p>\u00ab\u00a0Un si grand soleil\u00a0\u00bb (France 3 \/ 20h44-21h06) :<strong> 2,06 millions (14,7%)<\/strong><br \/>\u00ab\u00a0Nouveau jour\u00a0\u00bb (M6 \/ 20h28-20h48) :<strong> 685.000 (4,7%)<\/strong><br \/>\u00ab\u00a0En famille\u00a0\u00bb (M6 \/ 20h48-21h06) : <strong>804.000 (5,7%)<\/strong><\/p>\n<p>\u00ab\u00a0Plus belle la vie, encore plus belle\u00a0\u00bb (TFX \/ 20h36-21h03) :<strong> 208.000 (1,4%)<\/strong><br \/>\u00ab\u00a0Tout pour la lumi\u00e8re\u00a0\u00bb (TFX \/ 20h04-20h29) :<strong> 89.000 (0,6%)<\/strong><\/p>\n<p>Sur TF1, \u00ab\u00a0Tout pour la lumi\u00e8re\u00a0\u00bb ne d\u00e9colle pas malgr\u00e9 l&rsquo;arriv\u00e9e de la chanteuse Vitaa. La s\u00e9rie chute m\u00eame sous les 700.000 fid\u00e8les et les 10 points de part d&rsquo;audience (-1,1 point sur une journ\u00e9e). Ce n&rsquo;est que la deuxi\u00e8me fois depuis le lancement du feuilleton que le programme ne d\u00e9passe pas les 700.000 fid\u00e8les.<br \/>\u00ab\u00a0Ici tout commence\u00a0\u00bb reste bloqu\u00e9 sous les 2 millions de fid\u00e8les mais gagne 0,5 point par rapport \u00e0 la veille.<br \/>\u00ab\u00a0Demain nous appartient\u00a0\u00bb, d\u00e9sormais troisi\u00e8me de l&rsquo;access 19h, est dans la m\u00eame dynamique (+0,5 point de part d&rsquo;audience en une journ\u00e9e).<\/p>\n<p>Sur France 3, l&rsquo;\u00e9pisode in\u00e9dit d'\u00a0\u00bbUn si grand soleil\u00a0\u00bb reste puissant mais c\u00e8de 0,6 point sur une journ\u00e9e.<br \/>Malgr\u00e9 un horaire avanc\u00e9 de 12 minutes et l&rsquo;arriv\u00e9e d'\u00a0\u00bbEn famille\u00a0\u00bb \u00e0 20h50, \u00ab\u00a0Nouveau jour\u00a0\u00bb reste tr\u00e8s faible sur M6. Le feuilleton qui basculera \u00e0 13h30 \u00e0 la rentr\u00e9e est tout de m\u00eame en hausse et se rapproche des 700.000 fid\u00e8les (+0,7 point versus J-1). Juste apr\u00e8s, diffus\u00e9e de 20h48-21h06, \u00ab\u00a0En famille\u00a0\u00bb ne fait pas de miracle.<\/p>\n<p>A lire aussi : <a href=\"https:\/\/www.ozap.com\/actu\/face-au-fiasco-de-nouveau-jour-a-20h40-m6-change-lheure-de-programmation-de-son-feuilleton-quotidien-a-la-rentree\/651077\" target=\"_blank\" rel=\"noopener\"><strong>Face au fiasco de \u00ab\u00a0Nouveau Jour\u00a0\u00bb \u00e0 20h40, M6 change l&rsquo;heure de programmation de son feuilleton quotidien \u00e0 la rentr\u00e9e<\/strong><\/a><\/p>\n<p>Les \u00e9missions de t\u00e9l\u00e9-r\u00e9alit\u00e9<\/p>\n<p><a href=\"https:\/\/www.ozap.com\/actu\/cette-decision-elle-n-est-pas-du-tout-facile-pour-moi-mayer-se-confie-sur-son-abandon-surprise-dans-secret-story\/650870\" target=\"_blank\" rel=\"noopener\">\u00ab\u00a0Secret Story\u00a0\u00bb<\/a> (TFX \/ 18h59-20h04) :<strong> 415.000 (3,6%)<\/strong><br \/>\u00ab\u00a0The Detective Club\u00a0\u00bb (W9 \/ 20h00-20h54) : <strong>355.000 (2,4%)<\/strong><\/p>\n<p>Sur TFX, la part d&rsquo;audience de \u00ab\u00a0Secret Story\u00a0\u00bb progresse de 0,3 point et la t\u00e9l\u00e9-r\u00e9alit\u00e9 repasse la barre des 400.000 fans. Le programme reste toujours un hit sur cibles avec 12,4% des FRDA-50.<br \/>Sur W9, \u00ab\u00a0The Detective Club\u00a0\u00bb est en forte hausse (+120.000 curieux sur une journ\u00e9e et +0,9 point de PDA).<\/p>\n<p><a href=\"https:\/\/www.ozap.com\/actu\/the-detective-club-qui-sont-les-20-candidats-de-la-nouvelle-tele-realite-de-w9\/650395\" target=\"_blank\" rel=\"noopener\"><strong>\u00c0 LIRE AUSSI : \u00ab\u00a0The Detective Club\u00a0\u00bb : Qui sont les 20 candidats de la nouvelle t\u00e9l\u00e9-r\u00e9alit\u00e9 de W9 ?<\/strong><\/a><\/p>\n<p>Les docu-r\u00e9alit\u00e9s<\/p>\n<p>\u00ab\u00a0Quatre mariages pour une lune de miel\u00a0\u00bb (TFX \/ 18h04-18h59) :<strong> 294.000 (3,7%)<\/strong><br \/>\u00ab\u00a0Un d\u00eener presque parfait\u00a0\u00bb (Gulli \/ 20h03-21h02) :<strong> 120.000 (0,8%)<\/strong><\/p>\n<p>\u00ab\u00a0Quatre mariages pour une lune de miel\u00a0\u00bb perd 110.000 t\u00e9l\u00e9spectateurs sur une journ\u00e9e (-1,2 point de PDA).<br \/>\u00ab\u00a0Un d\u00eener presque parfait\u00a0\u00bb reste au-dessus des 100.000 t\u00e9l\u00e9spectateurs sur Gulli mais repasse sous le point de PDA.<\/p>\n<p>Chiffres M\u00e9diam\u00e9trie<\/p>\n","protected":false},"excerpt":{"rendered":"Les JT Le \u00ab\u00a020 Heures\u00a0\u00bb de TF1 \u2013 Jean-Baptiste Boursier (19h58-20h44) : 4,57 millions (31,6%)Le \u00ab\u00a020 Heures\u00a0\u00bb de&hellip;\n","protected":false},"author":2,"featured_media":302289,"comment_status":"","ping_status":"","sticky":false,"template":"","format":"standard","meta":{"footnotes":""},"categories":[1356],"tags":[58,59,1011,27,252,1364],"class_list":{"0":"post-302288","1":"post","2":"type-post","3":"status-publish","4":"format-standard","5":"has-post-thumbnail","7":"category-television","8":"tag-divertissement","9":"tag-entertainment","10":"tag-fr","11":"tag-france","12":"tag-television","13":"tag-tv"},"share_on_mastodon":{"url":"https:\/\/pubeurope.com\/@fr\/114986488074554725","error":""},"_links":{"self":[{"href":"https:\/\/www.europesays.com\/fr\/wp-json\/wp\/v2\/posts\/302288","targetHints":{"allow":["GET"]}}],"collection":[{"href":"https:\/\/www.europesays.com\/fr\/wp-json\/wp\/v2\/posts"}],"about":[{"href":"https:\/\/www.europesays.com\/fr\/wp-json\/wp\/v2\/types\/post"}],"author":[{"embeddable":true,"href":"https:\/\/www.europesays.com\/fr\/wp-json\/wp\/v2\/users\/2"}],"replies":[{"embeddable":true,"href":"https:\/\/www.europesays.com\/fr\/wp-json\/wp\/v2\/comments?post=302288"}],"version-history":[{"count":0,"href":"https:\/\/www.europesays.com\/fr\/wp-json\/wp\/v2\/posts\/302288\/revisions"}],"wp:featuredmedia":[{"embeddable":true,"href":"https:\/\/www.europesays.com\/fr\/wp-json\/wp\/v2\/media\/302289"}],"wp:attachment":[{"href":"https:\/\/www.europesays.com\/fr\/wp-json\/wp\/v2\/media?parent=302288"}],"wp:term":[{"taxonomy":"category","embeddable":true,"href":"https:\/\/www.europesays.com\/fr\/wp-json\/wp\/v2\/categories?post=302288"},{"taxonomy":"post_tag","embeddable":true,"href":"https:\/\/www.europesays.com\/fr\/wp-json\/wp\/v2\/tags?post=302288"}],"curies":[{"name":"wp","href":"https:\/\/api.w.org\/{rel}","templated":true}]}}