{"id":302290,"date":"2025-08-07T08:15:15","date_gmt":"2025-08-07T08:15:15","guid":{"rendered":"https:\/\/www.europesays.com\/fr\/302290\/"},"modified":"2025-08-07T08:15:15","modified_gmt":"2025-08-07T08:15:15","slug":"afi-amorce-une-nouvelle-ere-avec-silver-bleeds-the-black-sun","status":"publish","type":"post","link":"https:\/\/www.europesays.com\/fr\/302290\/","title":{"rendered":"AFI amorce une nouvelle \u00e8re avec Silver Bleeds The Black Sun\u2026"},"content":{"rendered":"<p><img width=\"768\" height=\"432\" src=\"https:\/\/www.europesays.com\/fr\/wp-content\/uploads\/2025\/08\/afi-2025-768x432.jpg\" alt=\"\u201cUn album r\u00eaveur et \u00e9th\u00e9r\u00e9\u201d : AFI amorce une nouvelle \u00e8re avec Silver Bleeds The Black Sun\u2026\" decoding=\"async\" fetchpriority=\"high\"  \/><\/p>\n<p>\u00a9 Lexie Alley (Presse)<\/p>\n<p><strong>Le groupe californien <a href=\"https:\/\/www.metalzone.fr\/afi\/\" target=\"_blank\" rel=\"noopener\">AFI<\/a> annonce la sortie de son douzi\u00e8me album, Silver Bleeds The Black Sun\u2026, pr\u00e9vue pour le 3 octobre prochain via Run For Cover Records, et d\u00e9voile un premier extrait envo\u00fbtant, Behind The Clock.<\/strong><\/p>\n<p>Un nouveau chapitre musical, entre ombre et lumi\u00e8re<\/p>\n<p>AFI revient avec un disque annonc\u00e9 comme l\u2019un des plus singuliers de sa carri\u00e8re. Con\u00e7u autour d\u2019une ambiance \u201cr\u00eaveuse et \u00e9th\u00e9r\u00e9e\u201d, Silver Bleeds The Black Sun\u2026 se veut \u00e0 la fois intemporel et profond\u00e9ment ancr\u00e9 dans l\u2019identit\u00e9 sonore du groupe, qui n\u2019a cess\u00e9 d\u2019\u00e9voluer depuis ses d\u00e9buts dans le punk hardcore des ann\u00e9es 90. Ce nouvel album fait suite \u00e0 Bodies (2021), et marque une nouvelle \u00e9tape dans l\u2019exploration de leurs influences les plus enfouies.<\/p>\n<p>Le premier single, Behind The Clock, s\u2019accompagne d\u2019un clip r\u00e9alis\u00e9 par Gilbert Trejo. Le r\u00e9alisateur explique : \u201cNous voulions que la vid\u00e9o donne l\u2019impression que vous voyez quelque chose que vous ne devriez pas. C\u2019est exactement ce que fait Davey avec ses paroles : il s\u2019exprime si ouvertement qu\u2019il nous laisse entrevoir l\u2019envers du d\u00e9cor.\u201d De son c\u00f4t\u00e9, le chanteur Davey <a href=\"https:\/\/www.metalzone.fr\/havok\/\" target=\"_blank\" rel=\"noopener\">Havok<\/a> ajoute : \u201cLa vision de Gilbert a sublim\u00e9 l\u2019essence de Behind The Clock. Travailler avec lui fut un privil\u00e8ge et une joie totale. C\u2019est un artiste au sens le plus pur.\u201d<\/p>\n<p>Un disque dense, po\u00e9tique et exp\u00e9rimental<\/p>\n<p>Les dix morceaux de l\u2019album s\u2019annoncent riches en contrastes, m\u00ealant noirceur et majest\u00e9. La tracklist comprend notamment The Bird of Prey, Holy Visions, Blasphemy and Excess ou encore VOIDWARD, I BEND BACK. Le disque sera soutenu par une tourn\u00e9e nord-am\u00e9ricaine qui d\u00e9butera fin septembre.<\/p>\n<p>Tracklist de Silver Bleeds The Black Sun\u2026<\/p>\n<ol>\n<li>The Bird of Prey<\/li>\n<li>Behind the Clock<\/li>\n<li>Holy Visions<\/li>\n<li>Blasphemy and Excess<\/li>\n<li>Spear of Truth<\/li>\n<li>Ash Speck in a Green Eye<\/li>\n<li>VOIDWARD, I BEND BACK<\/li>\n<li>Marguerite<\/li>\n<li>A World Unmade<\/li>\n<li>Nooneunderground<\/li>\n<\/ol>\n","protected":false},"excerpt":{"rendered":"\u00a9 Lexie Alley (Presse) Le groupe californien AFI annonce la sortie de son douzi\u00e8me album, Silver Bleeds The&hellip;\n","protected":false},"author":2,"featured_media":302291,"comment_status":"","ping_status":"","sticky":false,"template":"","format":"standard","meta":{"footnotes":""},"categories":[1355],"tags":[58,59,1011,27,1361,873],"class_list":{"0":"post-302290","1":"post","2":"type-post","3":"status-publish","4":"format-standard","5":"has-post-thumbnail","7":"category-musique","8":"tag-divertissement","9":"tag-entertainment","10":"tag-fr","11":"tag-france","12":"tag-music","13":"tag-musique"},"share_on_mastodon":{"url":"https:\/\/pubeurope.com\/@fr\/114986492024446315","error":""},"_links":{"self":[{"href":"https:\/\/www.europesays.com\/fr\/wp-json\/wp\/v2\/posts\/302290","targetHints":{"allow":["GET"]}}],"collection":[{"href":"https:\/\/www.europesays.com\/fr\/wp-json\/wp\/v2\/posts"}],"about":[{"href":"https:\/\/www.europesays.com\/fr\/wp-json\/wp\/v2\/types\/post"}],"author":[{"embeddable":true,"href":"https:\/\/www.europesays.com\/fr\/wp-json\/wp\/v2\/users\/2"}],"replies":[{"embeddable":true,"href":"https:\/\/www.europesays.com\/fr\/wp-json\/wp\/v2\/comments?post=302290"}],"version-history":[{"count":0,"href":"https:\/\/www.europesays.com\/fr\/wp-json\/wp\/v2\/posts\/302290\/revisions"}],"wp:featuredmedia":[{"embeddable":true,"href":"https:\/\/www.europesays.com\/fr\/wp-json\/wp\/v2\/media\/302291"}],"wp:attachment":[{"href":"https:\/\/www.europesays.com\/fr\/wp-json\/wp\/v2\/media?parent=302290"}],"wp:term":[{"taxonomy":"category","embeddable":true,"href":"https:\/\/www.europesays.com\/fr\/wp-json\/wp\/v2\/categories?post=302290"},{"taxonomy":"post_tag","embeddable":true,"href":"https:\/\/www.europesays.com\/fr\/wp-json\/wp\/v2\/tags?post=302290"}],"curies":[{"name":"wp","href":"https:\/\/api.w.org\/{rel}","templated":true}]}}