{"id":302310,"date":"2025-08-07T08:25:11","date_gmt":"2025-08-07T08:25:11","guid":{"rendered":"https:\/\/www.europesays.com\/fr\/302310\/"},"modified":"2025-08-07T08:25:11","modified_gmt":"2025-08-07T08:25:11","slug":"a-saint-etienne-lart-et-la-fragrance","status":"publish","type":"post","link":"https:\/\/www.europesays.com\/fr\/302310\/","title":{"rendered":"A Saint-Etienne, l\u2019art et la fragrance"},"content":{"rendered":"<p class=\"is-style-chapo\">En fin d\u2019ann\u00e9e derni\u00e8re, le concept store Art &amp; Fragrances \u00e9tait inaugur\u00e9 au 27 rue de la R\u00e9publique, \u00e0 Saint-Etienne. Un m\u00e9lange in\u00e9dit entre la parfumerie de niche et l\u2019art, directement inspir\u00e9 par l\u2019histoire du lieu\u2026 Les dirigeants ont pris le temps de peaufiner l\u2019exp\u00e9rience, pour un lancement plus marqu\u00e9 d\u00e8s le mois de septembre.<\/p>\n<p><img loading=\"lazy\" decoding=\"async\" width=\"1024\" height=\"576\" src=\"https:\/\/www.europesays.com\/fr\/wp-content\/uploads\/2025\/08\/Sans-titre-1-1024x576.jpg\" alt=\"\" class=\"wp-image-80241\"  \/><\/p>\n<p>\u00ab\u00a0C\u2019est un tr\u00e8s bel espace, charg\u00e9 d\u2019histoire, une ancienne galerie d\u2019art. Cela aurait \u00e9t\u00e9 dommage de ne pas l\u2019utiliser\u00a0\u00bb, s\u2019enthousiasme Chlo\u00e9 Therme, responsable de la boutique Art &amp; Frangrances. A la gen\u00e8se du projet, il y a la rencontre avec celui qui deviendra son associ\u00e9, pour qui elle travaille d\u2019abord au sein d\u2019une agence de communication et web. <\/p>\n<p>Puis, lorsque ce dernier rach\u00e8te l\u2019entreprise <a href=\"https:\/\/maisondesfragrances.fr\/\" target=\"_blank\" rel=\"noreferrer noopener\">Maison des Fragrances<\/a>, sp\u00e9cialis\u00e9e dans la vente de parfums en ligne, le si\u00e8ge est install\u00e9 au 27 rue de la R\u00e9publique, \u00e0 Saint-Etienne. C\u2019est ici qu\u2019ils s\u2019associent et cr\u00e9ent leur concept store, Art &amp; Fragrances. L\u2019id\u00e9e est inspir\u00e9e par l\u2019histoire du lieu, qui abritait auparavant une galerie d\u2019art.<\/p>\n<p>Parfums rares<\/p>\n<p>Il s\u2019agit donc ici de proposer des parfums de niche, comprendre de haute parfumerie, au milieu d\u2019\u0153uvres d\u2019art. En ce moment, la boutique expose les tableaux de l\u2019artiste camerounais Bato, qui a \u00e9tudi\u00e9 les <a href=\"https:\/\/www.if-saint-etienne.fr\/politique-societe\/saint-etienne-un-avant-projet-municipal-remplace-le-parking-des-ursules-par-un-jardin\" target=\"_blank\" rel=\"noreferrer noopener\">beaux-arts<\/a> \u00e0 Saint-Etienne, r\u00e9put\u00e9 pour ses grands portraits en pied. C\u00f4t\u00e9 parfum, Chlo\u00e9 Therme pr\u00e9cise\u00a0: \u00ab\u00a0Nous proposons des marques comme Carner Barcelona, Xerjoff, Orto Parisi, des produits qu\u2019on ne peut pas trouver chez Sephora\u00a0\u00bb. Pour cause, ici, il faut compter autour de 185 euros pour l\u2019entr\u00e9e de gamme sur un flacon de 50ml.<\/p>\n<p>Et si l\u2019inauguration de la boutique a eu lieu en fin d\u2019ann\u00e9e derni\u00e8re, la responsable entend bien faire parler du concept. \u00ab\u00a0Avec notre autre activit\u00e9, nous n\u2019avons pas eu le temps de communiquer autour d\u2019Art &amp; Fragrances. Mais une personne va nous rejoindre en septembre en boutique, l\u2019objectif est que l\u2019on soit op\u00e9rationnel \u00e0 la rentr\u00e9e. Le concept s\u2019adresse aux passionn\u00e9s d\u2019art comme de parfums rares\u00a0\u00bb. L\u2019odeur de l\u2019exclusivit\u00e9.<\/p>\n","protected":false},"excerpt":{"rendered":"En fin d\u2019ann\u00e9e derni\u00e8re, le concept store Art &amp; Fragrances \u00e9tait inaugur\u00e9 au 27 rue de la R\u00e9publique,&hellip;\n","protected":false},"author":2,"featured_media":302311,"comment_status":"","ping_status":"","sticky":false,"template":"","format":"standard","meta":{"footnotes":""},"categories":[9653],"tags":[1111,11,44249,2430,44250,23340,1777,674,1011,27,44251,12,25,4001],"class_list":{"0":"post-302310","1":"post","2":"type-post","3":"status-publish","4":"format-standard","5":"has-post-thumbnail","7":"category-saint-etienne","8":"tag-actu","9":"tag-actualites","10":"tag-art-fragrances","11":"tag-auvergne-rhone-alpes","12":"tag-commerce-saint-etienne","13":"tag-creatif","14":"tag-eu","15":"tag-europe","16":"tag-fr","17":"tag-france","18":"tag-maison-des-fragrances","19":"tag-news","20":"tag-republique-francaise","21":"tag-saint-etienne"},"share_on_mastodon":{"url":"https:\/\/pubeurope.com\/@fr\/114986531464168640","error":""},"_links":{"self":[{"href":"https:\/\/www.europesays.com\/fr\/wp-json\/wp\/v2\/posts\/302310","targetHints":{"allow":["GET"]}}],"collection":[{"href":"https:\/\/www.europesays.com\/fr\/wp-json\/wp\/v2\/posts"}],"about":[{"href":"https:\/\/www.europesays.com\/fr\/wp-json\/wp\/v2\/types\/post"}],"author":[{"embeddable":true,"href":"https:\/\/www.europesays.com\/fr\/wp-json\/wp\/v2\/users\/2"}],"replies":[{"embeddable":true,"href":"https:\/\/www.europesays.com\/fr\/wp-json\/wp\/v2\/comments?post=302310"}],"version-history":[{"count":0,"href":"https:\/\/www.europesays.com\/fr\/wp-json\/wp\/v2\/posts\/302310\/revisions"}],"wp:featuredmedia":[{"embeddable":true,"href":"https:\/\/www.europesays.com\/fr\/wp-json\/wp\/v2\/media\/302311"}],"wp:attachment":[{"href":"https:\/\/www.europesays.com\/fr\/wp-json\/wp\/v2\/media?parent=302310"}],"wp:term":[{"taxonomy":"category","embeddable":true,"href":"https:\/\/www.europesays.com\/fr\/wp-json\/wp\/v2\/categories?post=302310"},{"taxonomy":"post_tag","embeddable":true,"href":"https:\/\/www.europesays.com\/fr\/wp-json\/wp\/v2\/tags?post=302310"}],"curies":[{"name":"wp","href":"https:\/\/api.w.org\/{rel}","templated":true}]}}