{"id":302316,"date":"2025-08-07T08:31:10","date_gmt":"2025-08-07T08:31:10","guid":{"rendered":"https:\/\/www.europesays.com\/fr\/302316\/"},"modified":"2025-08-07T08:31:10","modified_gmt":"2025-08-07T08:31:10","slug":"entre-le-xv-de-france-et-les-all-blacks-patrick-tuifua-a-enfin-tranche","status":"publish","type":"post","link":"https:\/\/www.europesays.com\/fr\/302316\/","title":{"rendered":"Entre le XV de France et les All-Blacks, Patrick Tuifua a enfin tranch\u00e9 !"},"content":{"rendered":"<p>Longtemps partag\u00e9 entre deux horizons, Patrick Tuifua semble avoir tranch\u00e9.<\/p>\n<p>Le jeune troisi\u00e8me-ligne de 20 ans, form\u00e9 en Nouvelle-Z\u00e9lande et \u00e9ligible aussi bien avec les All Blacks qu\u2019avec les Bleus, donne d\u00e9sormais sa priorit\u00e9 \u00e0 la France.<\/p>\n<p>Arriv\u00e9 au pays du long nuage blanc en 2020, Tuifua remplissait les crit\u00e8res d\u2019\u00e9ligibilit\u00e9 pour porter le maillot noir, apr\u00e8s cinq ann\u00e9es de pr\u00e9sence. Mais son d\u00e9part vers Toulon cet \u00e9t\u00e9 et l\u2019absence de perc\u00e9e en Super Rugby rendent d\u00e9sormais improbable une convocation par Scott Robertson.<\/p>\n<p>Engag\u00e9 pour trois saisons avec le RCT, le puissant flanker voit d\u00e9sormais l\u2019avenir en bleu, lui qui avait d\u00e9j\u00e0 \u00e9t\u00e9 dans les petits papiers de Fabien Galthi\u00e9 pour la tourn\u00e9e d\u2019\u00e9t\u00e9 2024 en Argentine. Un espoir vite frein\u00e9 par une blessure au genou, venue interrompre sa progression.<\/p>\n<p>\u00ab S\u2019il m\u2019appelle aujourd\u2019hui, j\u2019y vais sans h\u00e9siter \u00bb, a indiqu\u00e9 le joueur au journal <a href=\"https:\/\/www.lequipe.fr\/Rugby\/Actualites\/La-pepite-patrick-tuifua-jouera-t-il-pour-la-nouvelle-z-elande-ou-la-france-si-fabien-galthie-m-appelle\/1583570\" target=\"_blank\" rel=\"noopener\">L\u2019\u00e9quipe<\/a>. \u00ab Je suis un vrai Fran\u00e7ais maintenant (rires) ! Mais c\u2019est trop t\u00f4t pour en parler, je viens d\u2019arriver \u00e0 Toulon, je vais d\u00e9j\u00e0 essayer de jouer en Top 14, gagner des matches et on verra bien\u2026 \u00bb<\/p>\n<p>La marche reste haute dans un r\u00e9servoir tricolore d\u00e9j\u00e0 dense au poste de troisi\u00e8me-ligne. Mais avec sa puissance et sa mobilit\u00e9, Patrick Tuifua entend bien se faire une place parmi les meilleurs. Toulon, premier tremplin vers les Bleus ?<\/p>\n<p><strong>Affaire \u00e0 suivre\u2026<\/strong><\/p>\n","protected":false},"excerpt":{"rendered":"Longtemps partag\u00e9 entre deux horizons, Patrick Tuifua semble avoir tranch\u00e9. Le jeune troisi\u00e8me-ligne de 20 ans, form\u00e9 en&hellip;\n","protected":false},"author":2,"featured_media":302317,"comment_status":"","ping_status":"","sticky":false,"template":"","format":"standard","meta":{"footnotes":""},"categories":[9619],"tags":[1111,11,1777,674,1011,27,12,882,25,2310],"class_list":{"0":"post-302316","1":"post","2":"type-post","3":"status-publish","4":"format-standard","5":"has-post-thumbnail","7":"category-toulon","8":"tag-actu","9":"tag-actualites","10":"tag-eu","11":"tag-europe","12":"tag-fr","13":"tag-france","14":"tag-news","15":"tag-provence-alpes-cote-dazur","16":"tag-republique-francaise","17":"tag-toulon"},"share_on_mastodon":{"url":"https:\/\/pubeurope.com\/@fr\/114986554771708311","error":""},"_links":{"self":[{"href":"https:\/\/www.europesays.com\/fr\/wp-json\/wp\/v2\/posts\/302316","targetHints":{"allow":["GET"]}}],"collection":[{"href":"https:\/\/www.europesays.com\/fr\/wp-json\/wp\/v2\/posts"}],"about":[{"href":"https:\/\/www.europesays.com\/fr\/wp-json\/wp\/v2\/types\/post"}],"author":[{"embeddable":true,"href":"https:\/\/www.europesays.com\/fr\/wp-json\/wp\/v2\/users\/2"}],"replies":[{"embeddable":true,"href":"https:\/\/www.europesays.com\/fr\/wp-json\/wp\/v2\/comments?post=302316"}],"version-history":[{"count":0,"href":"https:\/\/www.europesays.com\/fr\/wp-json\/wp\/v2\/posts\/302316\/revisions"}],"wp:featuredmedia":[{"embeddable":true,"href":"https:\/\/www.europesays.com\/fr\/wp-json\/wp\/v2\/media\/302317"}],"wp:attachment":[{"href":"https:\/\/www.europesays.com\/fr\/wp-json\/wp\/v2\/media?parent=302316"}],"wp:term":[{"taxonomy":"category","embeddable":true,"href":"https:\/\/www.europesays.com\/fr\/wp-json\/wp\/v2\/categories?post=302316"},{"taxonomy":"post_tag","embeddable":true,"href":"https:\/\/www.europesays.com\/fr\/wp-json\/wp\/v2\/tags?post=302316"}],"curies":[{"name":"wp","href":"https:\/\/api.w.org\/{rel}","templated":true}]}}