{"id":302318,"date":"2025-08-07T08:32:11","date_gmt":"2025-08-07T08:32:11","guid":{"rendered":"https:\/\/www.europesays.com\/fr\/302318\/"},"modified":"2025-08-07T08:32:11","modified_gmt":"2025-08-07T08:32:11","slug":"un-nouvel-outil-pour-bannir-les-trafiquants-de-stupefiants-de-saint-paul","status":"publish","type":"post","link":"https:\/\/www.europesays.com\/fr\/302318\/","title":{"rendered":"un nouvel outil pour bannir les trafiquants de stup\u00e9fiants de Saint-Paul"},"content":{"rendered":"<p>            Par<br \/>\n        <strong><br \/>\n            <a href=\"https:\/\/actu.fr\/auteur\/lea-pippinato\" title=\"Consulter tous les articles de L\u00e9a Pippinato\" target=\"_blank\" rel=\"noopener\">L\u00e9a Pippinato<\/a><br \/>\n        <\/strong><\/p>\n<p>        Publi\u00e9 le<\/p>\n<p>            7 ao\u00fbt 2025 \u00e0 10h30        <\/p>\n<p><strong>Ce mercredi 6 ao\u00fbt 2025<\/strong> \u00e0 16h30, une vaste op\u00e9ration de police s\u2019est tenue au niveau du centre commercial Saint-Paul, dans le quartier de la Mosson, \u00e0 Montpellier. Trente policiers nationaux de l\u2019H\u00e9rault, \u00e9paul\u00e9s par trente membres d\u2019une CRS nouvelle g\u00e9n\u00e9ration, la FAR (force d\u2019appui rapide), ont investi les lieux. L\u2019op\u00e9ration visait plusieurs objectifs : s\u00e9curiser le secteur, contr\u00f4ler des personnes connues des services de police, mais surtout appliquer un nouvel outil de lutte contre le narcotrafic, encore in\u00e9dit en France.<\/p>\n<p>    <a href=\"https:\/\/www.google.com\/maps\/embed?pb=!1m18!1m12!1m3!1d23102.54689924515!2d3.786840079101557!3d43.6311393!2m3!1f0!2f0!3f0!3m2!1i1024!2i768!4f13.1!3m3!1m2!1s0x12b6ac21c2c0426f%3A0x65e64c017aaee472!2sSaint-Paul!5e0!3m2!1sfr!2sfr!4v1754550476773!5m2!1sfr!2sfr\" title=\"Ouvrie le lien\" target=\"_blank\" rel=\"noopener\">Cliquez ici pour visualiser le contenu<\/a><\/p>\n<p>Un point de deal actif et connu de longue date<\/p>\n<p class=\" wall-content\">Le quartier Saint-Paul est bien connu des forces de l\u2019ordre. En octobre, dix jours de violences, dont plusieurs \u00e9changes de tirs, ont secou\u00e9 le secteur. Les auteurs de ces violences viennent d\u2019\u00eatre condamn\u00e9s. Thibaut F\u00e9lix, directeur de cabinet du pr\u00e9fet de l\u2019H\u00e9rault, le r\u00e9sume clairement : \u00ab\u00a0On est ici sur un point de deal particuli\u00e8rement embl\u00e9matique de Montpellier, parce qu\u2019il tourne de fa\u00e7on tr\u00e8s r\u00e9guli\u00e8re, il est lucratif, il est actif, on le sait. Il y a eu un tr\u00e8s gros travail judiciaire, mais ce qu\u2019on voit, c\u2019est que malgr\u00e9 tout le travail judiciaire qu\u2019il peut y avoir, en r\u00e9alit\u00e9, les points de deal continuent \u00e0 fonctionner. \u00c7a n\u2019\u00e9puise pas le probl\u00e8me.\u00a0\u00bb<\/p>\n<p>    <a href=\"https:\/\/www.facebook.com\/plugins\/video.php?height=476&amp;href=https%3A%2F%2Fwww.facebook.com%2FMetropolitainFR%2Fvideos%2F1522494159103546%2F&amp;show_text=false&amp;width=350&amp;t=0\" title=\"Ouvrie le lien\" target=\"_blank\" rel=\"noopener\">Cliquez ici pour visualiser le contenu<\/a><\/p>\n<p class=\" wall-content\">Face \u00e0 cette persistance, les services de l\u2019\u00c9tat s\u2019appuient d\u00e9sormais sur une panoplie d\u2019outils administratifs introduits par la loi narcotrafic. Cette derni\u00e8re permet notamment de prononcer davantage de fermetures administratives d\u2019\u00e9tablissements li\u00e9s au trafic, avec de nouveaux motifs l\u00e9gaux.<strong> Depuis janvier<\/strong>, 56 commerces ont \u00e9t\u00e9 ferm\u00e9s \u00e0 Montpellier par la pr\u00e9fecture, dont 29 \u00e9piceries de nuit. Autre outil d\u00e9sormais facilit\u00e9 : l\u2019expulsion des locataires du parc social impliqu\u00e9s dans des trafics ou causant des troubles graves. Mais la nouveaut\u00e9 la plus marquante reste la possibilit\u00e9 de prononcer<strong> des interdictions de para\u00eetre<\/strong>. \u00ab\u00a0\u00c0 un moment, on a certains individus, dont on sait par leurs ant\u00e9c\u00e9dents judiciaires, parce qu\u2019on les a d\u00e9j\u00e0 interpell\u00e9s plusieurs fois en train de trafiquer sur le point de deal, qu\u2019ils contribuent \u00e0 l\u2019organiser. On leur notifie un arr\u00eat\u00e9 pr\u00e9fectoral qui leur interdit de para\u00eetre sur le point de deal, qui dessine un p\u00e9rim\u00e8tre, et pendant un mois ils n\u2019ont plus le droit d\u2019y aller.\u00a0\u00bb<\/p>\n<p>Vid\u00e9os : en ce moment sur ActuUne application imm\u00e9diate et d\u00e9j\u00e0 efficace<\/p>\n<p class=\" wall-content\">Ce mercredi, \u00e0 Saint-Paul, <strong>six personnes<\/strong> ont re\u00e7u leur interdiction de para\u00eetre. Le p\u00e9rim\u00e8tre interdit englobe l\u2019arr\u00eat de tramway et le centre commercial. L\u2019un d\u2019eux a \u00e9t\u00e9 retrouv\u00e9 sur les lieux pendant le contr\u00f4le. \u00ab\u00a0Ce qui est fort, c\u2019est que dans l\u2019op\u00e9ration de police qui vient de commencer, l\u2019un de ces individus \u00e0 qui on avait notifi\u00e9 une interdiction de para\u00eetre a \u00e9t\u00e9 trouv\u00e9 sur le point de deal. Donc l\u00e0, c\u2019est un d\u00e9lit p\u00e9nal. Il va aller en garde \u00e0 vue, et il encourt jusqu\u2019\u00e0 six mois de prison\u00a0\u00bb, pr\u00e9cise Fran\u00e7ois Bargel, commissaire divisionnaire et adjoint du directeur interd\u00e9partemental de la police nationale de l\u2019H\u00e9rault. Thibaut F\u00e9lix assure que les personnes vis\u00e9es ne sont pas choisies au hasard : \u00ab\u00a0On ne fait pas d\u2019erreur. On ne vise pas des gens qui sont venus \u00e0 la pharmacie. On vise des gens qui, \u00e0 plusieurs reprises, se sont retrouv\u00e9s l\u00e0 alors qu\u2019ils n\u2019avaient rien \u00e0 y faire, avec de la drogue, en train d\u2019en vendre.\u00a0\u00bb<\/p>\n<p>    <img   decoding=\"async\" loading=\"lazy\" src=\"https:\/\/www.europesays.com\/fr\/wp-content\/uploads\/2025\/08\/img-5764-960x640.jpg\" alt=\"Un p\u00e9rim\u00e8tre autour du centre commercial a \u00e9t\u00e9 d\u00e9fini pour faire appliquer la mesure.\" width=\"960\" height=\"640\"\/><br \/>\n    Un p\u00e9rim\u00e8tre autour du centre commercial a \u00e9t\u00e9 d\u00e9fini pour faire appliquer la mesure. (\u00a9M\u00e9tropolitain \/ LP)<\/p>\n<p class=\" wall-content\">Les autorit\u00e9s savent que le point de deal de Saint-Paul cherche toujours \u00e0 se reconstituer. \u00ab\u00a0On voit bien que le point de deal s\u2019est r\u00e9install\u00e9 avec de nouvelles personnes\u00a0\u00bb, reconna\u00eet Fran\u00e7ois Bargel. Mais il refuse toute r\u00e9signation. Je suis d\u2019accord que c\u2019est une lutte extr\u00eamement compliqu\u00e9e, longue. Il y a des consommateurs, certains sont compl\u00e8tement addicts. Bien s\u00fbr que le combat est difficile, mais les r\u00e9sultats sont quand m\u00eame extr\u00eamement importants.\u00a0\u00bb <strong> Cinq hommes<\/strong> ont \u00e9t\u00e9 interpell\u00e9s lors de l\u2019intervention. Deux d\u2019entre eux faisaient l\u2019objet de recherches. Un troisi\u00e8me \u00e9tait sous le coup d\u2019une OQTF (obligation de quitter le territoire fran\u00e7ais). Un quatri\u00e8me a \u00e9t\u00e9 trouv\u00e9 en possession de coca\u00efne. Enfin, un dernier, faisant l\u2019objet d\u2019une interdiction de para\u00eetre dans le p\u00e9rim\u00e8tre du centre commercial Saint-Paul, a \u00e9t\u00e9 rep\u00e9r\u00e9 sur place, en violation directe de l\u2019arr\u00eat\u00e9 pr\u00e9fectoral.<\/p>\n<p class=\" wall-content\">Suivez toute l\u2019actualit\u00e9 de vos villes et m\u00e9dias favoris en vous inscrivant \u00e0 <a href=\"https:\/\/moncompte.actu.fr\" title=\"D\u00e9couvez Mon Actu\" rel=\"nofollow noopener\" data-trk=\"{&quot;cta&quot;:{&quot;action&quot;:&quot;https:\\\/\\\/moncompte.actu.fr&quot;,&quot;category&quot;:&quot;mon compte&quot;,&quot;from&quot;:&quot;article footer&quot;,&quot;name&quot;:&quot;Mon actu&quot;,&quot;type&quot;:&quot;cta&quot;}}\" target=\"_blank\">Mon Actu<\/a>.<\/p>\n","protected":false},"excerpt":{"rendered":"Par L\u00e9a Pippinato Publi\u00e9 le 7 ao\u00fbt 2025 \u00e0 10h30 Ce mercredi 6 ao\u00fbt 2025 \u00e0 16h30, une&hellip;\n","protected":false},"author":2,"featured_media":302319,"comment_status":"","ping_status":"","sticky":false,"template":"","format":"standard","meta":{"footnotes":""},"categories":[9599],"tags":[1111,11,1052,1777,674,118,1011,27,1006,2208,12,2680,1072,25],"class_list":{"0":"post-302318","1":"post","2":"type-post","3":"status-publish","4":"format-standard","5":"has-post-thumbnail","7":"category-montpellier","8":"tag-actu","9":"tag-actualites","10":"tag-drogue","11":"tag-eu","12":"tag-europe","13":"tag-faits-divers","14":"tag-fr","15":"tag-france","16":"tag-fraude","17":"tag-montpellier","18":"tag-news","19":"tag-occitanie","20":"tag-police","21":"tag-republique-francaise"},"share_on_mastodon":{"url":"https:\/\/pubeurope.com\/@fr\/114986558661875170","error":""},"_links":{"self":[{"href":"https:\/\/www.europesays.com\/fr\/wp-json\/wp\/v2\/posts\/302318","targetHints":{"allow":["GET"]}}],"collection":[{"href":"https:\/\/www.europesays.com\/fr\/wp-json\/wp\/v2\/posts"}],"about":[{"href":"https:\/\/www.europesays.com\/fr\/wp-json\/wp\/v2\/types\/post"}],"author":[{"embeddable":true,"href":"https:\/\/www.europesays.com\/fr\/wp-json\/wp\/v2\/users\/2"}],"replies":[{"embeddable":true,"href":"https:\/\/www.europesays.com\/fr\/wp-json\/wp\/v2\/comments?post=302318"}],"version-history":[{"count":0,"href":"https:\/\/www.europesays.com\/fr\/wp-json\/wp\/v2\/posts\/302318\/revisions"}],"wp:featuredmedia":[{"embeddable":true,"href":"https:\/\/www.europesays.com\/fr\/wp-json\/wp\/v2\/media\/302319"}],"wp:attachment":[{"href":"https:\/\/www.europesays.com\/fr\/wp-json\/wp\/v2\/media?parent=302318"}],"wp:term":[{"taxonomy":"category","embeddable":true,"href":"https:\/\/www.europesays.com\/fr\/wp-json\/wp\/v2\/categories?post=302318"},{"taxonomy":"post_tag","embeddable":true,"href":"https:\/\/www.europesays.com\/fr\/wp-json\/wp\/v2\/tags?post=302318"}],"curies":[{"name":"wp","href":"https:\/\/api.w.org\/{rel}","templated":true}]}}