{"id":302322,"date":"2025-08-07T08:38:09","date_gmt":"2025-08-07T08:38:09","guid":{"rendered":"https:\/\/www.europesays.com\/fr\/302322\/"},"modified":"2025-08-07T08:38:09","modified_gmt":"2025-08-07T08:38:09","slug":"grenoble-une-trottinette-prend-feu-dans-un-appartement-et-bloque-tout-un-quartier","status":"publish","type":"post","link":"https:\/\/www.europesays.com\/fr\/302322\/","title":{"rendered":"Grenoble. Une trottinette prend feu dans un appartement et bloque tout un quartier"},"content":{"rendered":"<p>            Par<br \/>\n        <strong><br \/>\n            <a href=\"https:\/\/actu.fr\/auteur\/lisa-rodrigues\" title=\"Consulter tous les articles de Lisa Rodrigues\" target=\"_blank\" rel=\"noopener\">Lisa Rodrigues<\/a><br \/>\n        <\/strong><\/p>\n<p>        Publi\u00e9 le<\/p>\n<p>            7 ao\u00fbt 2025 \u00e0 10h02        <\/p>\n<p>Plus de peur que de mal. Mercredi 6 ao\u00fbt peu avant 21h30, les pompiers de l\u2019Is\u00e8re sont appel\u00e9s dans le <strong>quartier du Mistral<\/strong>, au 72 avenue Rhin et Danube \u00e0 <a href=\"https:\/\/actu.fr\/auvergne-rhone-alpes\/grenoble_38185\" target=\"_blank\" rel=\"noopener\">Grenoble<\/a> pour un d\u00e9but d\u2019incendie dans un appartement.<\/p>\n<p>    <a href=\"https:\/\/www.google.com\/maps\/embed?pb=!1m18!1m12!1m3!1d1533.6792093318425!2d5.703754516332729!3d45.171303227953!2m3!1f0!2f0!3f0!3m2!1i1024!2i768!4f13.1!3m3!1m2!1s0x478af35ed2557179%3A0xe15fe26b0869cec8!2s72%20Av.%20Rhin%20et%20Danube%2C%2038100%20Grenoble!5e0!3m2!1sfr!2sfr!4v1754552683007!5m2!1sfr!2sfr\" title=\"Ouvrie le lien\" target=\"_blank\" rel=\"noopener\">Cliquez ici pour visualiser le contenu<\/a><\/p>\n<p class=\" wall-content\">L\u2019origine du sinistre : une <strong>trottinette \u00e9lectrique<\/strong>, dont la batterie a pris feu.<\/p>\n<p>Deux personnes incommod\u00e9es par les fum\u00e9es<\/p>\n<p class=\" wall-content\">Par mesure de pr\u00e9caution, les habitants de l\u2019immeuble \u2013 <strong>environ 150 personnes<\/strong> \u2013 ont \u00e9t\u00e9 \u00e9vacu\u00e9s, selon la Direction interd\u00e9partementale de la police nationale de l\u2019Is\u00e8re.<\/p>\n<p class=\" wall-content\">Sur place, les pompiers proc\u00e8dent aux constatations d\u2019usage, le feu ayant \u00e9t\u00e9 \u00e9teint avant leur arriv\u00e9e. Deux personnes ont \u00e9t\u00e9 incommod\u00e9es par les fum\u00e9es, un enfant de 8 ans et une femme \u00e2g\u00e9e, et ont \u00e9t\u00e9 \u00e9vacu\u00e9s \u00e0 l\u2019h\u00f4pital par pr\u00e9caution.<\/p>\n<p class=\" wall-content\">Les occupants du logement touch\u00e9s ont \u00e9t\u00e9 relog\u00e9s dans la famille.<\/p>\n<p>Circulation coup\u00e9e sur le secteur<\/p>\n<p class=\" wall-content\">Le temps de l\u2019intervention des secours et de l\u2019\u00e9vacuation, l\u2019avenue Rhin et Danube a d\u00fb \u00eatre <strong>coup\u00e9e momentan\u00e9ment \u00e0 la circulation<\/strong>.<\/p>\n<p class=\" wall-content\">Les <a href=\"https:\/\/actu.fr\/auvergne-rhone-alpes\/grenoble_38185\/grenoble-travaux-en-cours-sur-les-voies-de-tram-des-perturbations-attendues-jusqu-en-aout_62942094.html\" target=\"_blank\" rel=\"noopener\">transports en commun<\/a> ont \u00e9galement \u00e9t\u00e9 stopp\u00e9s un temps dans le quartier par mesure de s\u00e9curit\u00e9.<\/p>\n<p class=\" wall-content\">Suivez toute l\u2019actualit\u00e9 de vos villes et m\u00e9dias favoris en vous inscrivant \u00e0 <a href=\"https:\/\/moncompte.actu.fr\" title=\"D\u00e9couvez Mon Actu\" rel=\"nofollow noopener\" data-trk=\"{&quot;cta&quot;:{&quot;action&quot;:&quot;https:\\\/\\\/moncompte.actu.fr&quot;,&quot;category&quot;:&quot;mon compte&quot;,&quot;from&quot;:&quot;article footer&quot;,&quot;name&quot;:&quot;Mon actu&quot;,&quot;type&quot;:&quot;cta&quot;}}\" target=\"_blank\">Mon Actu<\/a>.<\/p>\n","protected":false},"excerpt":{"rendered":"Par Lisa Rodrigues Publi\u00e9 le 7 ao\u00fbt 2025 \u00e0 10h02 Plus de peur que de mal. Mercredi 6&hellip;\n","protected":false},"author":2,"featured_media":302323,"comment_status":"","ping_status":"","sticky":false,"template":"","format":"standard","meta":{"footnotes":""},"categories":[9566],"tags":[1111,11,2430,1777,674,118,1011,27,2731,1310,12,1311,25,6960],"class_list":{"0":"post-302322","1":"post","2":"type-post","3":"status-publish","4":"format-standard","5":"has-post-thumbnail","7":"category-grenoble","8":"tag-actu","9":"tag-actualites","10":"tag-auvergne-rhone-alpes","11":"tag-eu","12":"tag-europe","13":"tag-faits-divers","14":"tag-fr","15":"tag-france","16":"tag-grenoble","17":"tag-incendie","18":"tag-news","19":"tag-pompiers","20":"tag-republique-francaise","21":"tag-trottinette-electrique"},"share_on_mastodon":{"url":"https:\/\/pubeurope.com\/@fr\/114986582281286808","error":""},"_links":{"self":[{"href":"https:\/\/www.europesays.com\/fr\/wp-json\/wp\/v2\/posts\/302322","targetHints":{"allow":["GET"]}}],"collection":[{"href":"https:\/\/www.europesays.com\/fr\/wp-json\/wp\/v2\/posts"}],"about":[{"href":"https:\/\/www.europesays.com\/fr\/wp-json\/wp\/v2\/types\/post"}],"author":[{"embeddable":true,"href":"https:\/\/www.europesays.com\/fr\/wp-json\/wp\/v2\/users\/2"}],"replies":[{"embeddable":true,"href":"https:\/\/www.europesays.com\/fr\/wp-json\/wp\/v2\/comments?post=302322"}],"version-history":[{"count":0,"href":"https:\/\/www.europesays.com\/fr\/wp-json\/wp\/v2\/posts\/302322\/revisions"}],"wp:featuredmedia":[{"embeddable":true,"href":"https:\/\/www.europesays.com\/fr\/wp-json\/wp\/v2\/media\/302323"}],"wp:attachment":[{"href":"https:\/\/www.europesays.com\/fr\/wp-json\/wp\/v2\/media?parent=302322"}],"wp:term":[{"taxonomy":"category","embeddable":true,"href":"https:\/\/www.europesays.com\/fr\/wp-json\/wp\/v2\/categories?post=302322"},{"taxonomy":"post_tag","embeddable":true,"href":"https:\/\/www.europesays.com\/fr\/wp-json\/wp\/v2\/tags?post=302322"}],"curies":[{"name":"wp","href":"https:\/\/api.w.org\/{rel}","templated":true}]}}