{"id":302324,"date":"2025-08-07T08:39:10","date_gmt":"2025-08-07T08:39:10","guid":{"rendered":"https:\/\/www.europesays.com\/fr\/302324\/"},"modified":"2025-08-07T08:39:10","modified_gmt":"2025-08-07T08:39:10","slug":"la-batterie-dune-trottinette-prend-feu-pres-de-150-personnes-evacuees-dun-immeuble-a-grenoble","status":"publish","type":"post","link":"https:\/\/www.europesays.com\/fr\/302324\/","title":{"rendered":"La batterie d&rsquo;une trottinette prend feu, pr\u00e8s de 150 personnes \u00e9vacu\u00e9es d&rsquo;un immeuble \u00e0 Grenoble"},"content":{"rendered":"<p>Pr\u00e8s de 150 personnes ont \u00e9t\u00e9 \u00e9vacu\u00e9es d&rsquo;un immeuble de 17 \u00e9tage mercredi soir \u00e0 Grenoble suite \u00e0 un incendie. La batterie d&rsquo;une trottinette a pris feu dans un des appartements. <\/p>\n<p>Les pompiers et la police ont <strong>\u00e9vacu\u00e9 pr\u00e8s de 150 personnes d&rsquo;un immeuble<\/strong> de l&rsquo;avenue Rhin et Danube \u00e0 Grenoble, mercredi 6 ao\u00fbt. La batterie d&rsquo;une trottinette a pris feu vers 21H dans un appartement du 8e \u00e9tage de cette r\u00e9sidence qui en compte 17.<\/p>\n<p>Les <strong>flammes se sont propag\u00e9es \u00e0 l&rsquo;ensemble du logement<\/strong> qui est inhabitable. Le locataire sera relog\u00e9 par sa famille indique la police. Un enfant de 8 ans et une femme \u00e2g\u00e9e ont \u00e9t\u00e9 transport\u00e9 \u00e0 l&rsquo;h\u00f4pital, incommod\u00e9s par les fum\u00e9es pendant l&rsquo;\u00e9vacuation.<\/p>\n","protected":false},"excerpt":{"rendered":"Pr\u00e8s de 150 personnes ont \u00e9t\u00e9 \u00e9vacu\u00e9es d&rsquo;un immeuble de 17 \u00e9tage mercredi soir \u00e0 Grenoble suite \u00e0&hellip;\n","protected":false},"author":2,"featured_media":302325,"comment_status":"","ping_status":"","sticky":false,"template":"","format":"standard","meta":{"footnotes":""},"categories":[9566],"tags":[1111,11,2430,1777,674,1011,27,2731,12,25],"class_list":{"0":"post-302324","1":"post","2":"type-post","3":"status-publish","4":"format-standard","5":"has-post-thumbnail","7":"category-grenoble","8":"tag-actu","9":"tag-actualites","10":"tag-auvergne-rhone-alpes","11":"tag-eu","12":"tag-europe","13":"tag-fr","14":"tag-france","15":"tag-grenoble","16":"tag-news","17":"tag-republique-francaise"},"share_on_mastodon":{"url":"https:\/\/pubeurope.com\/@fr\/114986586140947669","error":""},"_links":{"self":[{"href":"https:\/\/www.europesays.com\/fr\/wp-json\/wp\/v2\/posts\/302324","targetHints":{"allow":["GET"]}}],"collection":[{"href":"https:\/\/www.europesays.com\/fr\/wp-json\/wp\/v2\/posts"}],"about":[{"href":"https:\/\/www.europesays.com\/fr\/wp-json\/wp\/v2\/types\/post"}],"author":[{"embeddable":true,"href":"https:\/\/www.europesays.com\/fr\/wp-json\/wp\/v2\/users\/2"}],"replies":[{"embeddable":true,"href":"https:\/\/www.europesays.com\/fr\/wp-json\/wp\/v2\/comments?post=302324"}],"version-history":[{"count":0,"href":"https:\/\/www.europesays.com\/fr\/wp-json\/wp\/v2\/posts\/302324\/revisions"}],"wp:featuredmedia":[{"embeddable":true,"href":"https:\/\/www.europesays.com\/fr\/wp-json\/wp\/v2\/media\/302325"}],"wp:attachment":[{"href":"https:\/\/www.europesays.com\/fr\/wp-json\/wp\/v2\/media?parent=302324"}],"wp:term":[{"taxonomy":"category","embeddable":true,"href":"https:\/\/www.europesays.com\/fr\/wp-json\/wp\/v2\/categories?post=302324"},{"taxonomy":"post_tag","embeddable":true,"href":"https:\/\/www.europesays.com\/fr\/wp-json\/wp\/v2\/tags?post=302324"}],"curies":[{"name":"wp","href":"https:\/\/api.w.org\/{rel}","templated":true}]}}