{"id":302326,"date":"2025-08-07T08:40:11","date_gmt":"2025-08-07T08:40:11","guid":{"rendered":"https:\/\/www.europesays.com\/fr\/302326\/"},"modified":"2025-08-07T08:40:11","modified_gmt":"2025-08-07T08:40:11","slug":"une-detenue-soupconnee-de-terrorisme-condamnee-pour-violence-a-la-prison-de-rennes","status":"publish","type":"post","link":"https:\/\/www.europesays.com\/fr\/302326\/","title":{"rendered":"une d\u00e9tenue \u00ab\u00a0soup\u00e7onn\u00e9e de terrorisme\u00a0\u00bb condamn\u00e9e pour violence \u00e0 la prison de Rennes"},"content":{"rendered":"<p>            Par<br \/>\n        <strong><br \/>\n            <a href=\"https:\/\/actu.fr\/auteur\/lou-batteux\" title=\"Consulter tous les articles de Lou Batteux\" target=\"_blank\" rel=\"noopener\">Lou Batteux<\/a><br \/>\n        <\/strong><\/p>\n<p>        Publi\u00e9 le<\/p>\n<p>            7 ao\u00fbt 2025 \u00e0 10h25        <\/p>\n<p>Apr\u00e8s avoir <strong>\u00ab\u2009violent\u00e9, menac\u00e9 de mort et outrag\u00e9 trois agents p\u00e9nitentiaires\u2009\u00bb de la prison des femmes de Rennes<\/strong>, une jeune d\u00e9tenue, qui s\u2019appr\u00eate \u00e0 f\u00eater ses 31 ans, a \u00e9t\u00e9 condamn\u00e9e en comparution imm\u00e9diate, <strong>mercredi 30 juillet 2025<\/strong>. Cette femme, originaire du Loiret, est mise en examen depuis le 27 janvier 2023 pour <strong>\u00ab\u2009association de malfaiteurs terroriste\u2009\u00bb<\/strong>, \u00e0 Paris et plac\u00e9e en d\u00e9tention provisoire.<\/p>\n<p class=\" wall-content\">En d\u00e9cembre 2024, Felvic a \u00e9t\u00e9 <strong>transf\u00e9r\u00e9e \u00e0 la prison des femmes de Rennes,<\/strong> o\u00f9 elle est toujours d\u00e9tenue provisoirement. Si au d\u00e9but, \u00ab\u2009tout se passait bien\u2009\u00bb, selon l\u2019administration p\u00e9nitentiaire, la jeune trentenaire aurait par la suite instaur\u00e9 <strong>\u00ab\u2009une ambiance terrifiante\u2009\u00bb<\/strong> pour ses cod\u00e9tenues et le personnel p\u00e9nitentiaire. Son comportement s\u2019est \u00ab\u00a0d\u00e9grad\u00e9 en quelques jours\u00a0\u00bb et a \u00e9t\u00e9 \u00ab\u00a0d\u00e9nonc\u00e9\u00a0\u00bb au parquet de Rennes.<\/p>\n<p>Des menaces de mort<\/p>\n<p class=\" wall-content\">Durant le mois de mai 2025, Felvic, m\u00e8re d\u2019un enfant, a \u00e9t\u00e9 \u00e0 l\u2019origine de \u00ab\u2009plusieurs incidents\u2009\u00bb, pour lesquels elle a donc \u00e9t\u00e9 renvoy\u00e9e en comparution imm\u00e9diate devant le tribunal de Rennes. Elle <strong>mena\u00e7ait, par la fen\u00eatre, ses cod\u00e9tenues de<\/strong>\u00a0<strong>les \u00ab\u2009massacrer\u2009\u00bb ou de les \u00ab\u2009\u00e9gorger\u2009\u00bb <\/strong>et prof\u00e9rait des<strong> insultes et des menaces de mort<\/strong> envers ses surveillants. \u00ab\u2009Je vais te faire cramer par Daech, au nom d\u2019Allah, je ne vais pas vous louper\u2009\u00bb, a-t-elle notamment clam\u00e9, bien qu\u2019elle \u00ab\u2009conteste\u2009\u00bb avoir tenu de tels propos.<\/p>\n<p class=\" wall-content\">Ce comportement, qui s\u2019accompagnait de <strong>gestes violents<\/strong>, a conduit l\u2019administration p\u00e9nitentiaire \u00e0 lui <strong>interdire \u00ab\u2009l\u2019acc\u00e8s aux ateliers collectifs\u2009\u00bb<\/strong>, a d\u00e9taill\u00e9 la pr\u00e9sidente du tribunal lors de l\u2019audience publique.<\/p>\n<p class=\" wall-content\">Un jour, elle avait par ailleurs port\u00e9 <strong>\u00ab\u2009un coup de coude\u2009\u00bb au visage d\u2019un agent<\/strong> qu\u2019elle accusait d\u2019avoir voulu \u00ab\u2009la baiser\u2009\u00bb. Alors qu\u2019il l\u2019emmenait au quartier disciplinaire, elle se \u00ab\u2009d\u00e9battait\u2009\u00bb en lui \u00ab\u2009donnant des coups de pied\u2009\u00bb. Suite \u00e0 ces multiples incidents, la jeune femme a \u00e9t\u00e9 sanctionn\u00e9e de <strong>\u00ab\u2009trente jours de cellule disciplinaire\u2009\u00bb<\/strong>.<\/p>\n<p>\u00ab\u00a0J\u2019\u00e9tais sur les nerfs\u00a0\u00bb<\/p>\n<p class=\" wall-content\">Lorsqu\u2019elle a \u00e9t\u00e9 entendue une premi\u00e8re fois sur ces faits le 10 juin 2025, la pr\u00e9venue a estim\u00e9 qu\u2019elle n\u2019avait \u00ab\u2009pas l\u2019impression de d\u00e9ranger lors de sa d\u00e9tention\u2009\u00bb. Selon elle, les insultes et les menaces qu\u2019elle proclamait \u00e0 travers la fen\u00eatre auraient \u00e9t\u00e9<strong> formul\u00e9es pour \u00ab\u2009ext\u00e9rioriser\u2009\u00bb<\/strong>, car il s\u2019agissait d\u2019une \u00ab\u2009p\u00e9riode o\u00f9 elle n\u2019allait pas tr\u00e8s bien\u2009\u00bb et o\u00f9 elle \u00ab\u2009\u00e9tait sur les nerfs.\u2009\u00bb<\/p>\n<p class=\" wall-content\">Selon la procureure de la R\u00e9publique, <strong>les propos de Felvic sont \u00ab\u2009loin d\u2019\u00eatre anodins<\/strong>, notamment quand on les met en parall\u00e8le avec la mise en examen dont elle fait l\u2019objet\u2009\u00bb. Depuis le 27 janvier 2023,\u00a0<strong>Felvic et trois autres femmes\u00a0<\/strong>sont en effet mises en examen pour \u00ab\u2009association de malfaiteurs terroriste\u2009\u00bb.<\/p>\n<p class=\" wall-content\">L\u2019<b>ex-compagnon<\/b>\u00a0de Felvic, et le p\u00e8re de son enfant, a quant \u00e0 lui <strong>disparu en \u00ab\u2009zone syro-irakienne\u2009\u00bb.<\/strong><\/p>\n<p class=\" wall-content\">Pour rappel, fin janvier\u00a02023,\u00a0<strong>15 femmes et 32\u00a0enfants proches de l\u2019organisation de l\u2019\u00c9tat islamique<\/strong>, aussi appel\u00e9 Daech, avaient \u00e9t\u00e9 rapatri\u00e9s en France.<\/p>\n<p>Six mois de prison et 300 euros d\u2019amende<\/p>\n<p class=\" wall-content\">En ce qui concerne les faits d\u2019outrage et de menaces envers les agents p\u00e9nitentiaires, la procureure a consid\u00e9r\u00e9 qu\u2019il \u00e9tait <strong>\u00ab\u2009insupportable\u2009\u00bb<\/strong> de se trouver en d\u00e9tention lorsque le <strong>\u00ab\u2009climat est d\u00e9t\u00e9rior\u00e9 par des insultes envers les agents\u2009\u00bb<\/strong> alors que ceux-ci font d\u00e9j\u00e0 <strong>\u00ab\u2009un travail compliqu\u00e9\u2009\u00bb<\/strong>.<\/p>\n<p class=\" wall-content\">Felvic, qui a refus\u00e9 d\u2019\u00eatre assist\u00e9e par un avocat lors de cette audience, a simplement soulign\u00e9 qu\u2019elle avait <strong>d\u00e9j\u00e0 \u00ab\u2009\u00e9t\u00e9 sanctionn\u00e9e\u2009\u00bb<\/strong> en passant un mois au quartier disciplinaire.<\/p>\n<p class=\" wall-content\">Finalement, les juges l\u2019ont condamn\u00e9e \u00e0 <strong>six mois de prison<\/strong> avec mandat de d\u00e9p\u00f4t. La pr\u00e9venue doit \u00e9galement verser <strong>300\u00a0euros \u00e0 une agente<\/strong> en r\u00e9paration de ses pr\u00e9judices.<\/p>\n<p class=\" wall-content\"><strong>LBe et CB (PressPepper)<\/strong><\/p>\n<p class=\" wall-content\">Suivez toute l\u2019actualit\u00e9 de vos villes et m\u00e9dias favoris en vous inscrivant \u00e0 <a href=\"https:\/\/moncompte.actu.fr\" title=\"D\u00e9couvez Mon Actu\" rel=\"nofollow noopener\" data-trk=\"{&quot;cta&quot;:{&quot;action&quot;:&quot;https:\\\/\\\/moncompte.actu.fr&quot;,&quot;category&quot;:&quot;mon compte&quot;,&quot;from&quot;:&quot;article footer&quot;,&quot;name&quot;:&quot;Mon actu&quot;,&quot;type&quot;:&quot;cta&quot;}}\" target=\"_blank\">Mon Actu<\/a>.<\/p>\n","protected":false},"excerpt":{"rendered":"Par Lou Batteux Publi\u00e9 le 7 ao\u00fbt 2025 \u00e0 10h25 Apr\u00e8s avoir \u00ab\u2009violent\u00e9, menac\u00e9 de mort et outrag\u00e9&hellip;\n","protected":false},"author":2,"featured_media":302327,"comment_status":"","ping_status":"","sticky":false,"template":"","format":"standard","meta":{"footnotes":""},"categories":[2821],"tags":[1111,11,829,1777,674,118,1011,27,303,12,899,584,25,1254],"class_list":{"0":"post-302326","1":"post","2":"type-post","3":"status-publish","4":"format-standard","5":"has-post-thumbnail","7":"category-rennes","8":"tag-actu","9":"tag-actualites","10":"tag-bretagne","11":"tag-eu","12":"tag-europe","13":"tag-faits-divers","14":"tag-fr","15":"tag-france","16":"tag-justice","17":"tag-news","18":"tag-prisons","19":"tag-rennes","20":"tag-republique-francaise","21":"tag-terrorisme"},"share_on_mastodon":{"url":"https:\/\/pubeurope.com\/@fr\/114986590121400587","error":""},"_links":{"self":[{"href":"https:\/\/www.europesays.com\/fr\/wp-json\/wp\/v2\/posts\/302326","targetHints":{"allow":["GET"]}}],"collection":[{"href":"https:\/\/www.europesays.com\/fr\/wp-json\/wp\/v2\/posts"}],"about":[{"href":"https:\/\/www.europesays.com\/fr\/wp-json\/wp\/v2\/types\/post"}],"author":[{"embeddable":true,"href":"https:\/\/www.europesays.com\/fr\/wp-json\/wp\/v2\/users\/2"}],"replies":[{"embeddable":true,"href":"https:\/\/www.europesays.com\/fr\/wp-json\/wp\/v2\/comments?post=302326"}],"version-history":[{"count":0,"href":"https:\/\/www.europesays.com\/fr\/wp-json\/wp\/v2\/posts\/302326\/revisions"}],"wp:featuredmedia":[{"embeddable":true,"href":"https:\/\/www.europesays.com\/fr\/wp-json\/wp\/v2\/media\/302327"}],"wp:attachment":[{"href":"https:\/\/www.europesays.com\/fr\/wp-json\/wp\/v2\/media?parent=302326"}],"wp:term":[{"taxonomy":"category","embeddable":true,"href":"https:\/\/www.europesays.com\/fr\/wp-json\/wp\/v2\/categories?post=302326"},{"taxonomy":"post_tag","embeddable":true,"href":"https:\/\/www.europesays.com\/fr\/wp-json\/wp\/v2\/tags?post=302326"}],"curies":[{"name":"wp","href":"https:\/\/api.w.org\/{rel}","templated":true}]}}