{"id":302328,"date":"2025-08-07T08:41:12","date_gmt":"2025-08-07T08:41:12","guid":{"rendered":"https:\/\/www.europesays.com\/fr\/302328\/"},"modified":"2025-08-07T08:41:12","modified_gmt":"2025-08-07T08:41:12","slug":"encore-un-depart-orchestre-par-desire-avant-le-choc-face-a-lom","status":"publish","type":"post","link":"https:\/\/www.europesays.com\/fr\/302328\/","title":{"rendered":"Encore un d\u00e9part orchestr\u00e9 par D\u00e9sir\u00e9 avant le choc face \u00e0 l&rsquo;OM"},"content":{"rendered":"<p>                                            Publi\u00e9 le 07\/08\/2025 \u00e0 10h01<br \/>\n                                                                                3 minutes de lecture\n                                                                    <\/p>\n<p>Le mercato estival r\u00e9serve parfois des surprises, et le cas de <strong>Carlos Andres Gomez<\/strong> en est un parfait exemple. Arriv\u00e9 il y a tout juste douze mois dans le club breton en provenance du <strong>Real Salt Lake City<\/strong>, l\u00a0\u00bbailier colombien de <strong>22 ans<\/strong> s&rsquo;appr\u00eate d\u00e9j\u00e0 \u00e0 tourner la page rennaise. Son aventure en Ligue 1, qui avait pourtant suscit\u00e9 de nombreux espoirs lors de son arriv\u00e9e, n&rsquo;aura finalement pas r\u00e9pondu aux attentes plac\u00e9es en lui. Les dirigeants du Stade Rennais, qui avaient investi massivement sur ce jeune talent sud-am\u00e9ricain, se voient contraints d&rsquo;accepter un d\u00e9part pr\u00e9matur\u00e9. Cette situation illustre parfaitement les difficult\u00e9s d&rsquo;adaptation que peuvent rencontrer certains joueurs \u00e9voluant dans un championnat europ\u00e9en exigeant comme la Ligue 1 fran\u00e7aise.<\/p>\n<p>                                <img decoding=\"async\" src=\"https:\/\/www.europesays.com\/fr\/wp-content\/uploads\/2025\/04\/1744123449_543_logo.png\" alt=\"Logo\"\/><\/p>\n<p>100\u20ac offerts sur ton 1er pari !<\/p>\n<p>                            <a href=\"https:\/\/bit.ly\/4j5wl4k\" class=\"headband-button\" target=\"_blank\" rel=\"noopener\">J&rsquo;en profite<\/a><\/p>\n<p>                                                                <img loading=\"lazy\" decoding=\"async\" src=\"https:\/\/www.europesays.com\/fr\/wp-content\/uploads\/2025\/08\/mercato-rennes-encore-un-depart-orchestre-par-desire-avant-le-choc-face-a-l-om.jpg\" alt=\"Illustration : &quot;Mercato Rennes : Encore un d\u00e9part orchestr\u00e9 par D\u00e9sir\u00e9 avant le choc face \u00e0 l'OM&quot;\" class=\"figure-img img-fluid\" width=\"780\" height=\"478\"\/><\/p>\n<p>                                    \u00a9 Site officiel du SRFC                                 <\/p>\n<p>Un bilan statistique en demi-teinte<\/p>\n<p>Les chiffres parlent d&rsquo;eux-m\u00eames et r\u00e9v\u00e8lent les difficult\u00e9s rencontr\u00e9es par le joueur colombien durant sa saison rennaise. Avec seulement <strong>19 matches disput\u00e9s<\/strong>, dont la majorit\u00e9 en tant que rempla\u00e7ant, Carlos Andres Gomez n&rsquo;a jamais r\u00e9ussi \u00e0 s&rsquo;imposer comme un titulaire indiscutable dans le syst\u00e8me de jeu mis en place par l&rsquo;entra\u00eeneur. Ses <strong>3 buts marqu\u00e9s<\/strong> sur l&rsquo;ensemble de la saison t\u00e9moignent \u00e9galement d&rsquo;un rendement offensif insuffisant pour un joueur de son calibre et de ses ambitions. Cette production statistique modeste contraste fortement avec les esp\u00e9rances que pouvaient nourrir les supporters rennais lors de son arriv\u00e9e. L&rsquo;adaptation au football europ\u00e9en s&rsquo;est r\u00e9v\u00e9l\u00e9e plus complexe que pr\u00e9vu pour cet ailier habitu\u00e9 aux standards du championnat am\u00e9ricain. Son temps de jeu limit\u00e9 a \u00e9galement contribu\u00e9 \u00e0 freiner sa progression et son int\u00e9gration au sein de l&rsquo;effectif breton.<\/p>\n<p>Un investissement co\u00fbteux qui ne porte pas ses fruits<\/p>\n<p>L&rsquo;aspect financier de cette op\u00e9ration rend le d\u00e9part du joueur d&rsquo;autant plus pr\u00e9occupant pour les finances du club. Le <strong>Stade Rennais<\/strong> avait en effet d\u00e9bours\u00e9 la somme cons\u00e9quente de <strong>10 millions d&rsquo;euros<\/strong> pour s&rsquo;attacher les services de l&rsquo;international colombien, d\u00e9montrant ainsi la confiance accord\u00e9e \u00e0 ce profil de joueur. Cette somme repr\u00e9sentait un investissement significatif dans la politique de recrutement du club, qui misait sur le potentiel et la progression de ce jeune ailier. Cependant, le retour sur investissement s&rsquo;av\u00e8re d\u00e9cevant au regard des performances r\u00e9alis\u00e9es et du temps de jeu obtenu. Cette situation financi\u00e8re d\u00e9licate pousse naturellement les dirigeants \u00e0 envisager une solution de sortie rapide pour \u00e9viter une d\u00e9pr\u00e9ciation encore plus importante de l&rsquo;actif. Le march\u00e9 des transferts offre heureusement une opportunit\u00e9 de rebond avec l&rsquo;int\u00e9r\u00eat manifest\u00e9 par des clubs \u00e9trangers.<\/p>\n<p>Une nouvelle aventure br\u00e9silienne en perspective<\/p>\n<p>L&rsquo;avenir de Carlos Andres Gomez semble d\u00e9sormais s&rsquo;\u00e9crire du c\u00f4t\u00e9 de l&rsquo;Am\u00e9rique du Sud, plus pr\u00e9cis\u00e9ment au Br\u00e9sil. Selon les informations disponibles, <strong>Vasco da Gama<\/strong> repr\u00e9sente la destination privil\u00e9gi\u00e9e pour la suite de sa carri\u00e8re. Ce club historique du championnat br\u00e9silien pourrait offrir \u00e0 l&rsquo;ailier colombien un environnement plus favorable \u00e0 son \u00e9panouissement, notamment gr\u00e2ce \u00e0 la proximit\u00e9 culturelle et linguistique avec son pays d&rsquo;origine. Les n\u00e9gociations entre les diff\u00e9rentes parties semblent avoir abouti positivement, ouvrant la voie \u00e0 un transfert imminent. Cette opportunit\u00e9 br\u00e9silienne pourrait permettre au joueur de retrouver confiance et r\u00e9gularit\u00e9, \u00e9l\u00e9ments indispensables pour relancer une carri\u00e8re momentan\u00e9ment frein\u00e9e par son passage europ\u00e9en.<\/p>\n<p>Vendredi 15 ao\u00fbt, la Ligue 1 reprend ses droits avec un choc entre le Stade Rennais et l\u2019Olympique de Marseille au Roazhon Park. \u00c0 cette occasion, profitez de 100\u20ac offerts pour votre premi\u00e8re inscription sur Parions Sport en Ligne. <a href=\"http:\/\/bit.ly\/4hgs1yE\" target=\"_blank\" rel=\"noopener\"><strong>Une victoire du Stade Rennais devant son public face \u00e0 l\u2019OM vous rapporte jusqu\u2019\u00e0 315\u20ac !<\/strong><\/a><\/p>\n<p><strong>Pour en profiter, c\u2019est tr\u00e8s simple :<\/strong><\/p>\n<p>&#8211;              Cr\u00e9ez votre compte joueur en seulement 2 \u00e9tapes <a href=\"http:\/\/bit.ly\/4hgs1yE\" target=\"_blank\" rel=\"noopener\"><strong>ici<\/strong><\/a><\/p>\n<p>&#8211;              R\u00e9alisez votre 1er d\u00e9p\u00f4t puis placez votre 1er pari (Minimum 5\u20ac)<\/p>\n<p>&#8211;              Une fois votre 1er d\u00e9p\u00f4t et votre 1er pari r\u00e9alis\u00e9s, l\u2019int\u00e9gralit\u00e9 du montant de ce 1er pari sera cr\u00e9dit\u00e9e sur votre compte joueur dans la limite de 100\u20ac maximum et sous la forme de cr\u00e9dits de jeu non retirables. Le cr\u00e9dit s\u2019effectuera alors en une seule \u00e9tape et sous 3 jours<\/p>\n<p>Jouer comporte des risques : endettement, d\u00e9pendance\u2026 Appelez le 09 74 75 13 13 (appel non surtax\u00e9)<\/p>\n","protected":false},"excerpt":{"rendered":"Publi\u00e9 le 07\/08\/2025 \u00e0 10h01 3 minutes de lecture Le mercato estival r\u00e9serve parfois des surprises, et le&hellip;\n","protected":false},"author":2,"featured_media":302329,"comment_status":"","ping_status":"","sticky":false,"template":"","format":"standard","meta":{"footnotes":""},"categories":[2821],"tags":[1111,11,829,1777,674,1011,27,12,584,25],"class_list":{"0":"post-302328","1":"post","2":"type-post","3":"status-publish","4":"format-standard","5":"has-post-thumbnail","7":"category-rennes","8":"tag-actu","9":"tag-actualites","10":"tag-bretagne","11":"tag-eu","12":"tag-europe","13":"tag-fr","14":"tag-france","15":"tag-news","16":"tag-rennes","17":"tag-republique-francaise"},"share_on_mastodon":{"url":"https:\/\/pubeurope.com\/@fr\/114986594091575771","error":""},"_links":{"self":[{"href":"https:\/\/www.europesays.com\/fr\/wp-json\/wp\/v2\/posts\/302328","targetHints":{"allow":["GET"]}}],"collection":[{"href":"https:\/\/www.europesays.com\/fr\/wp-json\/wp\/v2\/posts"}],"about":[{"href":"https:\/\/www.europesays.com\/fr\/wp-json\/wp\/v2\/types\/post"}],"author":[{"embeddable":true,"href":"https:\/\/www.europesays.com\/fr\/wp-json\/wp\/v2\/users\/2"}],"replies":[{"embeddable":true,"href":"https:\/\/www.europesays.com\/fr\/wp-json\/wp\/v2\/comments?post=302328"}],"version-history":[{"count":0,"href":"https:\/\/www.europesays.com\/fr\/wp-json\/wp\/v2\/posts\/302328\/revisions"}],"wp:featuredmedia":[{"embeddable":true,"href":"https:\/\/www.europesays.com\/fr\/wp-json\/wp\/v2\/media\/302329"}],"wp:attachment":[{"href":"https:\/\/www.europesays.com\/fr\/wp-json\/wp\/v2\/media?parent=302328"}],"wp:term":[{"taxonomy":"category","embeddable":true,"href":"https:\/\/www.europesays.com\/fr\/wp-json\/wp\/v2\/categories?post=302328"},{"taxonomy":"post_tag","embeddable":true,"href":"https:\/\/www.europesays.com\/fr\/wp-json\/wp\/v2\/tags?post=302328"}],"curies":[{"name":"wp","href":"https:\/\/api.w.org\/{rel}","templated":true}]}}