{"id":302330,"date":"2025-08-07T08:42:11","date_gmt":"2025-08-07T08:42:11","guid":{"rendered":"https:\/\/www.europesays.com\/fr\/302330\/"},"modified":"2025-08-07T08:42:11","modified_gmt":"2025-08-07T08:42:11","slug":"un-pointeur-agresse-par-deux-autres-detenus-en-promenade","status":"publish","type":"post","link":"https:\/\/www.europesays.com\/fr\/302330\/","title":{"rendered":"un \u00ab\u00a0pointeur\u00a0\u00bb agress\u00e9 par deux autres d\u00e9tenus en promenade"},"content":{"rendered":"<p>Le 28\u00a0juin, dans la cour de promenade de la maison d\u2019arr\u00eat de Strasbourg, la rumeur a rapidement enfl\u00e9 et d\u00e9sign\u00e9 l\u2019un des d\u00e9tenus de violeur. Deux prisonniers d\u00e9cident alors de \u00ab\u00a0jouer les justiciers\u00a0\u00bb, selon l\u2019expression du procureur Alban Gesbert. \u00ab\u00a0Les gens disaient que c\u2019\u00e9tait un pointeur. \u00c7a chauffait, \u00e7a m\u2019est mont\u00e9 \u00e0 la t\u00eate. J\u2019y suis all\u00e9, je lui ai mis deux coups de pied au visage et une patate\u00a0\u00bb, relate Lo\u00efs Demokolo, 20 ans. \u00ab\u00a0Il m\u2019a regard\u00e9 en souriant, m\u2019a dit \u2018j\u2019ai frapp\u00e9 ma femme, j\u2019ai pris douze ans\u2019. \u00c7a m\u2019a choqu\u00e9. Je lui ai mis des coups, je l\u2019ai&#8230;<\/p>\n","protected":false},"excerpt":{"rendered":"Le 28\u00a0juin, dans la cour de promenade de la maison d\u2019arr\u00eat de Strasbourg, la rumeur a rapidement enfl\u00e9&hellip;\n","protected":false},"author":2,"featured_media":302331,"comment_status":"","ping_status":"","sticky":false,"template":"","format":"standard","meta":{"footnotes":""},"categories":[2820],"tags":[1111,11,2649,2880,1777,674,274,107,1011,27,775,12,25,640,2879],"class_list":{"0":"post-302330","1":"post","2":"type-post","3":"status-publish","4":"format-standard","5":"has-post-thumbnail","7":"category-strasbourg","8":"tag-actu","9":"tag-actualites","10":"tag-bas-rhin","11":"tag-edition-strasbourg","12":"tag-eu","13":"tag-europe","14":"tag-faits-divers-justice","15":"tag-fil-info","16":"tag-fr","17":"tag-france","18":"tag-grand-est","19":"tag-news","20":"tag-republique-francaise","21":"tag-strasbourg","22":"tag-strasbourg-ville"},"share_on_mastodon":{"url":"https:\/\/pubeurope.com\/@fr\/114986597979789825","error":""},"_links":{"self":[{"href":"https:\/\/www.europesays.com\/fr\/wp-json\/wp\/v2\/posts\/302330","targetHints":{"allow":["GET"]}}],"collection":[{"href":"https:\/\/www.europesays.com\/fr\/wp-json\/wp\/v2\/posts"}],"about":[{"href":"https:\/\/www.europesays.com\/fr\/wp-json\/wp\/v2\/types\/post"}],"author":[{"embeddable":true,"href":"https:\/\/www.europesays.com\/fr\/wp-json\/wp\/v2\/users\/2"}],"replies":[{"embeddable":true,"href":"https:\/\/www.europesays.com\/fr\/wp-json\/wp\/v2\/comments?post=302330"}],"version-history":[{"count":0,"href":"https:\/\/www.europesays.com\/fr\/wp-json\/wp\/v2\/posts\/302330\/revisions"}],"wp:featuredmedia":[{"embeddable":true,"href":"https:\/\/www.europesays.com\/fr\/wp-json\/wp\/v2\/media\/302331"}],"wp:attachment":[{"href":"https:\/\/www.europesays.com\/fr\/wp-json\/wp\/v2\/media?parent=302330"}],"wp:term":[{"taxonomy":"category","embeddable":true,"href":"https:\/\/www.europesays.com\/fr\/wp-json\/wp\/v2\/categories?post=302330"},{"taxonomy":"post_tag","embeddable":true,"href":"https:\/\/www.europesays.com\/fr\/wp-json\/wp\/v2\/tags?post=302330"}],"curies":[{"name":"wp","href":"https:\/\/api.w.org\/{rel}","templated":true}]}}