{"id":302332,"date":"2025-08-07T08:43:10","date_gmt":"2025-08-07T08:43:10","guid":{"rendered":"https:\/\/www.europesays.com\/fr\/302332\/"},"modified":"2025-08-07T08:43:10","modified_gmt":"2025-08-07T08:43:10","slug":"un-gros-feu-dartifice-sera-tire-non-loin-de-strasbourg-ce-samedi-ce-quil-faut-savoir","status":"publish","type":"post","link":"https:\/\/www.europesays.com\/fr\/302332\/","title":{"rendered":"Un gros feu d&rsquo;artifice sera tir\u00e9 non loin de Strasbourg ce samedi : ce qu&rsquo;il faut savoir"},"content":{"rendered":"<p>            Par<br \/>\n        <strong><br \/>\n            <a href=\"https:\/\/actu.fr\/auteur\/ivan-capecchi\" title=\"Consulter tous les articles de Ivan CAPECCHI\" target=\"_blank\" rel=\"noopener\">Ivan CAPECCHI<\/a><br \/>\n        <\/strong><\/p>\n<p>        Publi\u00e9 le<\/p>\n<p>            7 ao\u00fbt 2025 \u00e0 10h37        <\/p>\n<p>Samedi 9\u00a0ao\u00fbt, <a href=\"https:\/\/actu.fr\/grand-est\/selestat_67462\" target=\"_blank\" rel=\"noopener\">S\u00e9lestat<\/a> vivra au rythme de son traditionnel <strong>Corso Fleuri<\/strong>. Entre <strong>d\u00e9fil\u00e9s<\/strong>, <strong>musiques<\/strong> et <a href=\"https:\/\/actu.fr\/tag\/animations\" target=\"_blank\" rel=\"noopener\">animations<\/a> familiales, la ville c\u00e9l\u00e8bre cette ann\u00e9e <strong>plusieurs anniversaires marquants<\/strong>, dont les 25\u00a0ans de partenariat avec <a href=\"https:\/\/actu.fr\/insolite\/europa-park-a-nouveau-consacre-meilleur-parc-d-attraction-du-monde_53720096.html\" target=\"_blank\" rel=\"noopener\">Europa Park<\/a> et les <strong>50\u00a0ans du parc de loisirs<\/strong>.<\/p>\n<p>D\u00e9fil\u00e9 de chars, notamment aux couleurs d\u2019Europa Park<\/p>\n<p class=\" wall-content\"><strong>Douze chars<\/strong> orn\u00e9s de milliers de dahlias d\u00e9fileront dans les rues \u00e0 18\u2009h pour le cort\u00e8ge de jour, puis \u00e0 22\u2009h pour celui de nuit.<\/p>\n<p class=\" wall-content\">Chaque passage mettra \u00e0 l\u2019honneur les <a href=\"https:\/\/actu.fr\/loisirs-culture\/europa-park-cette-attraction-emblematique-va-se-transformer-dans-les-annees-a-venir-ce-que-l-on-sait_62953743.html\" target=\"_blank\" rel=\"noopener\">attractions embl\u00e9matiques du parc allemand<\/a> et les liens tiss\u00e9s au fil du temps avec la cit\u00e9 alsacienne.<\/p>\n<p>Un feu d\u2019artifice tir\u00e9 au niveau du lac de canotage<\/p>\n<p class=\" wall-content\">Pour cl\u00f4turer cette journ\u00e9e de f\u00eate, <strong>un feu d\u2019artifice sera tir\u00e9 \u00e0 minuit au niveau du lac de canotage<\/strong>.<\/p>\n<p class=\" wall-content\">L\u2019acc\u00e8s \u00e0 l\u2019\u00e9v\u00e9nement est <strong>gratuit<\/strong>, avec possibilit\u00e9 de places assises payantes en tribune.<\/p>\n<p class=\" wall-content\">Les festivit\u00e9s se prolongeront dimanche 10\u00a0ao\u00fbt avec <strong>l\u2019exposition des chars et des animations folkloriques en centre-ville<\/strong>.<\/p>\n<p class=\" wall-content\">Suivez toute l\u2019actualit\u00e9 de vos villes et m\u00e9dias favoris en vous inscrivant \u00e0 <a href=\"https:\/\/moncompte.actu.fr\" title=\"D\u00e9couvez Mon Actu\" rel=\"nofollow noopener\" data-trk=\"{&quot;cta&quot;:{&quot;action&quot;:&quot;https:\\\/\\\/moncompte.actu.fr&quot;,&quot;category&quot;:&quot;mon compte&quot;,&quot;from&quot;:&quot;article footer&quot;,&quot;name&quot;:&quot;Mon actu&quot;,&quot;type&quot;:&quot;cta&quot;}}\" target=\"_blank\">Mon Actu<\/a>.<\/p>\n","protected":false},"excerpt":{"rendered":"Par Ivan CAPECCHI Publi\u00e9 le 7 ao\u00fbt 2025 \u00e0 10h37 Samedi 9\u00a0ao\u00fbt, S\u00e9lestat vivra au rythme de son&hellip;\n","protected":false},"author":2,"featured_media":302333,"comment_status":"","ping_status":"","sticky":false,"template":"","format":"standard","meta":{"footnotes":""},"categories":[2820],"tags":[1111,11,1063,1777,44252,674,1011,27,775,1652,12,25,640],"class_list":{"0":"post-302332","1":"post","2":"type-post","3":"status-publish","4":"format-standard","5":"has-post-thumbnail","7":"category-strasbourg","8":"tag-actu","9":"tag-actualites","10":"tag-animations","11":"tag-eu","12":"tag-europa-park","13":"tag-europe","14":"tag-fr","15":"tag-france","16":"tag-grand-est","17":"tag-loisirs-culture","18":"tag-news","19":"tag-republique-francaise","20":"tag-strasbourg"},"share_on_mastodon":{"url":"https:\/\/pubeurope.com\/@fr\/114986601921474555","error":""},"_links":{"self":[{"href":"https:\/\/www.europesays.com\/fr\/wp-json\/wp\/v2\/posts\/302332","targetHints":{"allow":["GET"]}}],"collection":[{"href":"https:\/\/www.europesays.com\/fr\/wp-json\/wp\/v2\/posts"}],"about":[{"href":"https:\/\/www.europesays.com\/fr\/wp-json\/wp\/v2\/types\/post"}],"author":[{"embeddable":true,"href":"https:\/\/www.europesays.com\/fr\/wp-json\/wp\/v2\/users\/2"}],"replies":[{"embeddable":true,"href":"https:\/\/www.europesays.com\/fr\/wp-json\/wp\/v2\/comments?post=302332"}],"version-history":[{"count":0,"href":"https:\/\/www.europesays.com\/fr\/wp-json\/wp\/v2\/posts\/302332\/revisions"}],"wp:featuredmedia":[{"embeddable":true,"href":"https:\/\/www.europesays.com\/fr\/wp-json\/wp\/v2\/media\/302333"}],"wp:attachment":[{"href":"https:\/\/www.europesays.com\/fr\/wp-json\/wp\/v2\/media?parent=302332"}],"wp:term":[{"taxonomy":"category","embeddable":true,"href":"https:\/\/www.europesays.com\/fr\/wp-json\/wp\/v2\/categories?post=302332"},{"taxonomy":"post_tag","embeddable":true,"href":"https:\/\/www.europesays.com\/fr\/wp-json\/wp\/v2\/tags?post=302332"}],"curies":[{"name":"wp","href":"https:\/\/api.w.org\/{rel}","templated":true}]}}