{"id":302338,"date":"2025-08-07T08:46:21","date_gmt":"2025-08-07T08:46:21","guid":{"rendered":"https:\/\/www.europesays.com\/fr\/302338\/"},"modified":"2025-08-07T08:46:21","modified_gmt":"2025-08-07T08:46:21","slug":"on-noublie-pas-la-palestine-et-gaza-la-mobilisation-continue-dans-les-rues-de-nantes","status":"publish","type":"post","link":"https:\/\/www.europesays.com\/fr\/302338\/","title":{"rendered":"\u00ab On n\u2019oublie pas la Palestine et Gaza \u00bb : la mobilisation continue dans les rues de Nantes"},"content":{"rendered":"<p><strong>\u00ab\u00a0On est toujours l\u00e0, on n\u2019oublie pas la Palestine et Gaza\u00a0\u00bb,<\/strong> clame Jean-Paul Leconte de\u00a0la Ligue des droits de l\u2019homme de Nantes. Ce mercredi 6\u00a0ao\u00fbt, ils \u00e9taient une quarantaine \u00e0 se rassembler aux alentours de 17\u00a0h sur la place du Change. Outre la Ligue des droits de l\u2019homme, des membres\u00a0de l\u2019association France Palestine et de France Palestine solidarit\u00e9 \u00e9taient aussi pr\u00e9sents.<\/p>\n<p>Lire aussi : <a href=\"https:\/\/nantes.maville.com\/actu\/actudet_-a-nantes-pres-de-80-personnes-mettent-un-carton-rouge-aux-acteurs-du-massacre-a-gaza-_52716-6919203_actu.Htm\" target=\"_self\" rel=\"noopener\">\u00c0 Nantes, pr\u00e8s de 80 personnes mettent un carton rouge aux \u00ab acteurs du massacre \u00bb \u00e0 Gaza<\/a><\/p>\n<p>Depuis le d\u00e9but du conflit, des rassemblements ont lieu toutes les semaines. Ils se poursuivent en ao\u00fbt avec l\u2019objectif de <strong>\u00ab\u00a0toucher les passants et de les interpeller\u00a0\u00bb, <\/strong>selon Jean-Paul Leconte.<\/p>\n<p>\u00a0<\/p>\n","protected":false},"excerpt":{"rendered":"\u00ab\u00a0On est toujours l\u00e0, on n\u2019oublie pas la Palestine et Gaza\u00a0\u00bb, clame Jean-Paul Leconte de\u00a0la Ligue des droits&hellip;\n","protected":false},"author":2,"featured_media":302339,"comment_status":"","ping_status":"","sticky":false,"template":"","format":"standard","meta":{"footnotes":""},"categories":[2818],"tags":[1111,11,33487,1777,674,1011,27,665,10234,766,12,34593,3518,2636,25,16915],"class_list":{"0":"post-302338","1":"post","2":"type-post","3":"status-publish","4":"format-standard","5":"has-post-thumbnail","7":"category-nantes","8":"tag-actu","9":"tag-actualites","10":"tag-continue","11":"tag-eu","12":"tag-europe","13":"tag-fr","14":"tag-france","15":"tag-gaza","16":"tag-mobilisation","17":"tag-nantes","18":"tag-news","19":"tag-oublie","20":"tag-palestine","21":"tag-pays-de-la-loire","22":"tag-republique-francaise","23":"tag-rues"},"share_on_mastodon":{"url":"https:\/\/pubeurope.com\/@fr\/114986613778695974","error":""},"_links":{"self":[{"href":"https:\/\/www.europesays.com\/fr\/wp-json\/wp\/v2\/posts\/302338","targetHints":{"allow":["GET"]}}],"collection":[{"href":"https:\/\/www.europesays.com\/fr\/wp-json\/wp\/v2\/posts"}],"about":[{"href":"https:\/\/www.europesays.com\/fr\/wp-json\/wp\/v2\/types\/post"}],"author":[{"embeddable":true,"href":"https:\/\/www.europesays.com\/fr\/wp-json\/wp\/v2\/users\/2"}],"replies":[{"embeddable":true,"href":"https:\/\/www.europesays.com\/fr\/wp-json\/wp\/v2\/comments?post=302338"}],"version-history":[{"count":0,"href":"https:\/\/www.europesays.com\/fr\/wp-json\/wp\/v2\/posts\/302338\/revisions"}],"wp:featuredmedia":[{"embeddable":true,"href":"https:\/\/www.europesays.com\/fr\/wp-json\/wp\/v2\/media\/302339"}],"wp:attachment":[{"href":"https:\/\/www.europesays.com\/fr\/wp-json\/wp\/v2\/media?parent=302338"}],"wp:term":[{"taxonomy":"category","embeddable":true,"href":"https:\/\/www.europesays.com\/fr\/wp-json\/wp\/v2\/categories?post=302338"},{"taxonomy":"post_tag","embeddable":true,"href":"https:\/\/www.europesays.com\/fr\/wp-json\/wp\/v2\/tags?post=302338"}],"curies":[{"name":"wp","href":"https:\/\/api.w.org\/{rel}","templated":true}]}}