{"id":30234,"date":"2025-04-16T23:28:08","date_gmt":"2025-04-16T23:28:08","guid":{"rendered":"https:\/\/www.europesays.com\/fr\/30234\/"},"modified":"2025-04-16T23:28:08","modified_gmt":"2025-04-16T23:28:08","slug":"pierre-beloni-chante-vibre-et-raconte-sa-ville-de-toulon","status":"publish","type":"post","link":"https:\/\/www.europesays.com\/fr\/30234\/","title":{"rendered":"Pierre B\u00e9loni chante, vibre et raconte sa ville de Toulon"},"content":{"rendered":"<p>\u00ab\u00a0Le Faron enlace le port. Pr\u00e8s de Mayol et du ballon d\u2019or. Berc\u00e9s par les brises marines, des pointus glissent et s\u2019illuminent.\u00a0\u00bb<\/p>\n<p>La po\u00e9sie de Pierre B\u00e9loni se d\u00e9couvre dans sa derni\u00e8re composition, \u00e0 c\u0153ur ouvert sur Toulon. \u00ab\u00a0J\u2019y suis n\u00e9 m\u00eame si, aujourd\u2019hui, je travaille \u00e0 Cuers. J\u2019ai grandi \u00e0 Toulon et j\u2019ai voulu rendre hommage \u00e0 cette ville qui m\u2019a faite. J\u2019ai essay\u00e9 de citer tous les coins qui me sont chers.\u00a0\u00bb<\/p>\n<p>Il a l\u2019habitude de dire qu\u2019il est \u00ab\u00a0auteur de textes engag\u00e9s (par ses \u00e9motions)\u00a0\u00bb. Auteur et compositeur, Pierre a eu une vie professionnelle riche bien avant la chanson.<\/p>\n<p>\u00a0\u00bb J\u2019ai \u00e9t\u00e9 r\u00e9alisateur dans l\u2019audiovisuel. J\u2019ai travaill\u00e9 \u00e0 la Soci\u00e9t\u00e9 fran\u00e7aise de production SFP. Mais, depuis sept ans, je me consacre enti\u00e8rement \u00e0 la musique que je produis. Et je r\u00e9alise tous mes clips\u00a0\u00bb, explique-t-il. Il compose g\u00e9n\u00e9ralement \u00e0 la guitare mais aussi au piano. Son acolyte de toujours s\u2019appelle Aur\u00e9lien Morris. \u00ab\u00a0Il est arrangeur et nous travaillons dans une complicit\u00e9 merveilleuse depuis plusieurs ann\u00e9es.\u00a0\u00bb<\/p>\n<p>\u00ab\u00a0Croquer des \u00e9motions sans en faire trop\u00a0\u00bb<\/p>\n<p>Deux albums existent pour l\u2019instant. Le premier s\u2019appelait Souffrances et est sorti en f\u00e9vrier 2024. S\u2019y m\u00ealent des textes tr\u00e8s personnels et d\u2019autres en lien avec l\u2019actualit\u00e9. Comme Ukraine abandonn\u00e9e, un titre plus politique.<\/p>\n<p>Le nouvel album est tr\u00e8s r\u00e9cent et date du 21 mars dernier. Il s\u2019intitule C\u2019est la vie. \u00ab\u00a0Il s\u2019agit de la concr\u00e9tisation de douze m\u00e9lodies tr\u00e8s inspirantes sur le fil de la vie, le temps qui passe.\u00a0\u00bb Pierre se veut plus intime et se livre sur l\u2019amour, son enfance et&#8230; son r\u00eave am\u00e9ricain! C\u2019est sur cet album que se retrouve son hommage \u00e0 Toulon. Il y parle de Chicago, du cours Lafayette et de son attachement ind\u00e9fectible au mistral, aux caf\u00e9s toulonnais et aux paysages.<\/p>\n<p>Sur les sc\u00e8nes locales<\/p>\n<p>Pour d\u00e9fendre son album, Pierre B\u00e9loni se produit souvent dans le cadre des sc\u00e8nes ouvertes du pub Bi\u00e8res du Monde, \u00e0 La Garde. Il chante \u00e9galement au Brew Pub en offrant sur sc\u00e8ne des reprises de Claude Nougaro, Gilbert B\u00e9caud (encore un Toulonnais) et Jacques Brel.<\/p>\n<p>\u00a0\u00bb Sur les plateformes, les derni\u00e8res chansons ont d\u00e9j\u00e0 cumul\u00e9 10.000 vues, et 7.500 sur Facebook\u00a0\u00bb, se f\u00e9licite Pierre. \u00ab\u00a0J\u2019aime croquer des \u00e9motions sans en faire trop.\u00a0\u00bb L\u2019album C\u2019est la vie est propos\u00e9 \u00e0 10 euros en guise de participation.<\/p>\n<p>L\u2019artiste esp\u00e8re assurer une date cet \u00e9t\u00e9 lors des diff\u00e9rents festivals locaux. Sa musique passe all\u00e9grement du folk \u00e0 la chanson fran\u00e7aise, de tonalit\u00e9s jazzy \u00e0 un groove tr\u00e8s entra\u00eenant.<\/p>\n<p><strong>Savoir+<\/strong><\/p>\n<p>Toulon de mon enfance de Pierre B\u00e9loni. Disponible sur toutes les plateformes Internet. Rens.pierrebeloniauteurcompositeur@gmail.com ou 06. 60. 36. 98. 63.<\/p>\n","protected":false},"excerpt":{"rendered":"\u00ab\u00a0Le Faron enlace le port. Pr\u00e8s de Mayol et du ballon d\u2019or. Berc\u00e9s par les brises marines, des&hellip;\n","protected":false},"author":2,"featured_media":30235,"comment_status":"","ping_status":"","sticky":false,"template":"","format":"standard","meta":{"footnotes":""},"categories":[9619],"tags":[1111,11,1777,674,1011,27,12,882,25,2310,3366],"class_list":{"0":"post-30234","1":"post","2":"type-post","3":"status-publish","4":"format-standard","5":"has-post-thumbnail","7":"category-toulon","8":"tag-actu","9":"tag-actualites","10":"tag-eu","11":"tag-europe","12":"tag-fr","13":"tag-france","14":"tag-news","15":"tag-provence-alpes-cote-dazur","16":"tag-republique-francaise","17":"tag-toulon","18":"tag-vie-locale"},"share_on_mastodon":{"url":"https:\/\/pubeurope.com\/@fr\/114350240905504346","error":""},"_links":{"self":[{"href":"https:\/\/www.europesays.com\/fr\/wp-json\/wp\/v2\/posts\/30234","targetHints":{"allow":["GET"]}}],"collection":[{"href":"https:\/\/www.europesays.com\/fr\/wp-json\/wp\/v2\/posts"}],"about":[{"href":"https:\/\/www.europesays.com\/fr\/wp-json\/wp\/v2\/types\/post"}],"author":[{"embeddable":true,"href":"https:\/\/www.europesays.com\/fr\/wp-json\/wp\/v2\/users\/2"}],"replies":[{"embeddable":true,"href":"https:\/\/www.europesays.com\/fr\/wp-json\/wp\/v2\/comments?post=30234"}],"version-history":[{"count":0,"href":"https:\/\/www.europesays.com\/fr\/wp-json\/wp\/v2\/posts\/30234\/revisions"}],"wp:featuredmedia":[{"embeddable":true,"href":"https:\/\/www.europesays.com\/fr\/wp-json\/wp\/v2\/media\/30235"}],"wp:attachment":[{"href":"https:\/\/www.europesays.com\/fr\/wp-json\/wp\/v2\/media?parent=30234"}],"wp:term":[{"taxonomy":"category","embeddable":true,"href":"https:\/\/www.europesays.com\/fr\/wp-json\/wp\/v2\/categories?post=30234"},{"taxonomy":"post_tag","embeddable":true,"href":"https:\/\/www.europesays.com\/fr\/wp-json\/wp\/v2\/tags?post=30234"}],"curies":[{"name":"wp","href":"https:\/\/api.w.org\/{rel}","templated":true}]}}