{"id":302348,"date":"2025-08-07T08:51:10","date_gmt":"2025-08-07T08:51:10","guid":{"rendered":"https:\/\/www.europesays.com\/fr\/302348\/"},"modified":"2025-08-07T08:51:10","modified_gmt":"2025-08-07T08:51:10","slug":"toulouse-un-violent-incendie-se-declare-dans-un-appartement-des-habitants-reloges","status":"publish","type":"post","link":"https:\/\/www.europesays.com\/fr\/302348\/","title":{"rendered":"Toulouse. Un violent incendie se d\u00e9clare dans un appartement, des habitants relog\u00e9s"},"content":{"rendered":"<p>            Par<br \/>\n        <strong><br \/>\n            <a href=\"https:\/\/actu.fr\/auteur\/marie-lamarque\" title=\"Consulter tous les articles de Marie Lamarque\" target=\"_blank\" rel=\"noopener\">Marie Lamarque<\/a><br \/>\n        <\/strong><\/p>\n<p>        Publi\u00e9 le<\/p>\n<p>            7 ao\u00fbt 2025 \u00e0 8h00        <\/p>\n<p>Mobilis\u00e9s dans la soir\u00e9e de ce mercredi 6 ao\u00fbt 2025, les pompiers ont fait face \u00e0 <strong>un violent incendie<\/strong> qui s\u2019\u00e9tait d\u00e9clar\u00e9 dans un appartement situ\u00e9 au rez-de-chauss\u00e9e d\u2019un immeuble situ\u00e9 rue Fran\u00e7ois-Villon, dans le quartier La Vache <a href=\"https:\/\/actu.fr\/toulouse\/\" target=\"_blank\" rel=\"noopener\">\u00e0 Toulouse<\/a>. Des habitants ont d\u00fb \u00eatre relog\u00e9s.<\/p>\n<p>    <a href=\"https:\/\/www.google.com\/maps\/embed?pb=!1m18!1m12!1m3!1d2887.738994631253!2d1.4329452774226976!3d43.63279107110304!2m3!1f0!2f0!3f0!3m2!1i1024!2i768!4f13.1!3m3!1m2!1s0x12aea4adcc2d1b49%3A0xfc22e30ed164848f!2sRue%20Fran%C3%A7ois%20Villon%2C%2031200%20Toulouse!5e0!3m2!1sfr!2sfr!4v1754545528175!5m2!1sfr!2sfr\" title=\"Ouvrie le lien\" target=\"_blank\" rel=\"noopener\">Cliquez ici pour visualiser le contenu<\/a><\/p>\n<p>60 m\u00b2 touch\u00e9s par le feu<\/p>\n<p class=\" wall-content\">Les pompiers ont \u00e9t\u00e9 mobilis\u00e9s aux alentours de 21h. Environ<strong> 60 m\u00b2 avaient d\u00e9j\u00e0 \u00e9t\u00e9 atteints par le feu<\/strong>.<\/p>\n<p class=\" wall-content\">Avec l\u2019aide d\u2019une lance \u00e0 eau, l\u2019incendie a n\u00e9anmoins pu \u00eatre \u00ab\u00a0rapidement ma\u00eetris\u00e9\u00a0\u00bb, informe le Service d\u00e9partemental d\u2019incendie et de secours (SDIS) de la Haute-Garonne. Les flammes ne se sont pas propag\u00e9es au reste de l\u2019immeuble qui s\u2019\u00e9l\u00e8ve sur deux \u00e9tages.<\/p>\n<p>Deux personnes relog\u00e9es<\/p>\n<p class=\" wall-content\">Les secours ont ensuite effectu\u00e9 des op\u00e9rations de reconnaissance et de ventilation. <strong>Sept personnes, incommod\u00e9es par les fum\u00e9es, ont \u00e9t\u00e9 prises en charge<\/strong>. <strong>Deux habitants ont d\u00fb \u00eatre relog\u00e9s<\/strong> par les services de la mairie.<\/p>\n<p>Vid\u00e9os : en ce moment sur Actu<\/p>\n<p class=\" wall-content\">Suivez toute l\u2019actualit\u00e9 de vos villes et m\u00e9dias favoris en vous inscrivant \u00e0 <a href=\"https:\/\/moncompte.actu.fr\" title=\"D\u00e9couvez Mon Actu\" rel=\"nofollow noopener\" data-trk=\"{&quot;cta&quot;:{&quot;action&quot;:&quot;https:\\\/\\\/moncompte.actu.fr&quot;,&quot;category&quot;:&quot;mon compte&quot;,&quot;from&quot;:&quot;article footer&quot;,&quot;name&quot;:&quot;Mon actu&quot;,&quot;type&quot;:&quot;cta&quot;}}\" target=\"_blank\">Mon Actu<\/a>.<\/p>\n","protected":false},"excerpt":{"rendered":"Par Marie Lamarque Publi\u00e9 le 7 ao\u00fbt 2025 \u00e0 8h00 Mobilis\u00e9s dans la soir\u00e9e de ce mercredi 6&hellip;\n","protected":false},"author":2,"featured_media":302349,"comment_status":"","ping_status":"","sticky":false,"template":"","format":"standard","meta":{"footnotes":""},"categories":[2816],"tags":[1111,11,1777,674,118,1011,27,1310,12,2680,1311,25,2312],"class_list":{"0":"post-302348","1":"post","2":"type-post","3":"status-publish","4":"format-standard","5":"has-post-thumbnail","7":"category-toulouse","8":"tag-actu","9":"tag-actualites","10":"tag-eu","11":"tag-europe","12":"tag-faits-divers","13":"tag-fr","14":"tag-france","15":"tag-incendie","16":"tag-news","17":"tag-occitanie","18":"tag-pompiers","19":"tag-republique-francaise","20":"tag-toulouse"},"share_on_mastodon":{"url":"https:\/\/pubeurope.com\/@fr\/114986633366845253","error":""},"_links":{"self":[{"href":"https:\/\/www.europesays.com\/fr\/wp-json\/wp\/v2\/posts\/302348","targetHints":{"allow":["GET"]}}],"collection":[{"href":"https:\/\/www.europesays.com\/fr\/wp-json\/wp\/v2\/posts"}],"about":[{"href":"https:\/\/www.europesays.com\/fr\/wp-json\/wp\/v2\/types\/post"}],"author":[{"embeddable":true,"href":"https:\/\/www.europesays.com\/fr\/wp-json\/wp\/v2\/users\/2"}],"replies":[{"embeddable":true,"href":"https:\/\/www.europesays.com\/fr\/wp-json\/wp\/v2\/comments?post=302348"}],"version-history":[{"count":0,"href":"https:\/\/www.europesays.com\/fr\/wp-json\/wp\/v2\/posts\/302348\/revisions"}],"wp:featuredmedia":[{"embeddable":true,"href":"https:\/\/www.europesays.com\/fr\/wp-json\/wp\/v2\/media\/302349"}],"wp:attachment":[{"href":"https:\/\/www.europesays.com\/fr\/wp-json\/wp\/v2\/media?parent=302348"}],"wp:term":[{"taxonomy":"category","embeddable":true,"href":"https:\/\/www.europesays.com\/fr\/wp-json\/wp\/v2\/categories?post=302348"},{"taxonomy":"post_tag","embeddable":true,"href":"https:\/\/www.europesays.com\/fr\/wp-json\/wp\/v2\/tags?post=302348"}],"curies":[{"name":"wp","href":"https:\/\/api.w.org\/{rel}","templated":true}]}}